{"id":118496,"date":"2026-01-16T17:15:16","date_gmt":"2026-01-16T23:15:16","guid":{"rendered":"https:\/\/www.noticiasperfil.com\/index\/?p=118496"},"modified":"2026-01-16T17:15:18","modified_gmt":"2026-01-16T23:15:18","slug":"trabajando-coordinados-en-favor-de-la-educacion-somos-capaz-de-resolver-alcalde-rafa-fararoni","status":"publish","type":"post","link":"https:\/\/www.noticiasperfil.com\/index\/2026\/01\/16\/trabajando-coordinados-en-favor-de-la-educacion-somos-capaz-de-resolver-alcalde-rafa-fararoni\/","title":{"rendered":"Trabajando coordinados en favor de la educaci\u00f3n somos \u00abCapaz de Resolver\u00bb: Alcalde Rafa Fararoni\u00a0"},"content":{"rendered":"\n<figure class=\"wp-block-gallery has-nested-images columns-default is-cropped wp-block-gallery-1 is-layout-flex wp-block-gallery-is-layout-flex\">\n<figure class=\"wp-block-image size-large\"><img loading=\"lazy\" decoding=\"async\" width=\"1600\" height=\"1066\" data-attachment-id=\"118501\" data-permalink=\"https:\/\/www.noticiasperfil.com\/index\/2026\/01\/16\/trabajando-coordinados-en-favor-de-la-educacion-somos-capaz-de-resolver-alcalde-rafa-fararoni\/capaz-resolver-alcalde-rafa-fararoni-05\/\" data-orig-file=\"https:\/\/i2.wp.com\/www.noticiasperfil.com\/index\/wp-content\/uploads\/2026\/01\/capaz-resolver-alcalde-rafa-fararoni-05.jpg?fit=1600%2C1066&amp;ssl=1\" data-orig-size=\"1600,1066\" data-comments-opened=\"1\" data-image-meta=\"{&quot;aperture&quot;:&quot;0&quot;,&quot;credit&quot;:&quot;&quot;,&quot;camera&quot;:&quot;&quot;,&quot;caption&quot;:&quot;&quot;,&quot;created_timestamp&quot;:&quot;0&quot;,&quot;copyright&quot;:&quot;&quot;,&quot;focal_length&quot;:&quot;0&quot;,&quot;iso&quot;:&quot;0&quot;,&quot;shutter_speed&quot;:&quot;0&quot;,&quot;title&quot;:&quot;&quot;,&quot;orientation&quot;:&quot;0&quot;}\" data-image-title=\"capaz-resolver-alcalde-rafa-fararoni-05\" data-image-description=\"\" data-medium-file=\"https:\/\/i2.wp.com\/www.noticiasperfil.com\/index\/wp-content\/uploads\/2026\/01\/capaz-resolver-alcalde-rafa-fararoni-05.jpg?fit=660%2C365&amp;ssl=1\" data-large-file=\"https:\/\/i2.wp.com\/www.noticiasperfil.com\/index\/wp-content\/uploads\/2026\/01\/capaz-resolver-alcalde-rafa-fararoni-05.jpg?fit=640%2C366&amp;ssl=1\" data-id=\"118501\" src=\"https:\/\/i2.wp.com\/www.noticiasperfil.com\/index\/wp-content\/uploads\/2026\/01\/capaz-resolver-alcalde-rafa-fararoni-05.jpg?fit=640%2C366&amp;ssl=1\" alt=\"\" class=\"wp-image-118501\" srcset=\"https:\/\/i2.wp.com\/www.noticiasperfil.com\/index\/wp-content\/uploads\/2026\/01\/capaz-resolver-alcalde-rafa-fararoni-05.jpg?w=1600&amp;ssl=1 1600w, https:\/\/i2.wp.com\/www.noticiasperfil.com\/index\/wp-content\/uploads\/2026\/01\/capaz-resolver-alcalde-rafa-fararoni-05.jpg?resize=1536%2C1023&amp;ssl=1 1536w, https:\/\/i2.wp.com\/www.noticiasperfil.com\/index\/wp-content\/uploads\/2026\/01\/capaz-resolver-alcalde-rafa-fararoni-05.jpg?w=1280&amp;ssl=1 1280w\" sizes=\"auto, (max-width: 640px) 100vw, 640px\" \/><\/figure>\n\n\n\n<figure class=\"wp-block-image size-large\"><img loading=\"lazy\" decoding=\"async\" width=\"1600\" height=\"1066\" data-attachment-id=\"118500\" data-permalink=\"https:\/\/www.noticiasperfil.com\/index\/2026\/01\/16\/trabajando-coordinados-en-favor-de-la-educacion-somos-capaz-de-resolver-alcalde-rafa-fararoni\/capaz-resolver-alcalde-rafa-fararoni-04\/\" data-orig-file=\"https:\/\/i1.wp.com\/www.noticiasperfil.com\/index\/wp-content\/uploads\/2026\/01\/capaz-resolver-alcalde-rafa-fararoni-04.jpg?fit=1600%2C1066&amp;ssl=1\" data-orig-size=\"1600,1066\" data-comments-opened=\"1\" data-image-meta=\"{&quot;aperture&quot;:&quot;0&quot;,&quot;credit&quot;:&quot;&quot;,&quot;camera&quot;:&quot;&quot;,&quot;caption&quot;:&quot;&quot;,&quot;created_timestamp&quot;:&quot;0&quot;,&quot;copyright&quot;:&quot;&quot;,&quot;focal_length&quot;:&quot;0&quot;,&quot;iso&quot;:&quot;0&quot;,&quot;shutter_speed&quot;:&quot;0&quot;,&quot;title&quot;:&quot;&quot;,&quot;orientation&quot;:&quot;0&quot;}\" data-image-title=\"capaz-resolver-alcalde-rafa-fararoni-04\" data-image-description=\"\" data-medium-file=\"https:\/\/i1.wp.com\/www.noticiasperfil.com\/index\/wp-content\/uploads\/2026\/01\/capaz-resolver-alcalde-rafa-fararoni-04.jpg?fit=660%2C365&amp;ssl=1\" data-large-file=\"https:\/\/i1.wp.com\/www.noticiasperfil.com\/index\/wp-content\/uploads\/2026\/01\/capaz-resolver-alcalde-rafa-fararoni-04.jpg?fit=640%2C366&amp;ssl=1\" data-id=\"118500\" src=\"https:\/\/i1.wp.com\/www.noticiasperfil.com\/index\/wp-content\/uploads\/2026\/01\/capaz-resolver-alcalde-rafa-fararoni-04.jpg?fit=640%2C366&amp;ssl=1\" alt=\"\" class=\"wp-image-118500\" srcset=\"https:\/\/i1.wp.com\/www.noticiasperfil.com\/index\/wp-content\/uploads\/2026\/01\/capaz-resolver-alcalde-rafa-fararoni-04.jpg?w=1600&amp;ssl=1 1600w, https:\/\/i1.wp.com\/www.noticiasperfil.com\/index\/wp-content\/uploads\/2026\/01\/capaz-resolver-alcalde-rafa-fararoni-04.jpg?resize=1536%2C1023&amp;ssl=1 1536w, https:\/\/i1.wp.com\/www.noticiasperfil.com\/index\/wp-content\/uploads\/2026\/01\/capaz-resolver-alcalde-rafa-fararoni-04.jpg?w=1280&amp;ssl=1 1280w\" sizes=\"auto, (max-width: 640px) 100vw, 640px\" \/><\/figure>\n\n\n\n<figure class=\"wp-block-image size-large\"><img loading=\"lazy\" decoding=\"async\" width=\"1600\" height=\"1066\" data-attachment-id=\"118499\" data-permalink=\"https:\/\/www.noticiasperfil.com\/index\/2026\/01\/16\/trabajando-coordinados-en-favor-de-la-educacion-somos-capaz-de-resolver-alcalde-rafa-fararoni\/capaz-resolver-alcalde-rafa-fararoni-03\/\" data-orig-file=\"https:\/\/i2.wp.com\/www.noticiasperfil.com\/index\/wp-content\/uploads\/2026\/01\/capaz-resolver-alcalde-rafa-fararoni-03.jpg?fit=1600%2C1066&amp;ssl=1\" data-orig-size=\"1600,1066\" data-comments-opened=\"1\" data-image-meta=\"{&quot;aperture&quot;:&quot;0&quot;,&quot;credit&quot;:&quot;&quot;,&quot;camera&quot;:&quot;&quot;,&quot;caption&quot;:&quot;&quot;,&quot;created_timestamp&quot;:&quot;0&quot;,&quot;copyright&quot;:&quot;&quot;,&quot;focal_length&quot;:&quot;0&quot;,&quot;iso&quot;:&quot;0&quot;,&quot;shutter_speed&quot;:&quot;0&quot;,&quot;title&quot;:&quot;&quot;,&quot;orientation&quot;:&quot;0&quot;}\" data-image-title=\"capaz-resolver-alcalde-rafa-fararoni-03\" data-image-description=\"\" data-medium-file=\"https:\/\/i2.wp.com\/www.noticiasperfil.com\/index\/wp-content\/uploads\/2026\/01\/capaz-resolver-alcalde-rafa-fararoni-03.jpg?fit=660%2C365&amp;ssl=1\" data-large-file=\"https:\/\/i2.wp.com\/www.noticiasperfil.com\/index\/wp-content\/uploads\/2026\/01\/capaz-resolver-alcalde-rafa-fararoni-03.jpg?fit=640%2C366&amp;ssl=1\" data-id=\"118499\" src=\"https:\/\/i2.wp.com\/www.noticiasperfil.com\/index\/wp-content\/uploads\/2026\/01\/capaz-resolver-alcalde-rafa-fararoni-03.jpg?fit=640%2C366&amp;ssl=1\" alt=\"\" class=\"wp-image-118499\" srcset=\"https:\/\/i2.wp.com\/www.noticiasperfil.com\/index\/wp-content\/uploads\/2026\/01\/capaz-resolver-alcalde-rafa-fararoni-03.jpg?w=1600&amp;ssl=1 1600w, https:\/\/i2.wp.com\/www.noticiasperfil.com\/index\/wp-content\/uploads\/2026\/01\/capaz-resolver-alcalde-rafa-fararoni-03.jpg?resize=1536%2C1023&amp;ssl=1 1536w, https:\/\/i2.wp.com\/www.noticiasperfil.com\/index\/wp-content\/uploads\/2026\/01\/capaz-resolver-alcalde-rafa-fararoni-03.jpg?w=1280&amp;ssl=1 1280w\" sizes=\"auto, (max-width: 640px) 100vw, 640px\" \/><\/figure>\n\n\n\n<figure class=\"wp-block-image size-large\"><img loading=\"lazy\" decoding=\"async\" width=\"1600\" height=\"1066\" data-attachment-id=\"118498\" data-permalink=\"https:\/\/www.noticiasperfil.com\/index\/2026\/01\/16\/trabajando-coordinados-en-favor-de-la-educacion-somos-capaz-de-resolver-alcalde-rafa-fararoni\/capaz-resolver-alcalde-rafa-fararoni-02\/\" data-orig-file=\"https:\/\/i2.wp.com\/www.noticiasperfil.com\/index\/wp-content\/uploads\/2026\/01\/capaz-resolver-alcalde-rafa-fararoni-02.jpg?fit=1600%2C1066&amp;ssl=1\" data-orig-size=\"1600,1066\" data-comments-opened=\"1\" data-image-meta=\"{&quot;aperture&quot;:&quot;0&quot;,&quot;credit&quot;:&quot;&quot;,&quot;camera&quot;:&quot;&quot;,&quot;caption&quot;:&quot;&quot;,&quot;created_timestamp&quot;:&quot;0&quot;,&quot;copyright&quot;:&quot;&quot;,&quot;focal_length&quot;:&quot;0&quot;,&quot;iso&quot;:&quot;0&quot;,&quot;shutter_speed&quot;:&quot;0&quot;,&quot;title&quot;:&quot;&quot;,&quot;orientation&quot;:&quot;0&quot;}\" data-image-title=\"capaz-resolver-alcalde-rafa-fararoni-02\" data-image-description=\"\" data-medium-file=\"https:\/\/i2.wp.com\/www.noticiasperfil.com\/index\/wp-content\/uploads\/2026\/01\/capaz-resolver-alcalde-rafa-fararoni-02.jpg?fit=660%2C365&amp;ssl=1\" data-large-file=\"https:\/\/i2.wp.com\/www.noticiasperfil.com\/index\/wp-content\/uploads\/2026\/01\/capaz-resolver-alcalde-rafa-fararoni-02.jpg?fit=640%2C366&amp;ssl=1\" data-id=\"118498\" src=\"https:\/\/i2.wp.com\/www.noticiasperfil.com\/index\/wp-content\/uploads\/2026\/01\/capaz-resolver-alcalde-rafa-fararoni-02.jpg?fit=640%2C366&amp;ssl=1\" alt=\"\" class=\"wp-image-118498\" srcset=\"https:\/\/i2.wp.com\/www.noticiasperfil.com\/index\/wp-content\/uploads\/2026\/01\/capaz-resolver-alcalde-rafa-fararoni-02.jpg?w=1600&amp;ssl=1 1600w, https:\/\/i2.wp.com\/www.noticiasperfil.com\/index\/wp-content\/uploads\/2026\/01\/capaz-resolver-alcalde-rafa-fararoni-02.jpg?resize=1536%2C1023&amp;ssl=1 1536w, https:\/\/i2.wp.com\/www.noticiasperfil.com\/index\/wp-content\/uploads\/2026\/01\/capaz-resolver-alcalde-rafa-fararoni-02.jpg?w=1280&amp;ssl=1 1280w\" sizes=\"auto, (max-width: 640px) 100vw, 640px\" \/><\/figure>\n\n\n\n<figure class=\"wp-block-image size-large\"><img loading=\"lazy\" decoding=\"async\" width=\"1600\" height=\"1066\" data-attachment-id=\"118497\" data-permalink=\"https:\/\/www.noticiasperfil.com\/index\/2026\/01\/16\/trabajando-coordinados-en-favor-de-la-educacion-somos-capaz-de-resolver-alcalde-rafa-fararoni\/capaz-resolver-alcalde-rafa-fararoni-01\/\" data-orig-file=\"https:\/\/i0.wp.com\/www.noticiasperfil.com\/index\/wp-content\/uploads\/2026\/01\/capaz-resolver-alcalde-rafa-fararoni-01.jpg?fit=1600%2C1066&amp;ssl=1\" data-orig-size=\"1600,1066\" data-comments-opened=\"1\" data-image-meta=\"{&quot;aperture&quot;:&quot;0&quot;,&quot;credit&quot;:&quot;&quot;,&quot;camera&quot;:&quot;&quot;,&quot;caption&quot;:&quot;&quot;,&quot;created_timestamp&quot;:&quot;0&quot;,&quot;copyright&quot;:&quot;&quot;,&quot;focal_length&quot;:&quot;0&quot;,&quot;iso&quot;:&quot;0&quot;,&quot;shutter_speed&quot;:&quot;0&quot;,&quot;title&quot;:&quot;&quot;,&quot;orientation&quot;:&quot;0&quot;}\" data-image-title=\"capaz-resolver-alcalde-rafa-fararoni-01\" data-image-description=\"\" data-medium-file=\"https:\/\/i0.wp.com\/www.noticiasperfil.com\/index\/wp-content\/uploads\/2026\/01\/capaz-resolver-alcalde-rafa-fararoni-01.jpg?fit=660%2C365&amp;ssl=1\" data-large-file=\"https:\/\/i0.wp.com\/www.noticiasperfil.com\/index\/wp-content\/uploads\/2026\/01\/capaz-resolver-alcalde-rafa-fararoni-01.jpg?fit=640%2C366&amp;ssl=1\" data-id=\"118497\" src=\"https:\/\/i0.wp.com\/www.noticiasperfil.com\/index\/wp-content\/uploads\/2026\/01\/capaz-resolver-alcalde-rafa-fararoni-01.jpg?fit=640%2C366&amp;ssl=1\" alt=\"\" class=\"wp-image-118497\" srcset=\"https:\/\/i0.wp.com\/www.noticiasperfil.com\/index\/wp-content\/uploads\/2026\/01\/capaz-resolver-alcalde-rafa-fararoni-01.jpg?w=1600&amp;ssl=1 1600w, https:\/\/i0.wp.com\/www.noticiasperfil.com\/index\/wp-content\/uploads\/2026\/01\/capaz-resolver-alcalde-rafa-fararoni-01.jpg?resize=1536%2C1023&amp;ssl=1 1536w, https:\/\/i0.wp.com\/www.noticiasperfil.com\/index\/wp-content\/uploads\/2026\/01\/capaz-resolver-alcalde-rafa-fararoni-01.jpg?w=1280&amp;ssl=1 1280w\" sizes=\"auto, (max-width: 640px) 100vw, 640px\" \/><\/figure>\n<\/figure>\n\n\n\n<p>San Andr\u00e9s Tuxtla, Ver., 15 de enero de 2026.- El programa \u00abNo hay escuela peque\u00f1a\u00bb impulsado por el alcalde Rafa Fararoni Maga\u00f1a rinde sus primeros resultados con la entrega de mobiliario y pintura a la Secundaria T\u00e9cnica Industrial No 113 de Ranchoapan y la Secundaria T\u00e9cnica Agropecuaria No 13 de Sihuapan.&nbsp;<\/p>\n\n\n\n<p>Derivado de la solicitud del plantel educativo y la productiva gesti\u00f3n del presidente municipal, es que este jueves la comunidad estudiantil sanandrescana recibi\u00f3 50 cubetas de pintura, 40 cubetas de impermeabilizante, 19 pizarrones, m\u00e1s de 200 sillas, entre otros materiales con los que podr\u00e1n desarrollar sus actividades educativas de manera m\u00e1s digna y segura.&nbsp;<\/p>\n\n\n\n<p>En la entrega del material educativo y mantenimiento para la instituci\u00f3n estuvo presente la Subsecretaria de Educaci\u00f3n Media Superior del Estado, Maritza Ram\u00edrez Aguilar, qui\u00e9n se sum\u00f3 a dicha solicitud y colabor\u00f3 para que fuera posible.&nbsp;<\/p>\n\n\n\n<p>En ese sentido, al alcalde agradeci\u00f3 la voluntad de la Gobernadora Roc\u00edo Nahle, qui\u00e9n a trav\u00e9s de la Secretar\u00eda de Educaci\u00f3n que encabeza la maestra Claudia Tello Espinosa, hizo posible este beneficio que alienta de forma positiva a la comunidad estudiantil y el cuerpo docente.&nbsp;<\/p>\n\n\n\n<p>Finalmente, Fararoni Maga\u00f1a expres\u00f3 que cada acci\u00f3n hecha en equipo obtendr\u00e1 siempre los mejores resultados, \u00ablo dijimos, para San Andr\u00e9s no habr\u00e1 escuela peque\u00f1a, vamos a llegar a cada una con una acci\u00f3n, seguiremos gestionando, con voluntad todo se puede alcanzar\u00bb, subray\u00f3<\/p>\n","protected":false},"excerpt":{"rendered":"<p>San Andr\u00e9s Tuxtla, Ver., 15 de enero de 2026.- El programa \u00abNo hay escuela peque\u00f1a\u00bb impulsado por el alcalde Rafa Fararoni Maga\u00f1a rinde sus primeros resultados con la entrega de mobiliario y pintura a la Secundaria T\u00e9cnica Industrial No 113 de Ranchoapan y la Secundaria T\u00e9cnica Agropecuaria No 13 de Sihuapan.&nbsp; Derivado de la solicitud del plantel educativo y la productiva gesti\u00f3n del presidente municipal, es que este jueves la comunidad estudiantil sanandrescana recibi\u00f3 50 cubetas de pintura, 40 cubetas de impermeabilizante, 19 pizarrones, m\u00e1s de 200 sillas, entre otros&hellip;<\/p>\n","protected":false},"author":1,"featured_media":118497,"comment_status":"open","ping_status":"closed","sticky":false,"template":"","format":"standard","meta":{"footnotes":""},"categories":[3,12],"tags":[],"class_list":["post-118496","post","type-post","status-publish","format-standard","has-post-thumbnail","hentry","category-destacadas","category-san-andres-tuxtla"],"jetpack-related-posts":[],"_links":{"self":[{"href":"https:\/\/www.noticiasperfil.com\/index\/wp-json\/wp\/v2\/posts\/118496","targetHints":{"allow":["GET"]}}],"collection":[{"href":"https:\/\/www.noticiasperfil.com\/index\/wp-json\/wp\/v2\/posts"}],"about":[{"href":"https:\/\/www.noticiasperfil.com\/index\/wp-json\/wp\/v2\/types\/post"}],"author":[{"embeddable":true,"href":"https:\/\/www.noticiasperfil.com\/index\/wp-json\/wp\/v2\/users\/1"}],"replies":[{"embeddable":true,"href":"https:\/\/www.noticiasperfil.com\/index\/wp-json\/wp\/v2\/comments?post=118496"}],"version-history":[{"count":1,"href":"https:\/\/www.noticiasperfil.com\/index\/wp-json\/wp\/v2\/posts\/118496\/revisions"}],"predecessor-version":[{"id":118502,"href":"https:\/\/www.noticiasperfil.com\/index\/wp-json\/wp\/v2\/posts\/118496\/revisions\/118502"}],"wp:featuredmedia":[{"embeddable":true,"href":"https:\/\/www.noticiasperfil.com\/index\/wp-json\/wp\/v2\/media\/118497"}],"wp:attachment":[{"href":"https:\/\/www.noticiasperfil.com\/index\/wp-json\/wp\/v2\/media?parent=118496"}],"wp:term":[{"taxonomy":"category","embeddable":true,"href":"https:\/\/www.noticiasperfil.com\/index\/wp-json\/wp\/v2\/categories?post=118496"},{"taxonomy":"post_tag","embeddable":true,"href":"https:\/\/www.noticiasperfil.com\/index\/wp-json\/wp\/v2\/tags?post=118496"}],"curies":[{"name":"wp","href":"https:\/\/api.w.org\/{rel}","templated":true}]}}