{"id":118504,"date":"2026-01-16T17:21:00","date_gmt":"2026-01-16T23:21:00","guid":{"rendered":"https:\/\/www.noticiasperfil.com\/index\/?p=118504"},"modified":"2026-01-16T17:21:03","modified_gmt":"2026-01-16T23:21:03","slug":"reconoce-alcalde-de-falta-de-mantenimiento-en-suministro-electrico-en-alvarado","status":"publish","type":"post","link":"https:\/\/www.noticiasperfil.com\/index\/2026\/01\/16\/reconoce-alcalde-de-falta-de-mantenimiento-en-suministro-electrico-en-alvarado\/","title":{"rendered":"Reconoce alcalde de falta de mantenimiento en suministro el\u00e9ctrico en Alvarado"},"content":{"rendered":"\n<figure class=\"wp-block-gallery has-nested-images columns-default is-cropped wp-block-gallery-1 is-layout-flex wp-block-gallery-is-layout-flex\">\n<figure class=\"wp-block-image size-large\"><img loading=\"lazy\" decoding=\"async\" width=\"1280\" height=\"960\" data-attachment-id=\"118506\" data-permalink=\"https:\/\/www.noticiasperfil.com\/index\/2026\/01\/16\/reconoce-alcalde-de-falta-de-mantenimiento-en-suministro-electrico-en-alvarado\/reconoce-alcalde-falta-mantenimiento2\/\" data-orig-file=\"https:\/\/i0.wp.com\/www.noticiasperfil.com\/index\/wp-content\/uploads\/2026\/01\/reconoce-alcalde-falta-mantenimiento2.jpeg?fit=1280%2C960&amp;ssl=1\" data-orig-size=\"1280,960\" data-comments-opened=\"1\" data-image-meta=\"{&quot;aperture&quot;:&quot;0&quot;,&quot;credit&quot;:&quot;&quot;,&quot;camera&quot;:&quot;&quot;,&quot;caption&quot;:&quot;&quot;,&quot;created_timestamp&quot;:&quot;0&quot;,&quot;copyright&quot;:&quot;&quot;,&quot;focal_length&quot;:&quot;0&quot;,&quot;iso&quot;:&quot;0&quot;,&quot;shutter_speed&quot;:&quot;0&quot;,&quot;title&quot;:&quot;&quot;,&quot;orientation&quot;:&quot;0&quot;}\" data-image-title=\"reconoce-alcalde-falta-mantenimiento2\" data-image-description=\"\" data-medium-file=\"https:\/\/i0.wp.com\/www.noticiasperfil.com\/index\/wp-content\/uploads\/2026\/01\/reconoce-alcalde-falta-mantenimiento2.jpeg?fit=660%2C365&amp;ssl=1\" data-large-file=\"https:\/\/i0.wp.com\/www.noticiasperfil.com\/index\/wp-content\/uploads\/2026\/01\/reconoce-alcalde-falta-mantenimiento2.jpeg?fit=640%2C366&amp;ssl=1\" data-id=\"118506\" src=\"https:\/\/i0.wp.com\/www.noticiasperfil.com\/index\/wp-content\/uploads\/2026\/01\/reconoce-alcalde-falta-mantenimiento2.jpeg?fit=640%2C366&amp;ssl=1\" alt=\"\" class=\"wp-image-118506\"\/><\/figure>\n\n\n\n<figure class=\"wp-block-image size-large\"><img loading=\"lazy\" decoding=\"async\" width=\"1280\" height=\"854\" data-attachment-id=\"118505\" data-permalink=\"https:\/\/www.noticiasperfil.com\/index\/2026\/01\/16\/reconoce-alcalde-de-falta-de-mantenimiento-en-suministro-electrico-en-alvarado\/reconoce-alcalde-falta-mantenimiento1\/\" data-orig-file=\"https:\/\/i2.wp.com\/www.noticiasperfil.com\/index\/wp-content\/uploads\/2026\/01\/reconoce-alcalde-falta-mantenimiento1.jpeg?fit=1280%2C854&amp;ssl=1\" data-orig-size=\"1280,854\" data-comments-opened=\"1\" data-image-meta=\"{&quot;aperture&quot;:&quot;0&quot;,&quot;credit&quot;:&quot;&quot;,&quot;camera&quot;:&quot;&quot;,&quot;caption&quot;:&quot;&quot;,&quot;created_timestamp&quot;:&quot;0&quot;,&quot;copyright&quot;:&quot;&quot;,&quot;focal_length&quot;:&quot;0&quot;,&quot;iso&quot;:&quot;0&quot;,&quot;shutter_speed&quot;:&quot;0&quot;,&quot;title&quot;:&quot;&quot;,&quot;orientation&quot;:&quot;0&quot;}\" data-image-title=\"reconoce-alcalde-falta-mantenimiento1\" data-image-description=\"\" data-medium-file=\"https:\/\/i2.wp.com\/www.noticiasperfil.com\/index\/wp-content\/uploads\/2026\/01\/reconoce-alcalde-falta-mantenimiento1.jpeg?fit=660%2C365&amp;ssl=1\" data-large-file=\"https:\/\/i2.wp.com\/www.noticiasperfil.com\/index\/wp-content\/uploads\/2026\/01\/reconoce-alcalde-falta-mantenimiento1.jpeg?fit=640%2C366&amp;ssl=1\" data-id=\"118505\" src=\"https:\/\/i2.wp.com\/www.noticiasperfil.com\/index\/wp-content\/uploads\/2026\/01\/reconoce-alcalde-falta-mantenimiento1.jpeg?fit=640%2C366&amp;ssl=1\" alt=\"\" class=\"wp-image-118505\"\/><\/figure>\n<\/figure>\n\n\n\n<p>Alejandro \u00c1vila<\/p>\n\n\n\n<p>Alvarado, Ver.- El alcalde Alberto Cobos reconoci\u00f3 que el problema de energ\u00eda el\u00e9ctrica en el municipio se debe a la falta de mantenimiento en transformadores y l\u00edneas que cruzan la ciudad, situaci\u00f3n que se ha agravado al paso de los a\u00f1os.<\/p>\n\n\n\n<p>En ese sentido, dio a conocer que sostuvo una reuni\u00f3n urgente con el Gerente de Divisi\u00f3n y el Superintendente de Zona de la Comisi\u00f3n Federal de Electricidad (CFE), para coadyuvar durante el primer trimestre del 2026 y brindar el servicio correcto a la ciudadan\u00eda.<\/p>\n\n\n\n<p>\u00abSon problemas que se presentan a nivel nacional y estatal, falta de mantenimiento, la antig\u00fcedad del mismo equipo, hay que prever esas situaciones (\u2026) fueron dos colonias, Paso Nacional y Escolleras,npero tambi\u00e9n se presentan fallas en Infonavit, Pescador, Villas de Alvarado, etc\u00e9tera (\u2026) en comunidades igual, CFE ya lo sabe, trae el dato correcto y estamos trabajando de la mano con ellos\u00bb, expres\u00f3.<\/p>\n\n\n\n<p>Beto Cobos dio a conocer que el Ayuntamiento aportar\u00e1 a personal de Protecci\u00f3n Civil y Servicios Generales, para que le faciliten los trabajos a los elementos de Comisi\u00f3n Federal de Electricidad, y puedan mejorar el servicio de energ\u00eda el\u00e9ctrica en Alvarado.<\/p>\n","protected":false},"excerpt":{"rendered":"<p>Alejandro \u00c1vila Alvarado, Ver.- El alcalde Alberto Cobos reconoci\u00f3 que el problema de energ\u00eda el\u00e9ctrica en el municipio se debe a la falta de mantenimiento en transformadores y l\u00edneas que cruzan la ciudad, situaci\u00f3n que se ha agravado al paso de los a\u00f1os. En ese sentido, dio a conocer que sostuvo una reuni\u00f3n urgente con el Gerente de Divisi\u00f3n y el Superintendente de Zona de la Comisi\u00f3n Federal de Electricidad (CFE), para coadyuvar durante el primer trimestre del 2026 y brindar el servicio correcto a la ciudadan\u00eda. \u00abSon problemas que&hellip;<\/p>\n","protected":false},"author":1,"featured_media":118505,"comment_status":"open","ping_status":"closed","sticky":false,"template":"","format":"standard","meta":{"footnotes":""},"categories":[3,1],"tags":[],"class_list":["post-118504","post","type-post","status-publish","format-standard","has-post-thumbnail","hentry","category-destacadas","category-uncategorized"],"jetpack-related-posts":[],"_links":{"self":[{"href":"https:\/\/www.noticiasperfil.com\/index\/wp-json\/wp\/v2\/posts\/118504","targetHints":{"allow":["GET"]}}],"collection":[{"href":"https:\/\/www.noticiasperfil.com\/index\/wp-json\/wp\/v2\/posts"}],"about":[{"href":"https:\/\/www.noticiasperfil.com\/index\/wp-json\/wp\/v2\/types\/post"}],"author":[{"embeddable":true,"href":"https:\/\/www.noticiasperfil.com\/index\/wp-json\/wp\/v2\/users\/1"}],"replies":[{"embeddable":true,"href":"https:\/\/www.noticiasperfil.com\/index\/wp-json\/wp\/v2\/comments?post=118504"}],"version-history":[{"count":1,"href":"https:\/\/www.noticiasperfil.com\/index\/wp-json\/wp\/v2\/posts\/118504\/revisions"}],"predecessor-version":[{"id":118507,"href":"https:\/\/www.noticiasperfil.com\/index\/wp-json\/wp\/v2\/posts\/118504\/revisions\/118507"}],"wp:featuredmedia":[{"embeddable":true,"href":"https:\/\/www.noticiasperfil.com\/index\/wp-json\/wp\/v2\/media\/118505"}],"wp:attachment":[{"href":"https:\/\/www.noticiasperfil.com\/index\/wp-json\/wp\/v2\/media?parent=118504"}],"wp:term":[{"taxonomy":"category","embeddable":true,"href":"https:\/\/www.noticiasperfil.com\/index\/wp-json\/wp\/v2\/categories?post=118504"},{"taxonomy":"post_tag","embeddable":true,"href":"https:\/\/www.noticiasperfil.com\/index\/wp-json\/wp\/v2\/tags?post=118504"}],"curies":[{"name":"wp","href":"https:\/\/api.w.org\/{rel}","templated":true}]}}