{"id":118508,"date":"2026-01-16T17:24:48","date_gmt":"2026-01-16T23:24:48","guid":{"rendered":"https:\/\/www.noticiasperfil.com\/index\/?p=118508"},"modified":"2026-01-16T17:24:51","modified_gmt":"2026-01-16T23:24:51","slug":"choca-pepin-ruiz-a-camioneta-que-se-estaba-estacionando-en-boca-del-rio","status":"publish","type":"post","link":"https:\/\/www.noticiasperfil.com\/index\/2026\/01\/16\/choca-pepin-ruiz-a-camioneta-que-se-estaba-estacionando-en-boca-del-rio\/","title":{"rendered":"Choca Pep\u00edn Ruiz a camioneta que se estaba estacionando en Boca del R\u00edo"},"content":{"rendered":"\n<figure class=\"wp-block-gallery has-nested-images columns-default is-cropped wp-block-gallery-1 is-layout-flex wp-block-gallery-is-layout-flex\">\n<figure class=\"wp-block-image size-large\"><img loading=\"lazy\" decoding=\"async\" width=\"1600\" height=\"1200\" data-attachment-id=\"118510\" data-permalink=\"https:\/\/www.noticiasperfil.com\/index\/2026\/01\/16\/choca-pepin-ruiz-a-camioneta-que-se-estaba-estacionando-en-boca-del-rio\/estaba-estacionando-boca-rio2\/\" data-orig-file=\"https:\/\/i0.wp.com\/www.noticiasperfil.com\/index\/wp-content\/uploads\/2026\/01\/estaba-estacionando-boca-rio2.jpeg?fit=1600%2C1200&amp;ssl=1\" data-orig-size=\"1600,1200\" data-comments-opened=\"1\" data-image-meta=\"{&quot;aperture&quot;:&quot;0&quot;,&quot;credit&quot;:&quot;&quot;,&quot;camera&quot;:&quot;&quot;,&quot;caption&quot;:&quot;&quot;,&quot;created_timestamp&quot;:&quot;0&quot;,&quot;copyright&quot;:&quot;&quot;,&quot;focal_length&quot;:&quot;0&quot;,&quot;iso&quot;:&quot;0&quot;,&quot;shutter_speed&quot;:&quot;0&quot;,&quot;title&quot;:&quot;&quot;,&quot;orientation&quot;:&quot;0&quot;}\" data-image-title=\"estaba-estacionando-boca-rio2\" data-image-description=\"\" data-medium-file=\"https:\/\/i0.wp.com\/www.noticiasperfil.com\/index\/wp-content\/uploads\/2026\/01\/estaba-estacionando-boca-rio2.jpeg?fit=660%2C365&amp;ssl=1\" data-large-file=\"https:\/\/i0.wp.com\/www.noticiasperfil.com\/index\/wp-content\/uploads\/2026\/01\/estaba-estacionando-boca-rio2.jpeg?fit=640%2C366&amp;ssl=1\" data-id=\"118510\" src=\"https:\/\/i0.wp.com\/www.noticiasperfil.com\/index\/wp-content\/uploads\/2026\/01\/estaba-estacionando-boca-rio2.jpeg?fit=640%2C366&amp;ssl=1\" alt=\"\" class=\"wp-image-118510\" srcset=\"https:\/\/i0.wp.com\/www.noticiasperfil.com\/index\/wp-content\/uploads\/2026\/01\/estaba-estacionando-boca-rio2.jpeg?w=1600&amp;ssl=1 1600w, https:\/\/i0.wp.com\/www.noticiasperfil.com\/index\/wp-content\/uploads\/2026\/01\/estaba-estacionando-boca-rio2.jpeg?resize=1536%2C1152&amp;ssl=1 1536w, https:\/\/i0.wp.com\/www.noticiasperfil.com\/index\/wp-content\/uploads\/2026\/01\/estaba-estacionando-boca-rio2.jpeg?w=1280&amp;ssl=1 1280w\" sizes=\"auto, (max-width: 640px) 100vw, 640px\" \/><\/figure>\n\n\n\n<figure class=\"wp-block-image size-large\"><img loading=\"lazy\" decoding=\"async\" width=\"1600\" height=\"1200\" data-attachment-id=\"118509\" data-permalink=\"https:\/\/www.noticiasperfil.com\/index\/2026\/01\/16\/choca-pepin-ruiz-a-camioneta-que-se-estaba-estacionando-en-boca-del-rio\/estaba-estacionando-boca-rio1\/\" data-orig-file=\"https:\/\/i2.wp.com\/www.noticiasperfil.com\/index\/wp-content\/uploads\/2026\/01\/estaba-estacionando-boca-rio1.jpeg?fit=1600%2C1200&amp;ssl=1\" data-orig-size=\"1600,1200\" data-comments-opened=\"1\" data-image-meta=\"{&quot;aperture&quot;:&quot;0&quot;,&quot;credit&quot;:&quot;&quot;,&quot;camera&quot;:&quot;&quot;,&quot;caption&quot;:&quot;&quot;,&quot;created_timestamp&quot;:&quot;0&quot;,&quot;copyright&quot;:&quot;&quot;,&quot;focal_length&quot;:&quot;0&quot;,&quot;iso&quot;:&quot;0&quot;,&quot;shutter_speed&quot;:&quot;0&quot;,&quot;title&quot;:&quot;&quot;,&quot;orientation&quot;:&quot;0&quot;}\" data-image-title=\"estaba-estacionando-boca-rio1\" data-image-description=\"\" data-medium-file=\"https:\/\/i2.wp.com\/www.noticiasperfil.com\/index\/wp-content\/uploads\/2026\/01\/estaba-estacionando-boca-rio1.jpeg?fit=660%2C365&amp;ssl=1\" data-large-file=\"https:\/\/i2.wp.com\/www.noticiasperfil.com\/index\/wp-content\/uploads\/2026\/01\/estaba-estacionando-boca-rio1.jpeg?fit=640%2C366&amp;ssl=1\" data-id=\"118509\" src=\"https:\/\/i2.wp.com\/www.noticiasperfil.com\/index\/wp-content\/uploads\/2026\/01\/estaba-estacionando-boca-rio1.jpeg?fit=640%2C366&amp;ssl=1\" alt=\"\" class=\"wp-image-118509\" srcset=\"https:\/\/i2.wp.com\/www.noticiasperfil.com\/index\/wp-content\/uploads\/2026\/01\/estaba-estacionando-boca-rio1.jpeg?w=1600&amp;ssl=1 1600w, https:\/\/i2.wp.com\/www.noticiasperfil.com\/index\/wp-content\/uploads\/2026\/01\/estaba-estacionando-boca-rio1.jpeg?resize=1536%2C1152&amp;ssl=1 1536w, https:\/\/i2.wp.com\/www.noticiasperfil.com\/index\/wp-content\/uploads\/2026\/01\/estaba-estacionando-boca-rio1.jpeg?w=1280&amp;ssl=1 1280w\" sizes=\"auto, (max-width: 640px) 100vw, 640px\" \/><\/figure>\n<\/figure>\n\n\n\n<p>Alejandro \u00c1vila<\/p>\n\n\n\n<p>Boca del R\u00edo, Ver.- El diputado de local, Jos\u00e9 Ricardo Ruiz Carmona, tuvo un incidente vial la ma\u00f1ana de este viernes 16 de enero, al impactar por alcance a una camioneta que se estaba estacionando en el municipio de Boca del R\u00edo.<\/p>\n\n\n\n<p>Los hechos ocurrieron sobre el camino que traslada de la localidad de Playa de Vacas en el municipio de Medell\u00edn de Bravo hacia Boca del R\u00edo, a la altura del restaurante Vacanora.<\/p>\n\n\n\n<p>Testigos mencionaron que una camioneta marca Hyundai color blanca estaba intentando estacionarse, cuando el diputado local que manejaba un veh\u00edculo plateado no tom\u00f3 las debidas precauciones y la impact\u00f3 a un costado dejando cuantiosos da\u00f1os materiales.<\/p>\n\n\n\n<p>Afortunadamente no se reportaron personas lesionadas, aunque la vialidad si estuvo detenida varios momentos, por lo que corporaciones de Tr\u00e1nsito acudieron al sitio para agilizar la movilidad vial.<\/p>\n","protected":false},"excerpt":{"rendered":"<p>Alejandro \u00c1vila Boca del R\u00edo, Ver.- El diputado de local, Jos\u00e9 Ricardo Ruiz Carmona, tuvo un incidente vial la ma\u00f1ana de este viernes 16 de enero, al impactar por alcance a una camioneta que se estaba estacionando en el municipio de Boca del R\u00edo. Los hechos ocurrieron sobre el camino que traslada de la localidad de Playa de Vacas en el municipio de Medell\u00edn de Bravo hacia Boca del R\u00edo, a la altura del restaurante Vacanora. Testigos mencionaron que una camioneta marca Hyundai color blanca estaba intentando estacionarse, cuando el&hellip;<\/p>\n","protected":false},"author":1,"featured_media":118510,"comment_status":"open","ping_status":"closed","sticky":false,"template":"","format":"standard","meta":{"footnotes":""},"categories":[3,10600],"tags":[],"class_list":["post-118508","post","type-post","status-publish","format-standard","has-post-thumbnail","hentry","category-destacadas","category-zona-conurbada"],"jetpack-related-posts":[],"_links":{"self":[{"href":"https:\/\/www.noticiasperfil.com\/index\/wp-json\/wp\/v2\/posts\/118508","targetHints":{"allow":["GET"]}}],"collection":[{"href":"https:\/\/www.noticiasperfil.com\/index\/wp-json\/wp\/v2\/posts"}],"about":[{"href":"https:\/\/www.noticiasperfil.com\/index\/wp-json\/wp\/v2\/types\/post"}],"author":[{"embeddable":true,"href":"https:\/\/www.noticiasperfil.com\/index\/wp-json\/wp\/v2\/users\/1"}],"replies":[{"embeddable":true,"href":"https:\/\/www.noticiasperfil.com\/index\/wp-json\/wp\/v2\/comments?post=118508"}],"version-history":[{"count":1,"href":"https:\/\/www.noticiasperfil.com\/index\/wp-json\/wp\/v2\/posts\/118508\/revisions"}],"predecessor-version":[{"id":118511,"href":"https:\/\/www.noticiasperfil.com\/index\/wp-json\/wp\/v2\/posts\/118508\/revisions\/118511"}],"wp:featuredmedia":[{"embeddable":true,"href":"https:\/\/www.noticiasperfil.com\/index\/wp-json\/wp\/v2\/media\/118510"}],"wp:attachment":[{"href":"https:\/\/www.noticiasperfil.com\/index\/wp-json\/wp\/v2\/media?parent=118508"}],"wp:term":[{"taxonomy":"category","embeddable":true,"href":"https:\/\/www.noticiasperfil.com\/index\/wp-json\/wp\/v2\/categories?post=118508"},{"taxonomy":"post_tag","embeddable":true,"href":"https:\/\/www.noticiasperfil.com\/index\/wp-json\/wp\/v2\/tags?post=118508"}],"curies":[{"name":"wp","href":"https:\/\/api.w.org\/{rel}","templated":true}]}}