{"id":118547,"date":"2026-01-16T18:07:45","date_gmt":"2026-01-17T00:07:45","guid":{"rendered":"https:\/\/www.noticiasperfil.com\/index\/?p=118547"},"modified":"2026-01-16T18:07:48","modified_gmt":"2026-01-17T00:07:48","slug":"tunden-en-redes-sociales-a-regidora-de-mc-en-tierra-blanca","status":"publish","type":"post","link":"https:\/\/www.noticiasperfil.com\/index\/2026\/01\/16\/tunden-en-redes-sociales-a-regidora-de-mc-en-tierra-blanca\/","title":{"rendered":"Tunden en redes sociales a regidora de MC en Tierra Blanca"},"content":{"rendered":"\n<figure class=\"wp-block-gallery has-nested-images columns-default is-cropped wp-block-gallery-1 is-layout-flex wp-block-gallery-is-layout-flex\">\n<figure class=\"wp-block-image size-large\"><img loading=\"lazy\" decoding=\"async\" width=\"1200\" height=\"1600\" data-attachment-id=\"118549\" data-permalink=\"https:\/\/www.noticiasperfil.com\/index\/2026\/01\/16\/tunden-en-redes-sociales-a-regidora-de-mc-en-tierra-blanca\/tunden-en-redes-sociales-a-regidora-de-mc2\/\" data-orig-file=\"https:\/\/i0.wp.com\/www.noticiasperfil.com\/index\/wp-content\/uploads\/2026\/01\/Tunden-en-redes-sociales-a-regidora-de-MC2.jpeg?fit=1200%2C1600&amp;ssl=1\" data-orig-size=\"1200,1600\" data-comments-opened=\"1\" data-image-meta=\"{&quot;aperture&quot;:&quot;0&quot;,&quot;credit&quot;:&quot;&quot;,&quot;camera&quot;:&quot;&quot;,&quot;caption&quot;:&quot;&quot;,&quot;created_timestamp&quot;:&quot;0&quot;,&quot;copyright&quot;:&quot;&quot;,&quot;focal_length&quot;:&quot;0&quot;,&quot;iso&quot;:&quot;0&quot;,&quot;shutter_speed&quot;:&quot;0&quot;,&quot;title&quot;:&quot;&quot;,&quot;orientation&quot;:&quot;0&quot;}\" data-image-title=\"Tunden en redes sociales a regidora de MC2\" data-image-description=\"\" data-medium-file=\"https:\/\/i0.wp.com\/www.noticiasperfil.com\/index\/wp-content\/uploads\/2026\/01\/Tunden-en-redes-sociales-a-regidora-de-MC2.jpeg?fit=660%2C365&amp;ssl=1\" data-large-file=\"https:\/\/i0.wp.com\/www.noticiasperfil.com\/index\/wp-content\/uploads\/2026\/01\/Tunden-en-redes-sociales-a-regidora-de-MC2.jpeg?fit=640%2C366&amp;ssl=1\" data-id=\"118549\" src=\"https:\/\/i0.wp.com\/www.noticiasperfil.com\/index\/wp-content\/uploads\/2026\/01\/Tunden-en-redes-sociales-a-regidora-de-MC2.jpeg?fit=640%2C366&amp;ssl=1\" alt=\"\" class=\"wp-image-118549\" srcset=\"https:\/\/i0.wp.com\/www.noticiasperfil.com\/index\/wp-content\/uploads\/2026\/01\/Tunden-en-redes-sociales-a-regidora-de-MC2.jpeg?w=1200&amp;ssl=1 1200w, https:\/\/i0.wp.com\/www.noticiasperfil.com\/index\/wp-content\/uploads\/2026\/01\/Tunden-en-redes-sociales-a-regidora-de-MC2.jpeg?resize=1152%2C1536&amp;ssl=1 1152w\" sizes=\"auto, (max-width: 640px) 100vw, 640px\" \/><\/figure>\n\n\n\n<figure class=\"wp-block-image size-large\"><img loading=\"lazy\" decoding=\"async\" width=\"1600\" height=\"1600\" data-attachment-id=\"118548\" data-permalink=\"https:\/\/www.noticiasperfil.com\/index\/2026\/01\/16\/tunden-en-redes-sociales-a-regidora-de-mc-en-tierra-blanca\/tunden-en-redes-sociales-a-regidora-de-mc1\/\" data-orig-file=\"https:\/\/i2.wp.com\/www.noticiasperfil.com\/index\/wp-content\/uploads\/2026\/01\/Tunden-en-redes-sociales-a-regidora-de-MC1.jpeg?fit=1600%2C1600&amp;ssl=1\" data-orig-size=\"1600,1600\" data-comments-opened=\"1\" data-image-meta=\"{&quot;aperture&quot;:&quot;0&quot;,&quot;credit&quot;:&quot;&quot;,&quot;camera&quot;:&quot;&quot;,&quot;caption&quot;:&quot;&quot;,&quot;created_timestamp&quot;:&quot;0&quot;,&quot;copyright&quot;:&quot;&quot;,&quot;focal_length&quot;:&quot;0&quot;,&quot;iso&quot;:&quot;0&quot;,&quot;shutter_speed&quot;:&quot;0&quot;,&quot;title&quot;:&quot;&quot;,&quot;orientation&quot;:&quot;0&quot;}\" data-image-title=\"Tunden en redes sociales a regidora de MC1\" data-image-description=\"\" data-medium-file=\"https:\/\/i2.wp.com\/www.noticiasperfil.com\/index\/wp-content\/uploads\/2026\/01\/Tunden-en-redes-sociales-a-regidora-de-MC1.jpeg?fit=660%2C365&amp;ssl=1\" data-large-file=\"https:\/\/i2.wp.com\/www.noticiasperfil.com\/index\/wp-content\/uploads\/2026\/01\/Tunden-en-redes-sociales-a-regidora-de-MC1.jpeg?fit=640%2C366&amp;ssl=1\" data-id=\"118548\" src=\"https:\/\/i2.wp.com\/www.noticiasperfil.com\/index\/wp-content\/uploads\/2026\/01\/Tunden-en-redes-sociales-a-regidora-de-MC1.jpeg?fit=640%2C366&amp;ssl=1\" alt=\"\" class=\"wp-image-118548\" srcset=\"https:\/\/i2.wp.com\/www.noticiasperfil.com\/index\/wp-content\/uploads\/2026\/01\/Tunden-en-redes-sociales-a-regidora-de-MC1.jpeg?w=1600&amp;ssl=1 1600w, https:\/\/i2.wp.com\/www.noticiasperfil.com\/index\/wp-content\/uploads\/2026\/01\/Tunden-en-redes-sociales-a-regidora-de-MC1.jpeg?resize=1536%2C1536&amp;ssl=1 1536w, https:\/\/i2.wp.com\/www.noticiasperfil.com\/index\/wp-content\/uploads\/2026\/01\/Tunden-en-redes-sociales-a-regidora-de-MC1.jpeg?w=1280&amp;ssl=1 1280w\" sizes=\"auto, (max-width: 640px) 100vw, 640px\" \/><\/figure>\n<\/figure>\n\n\n\n<p>Alejandro \u00c1vila<\/p>\n\n\n\n<p>Veracruz, Ver.- Exhibida qued\u00f3 la regidora sexta de Movimiento Ciudadano en el Cabildo de Tierra Blanca tras demostrar que no tiene ni la menor idea del servicio p\u00fablico.<\/p>\n\n\n\n<p>Durante la \u00faltima sesi\u00f3n de Cabildo misma que la regidora de la Fuerza Naranja, Monserrat Couti\u00f1o, transmiti\u00f3 en vivo, qued\u00f3 evidenciada su falta de profesionalismo, inter\u00e9s y conocimiento de las leyes municipales, pues entre el nerviosismo y af\u00e1n de protagonismo se equivocaba al hablar y hasta en las votaciones.<\/p>\n\n\n\n<p>Los usuarios de redes sociales se le fueron encima r\u00e1pidamente y le puntualizaron que, antes de querer ser protagonista, influencer o simplemente ganarse likes en redes sociales, primero deb\u00eda prepararse para ostentar un cargo p\u00fablico.<\/p>\n\n\n\n<p>Los propios ciudadanos de Tierra Blanca acusaron a la novel edil de transmitir en vivo casi todas sus actividades, pero con el af\u00e1n de volverse popular y no con la intenci\u00f3n de servir al pueblo, pues ha quedado en evidencia que no se prepar\u00f3 previamente para el servicio p\u00fablico; siendo Tierra Blanca uno de los municipios que necesita salir del rezago en que se encuentra con el apoyo de los ediles del Ayuntamiento.<\/p>\n","protected":false},"excerpt":{"rendered":"<p>Alejandro \u00c1vila Veracruz, Ver.- Exhibida qued\u00f3 la regidora sexta de Movimiento Ciudadano en el Cabildo de Tierra Blanca tras demostrar que no tiene ni la menor idea del servicio p\u00fablico. Durante la \u00faltima sesi\u00f3n de Cabildo misma que la regidora de la Fuerza Naranja, Monserrat Couti\u00f1o, transmiti\u00f3 en vivo, qued\u00f3 evidenciada su falta de profesionalismo, inter\u00e9s y conocimiento de las leyes municipales, pues entre el nerviosismo y af\u00e1n de protagonismo se equivocaba al hablar y hasta en las votaciones. Los usuarios de redes sociales se le fueron encima r\u00e1pidamente y&hellip;<\/p>\n","protected":false},"author":1,"featured_media":118548,"comment_status":"open","ping_status":"closed","sticky":false,"template":"","format":"standard","meta":{"footnotes":""},"categories":[3,10600],"tags":[],"class_list":["post-118547","post","type-post","status-publish","format-standard","has-post-thumbnail","hentry","category-destacadas","category-zona-conurbada"],"jetpack-related-posts":[],"_links":{"self":[{"href":"https:\/\/www.noticiasperfil.com\/index\/wp-json\/wp\/v2\/posts\/118547","targetHints":{"allow":["GET"]}}],"collection":[{"href":"https:\/\/www.noticiasperfil.com\/index\/wp-json\/wp\/v2\/posts"}],"about":[{"href":"https:\/\/www.noticiasperfil.com\/index\/wp-json\/wp\/v2\/types\/post"}],"author":[{"embeddable":true,"href":"https:\/\/www.noticiasperfil.com\/index\/wp-json\/wp\/v2\/users\/1"}],"replies":[{"embeddable":true,"href":"https:\/\/www.noticiasperfil.com\/index\/wp-json\/wp\/v2\/comments?post=118547"}],"version-history":[{"count":1,"href":"https:\/\/www.noticiasperfil.com\/index\/wp-json\/wp\/v2\/posts\/118547\/revisions"}],"predecessor-version":[{"id":118550,"href":"https:\/\/www.noticiasperfil.com\/index\/wp-json\/wp\/v2\/posts\/118547\/revisions\/118550"}],"wp:featuredmedia":[{"embeddable":true,"href":"https:\/\/www.noticiasperfil.com\/index\/wp-json\/wp\/v2\/media\/118548"}],"wp:attachment":[{"href":"https:\/\/www.noticiasperfil.com\/index\/wp-json\/wp\/v2\/media?parent=118547"}],"wp:term":[{"taxonomy":"category","embeddable":true,"href":"https:\/\/www.noticiasperfil.com\/index\/wp-json\/wp\/v2\/categories?post=118547"},{"taxonomy":"post_tag","embeddable":true,"href":"https:\/\/www.noticiasperfil.com\/index\/wp-json\/wp\/v2\/tags?post=118547"}],"curies":[{"name":"wp","href":"https:\/\/api.w.org\/{rel}","templated":true}]}}