{"id":118562,"date":"2026-01-18T20:47:44","date_gmt":"2026-01-19T02:47:44","guid":{"rendered":"https:\/\/www.noticiasperfil.com\/index\/?p=118562"},"modified":"2026-01-18T20:47:47","modified_gmt":"2026-01-19T02:47:47","slug":"veracruz-alista-su-oferta-turistica-ante-el-mercado-internacional-en-la-fitur","status":"publish","type":"post","link":"https:\/\/www.noticiasperfil.com\/index\/2026\/01\/18\/veracruz-alista-su-oferta-turistica-ante-el-mercado-internacional-en-la-fitur\/","title":{"rendered":"Veracruz alista su oferta tur\u00edstica ante el mercado internacional en la FITUR"},"content":{"rendered":"\n<figure class=\"wp-block-gallery has-nested-images columns-default is-cropped wp-block-gallery-1 is-layout-flex wp-block-gallery-is-layout-flex\">\n<figure class=\"wp-block-image size-large\"><img loading=\"lazy\" decoding=\"async\" width=\"2560\" height=\"1706\" data-attachment-id=\"118565\" data-permalink=\"https:\/\/www.noticiasperfil.com\/index\/2026\/01\/18\/veracruz-alista-su-oferta-turistica-ante-el-mercado-internacional-en-la-fitur\/internacional-en-la-fitur2\/\" data-orig-file=\"https:\/\/i1.wp.com\/www.noticiasperfil.com\/index\/wp-content\/uploads\/2026\/01\/internacional-en-la-fitur2.jpeg?fit=2560%2C1706&amp;ssl=1\" data-orig-size=\"2560,1706\" data-comments-opened=\"1\" data-image-meta=\"{&quot;aperture&quot;:&quot;0&quot;,&quot;credit&quot;:&quot;&quot;,&quot;camera&quot;:&quot;&quot;,&quot;caption&quot;:&quot;&quot;,&quot;created_timestamp&quot;:&quot;0&quot;,&quot;copyright&quot;:&quot;&quot;,&quot;focal_length&quot;:&quot;0&quot;,&quot;iso&quot;:&quot;0&quot;,&quot;shutter_speed&quot;:&quot;0&quot;,&quot;title&quot;:&quot;&quot;,&quot;orientation&quot;:&quot;0&quot;}\" data-image-title=\"internacional-en-la-fitur2\" data-image-description=\"\" data-medium-file=\"https:\/\/i1.wp.com\/www.noticiasperfil.com\/index\/wp-content\/uploads\/2026\/01\/internacional-en-la-fitur2.jpeg?fit=660%2C365&amp;ssl=1\" data-large-file=\"https:\/\/i1.wp.com\/www.noticiasperfil.com\/index\/wp-content\/uploads\/2026\/01\/internacional-en-la-fitur2.jpeg?fit=640%2C366&amp;ssl=1\" data-id=\"118565\" src=\"https:\/\/i1.wp.com\/www.noticiasperfil.com\/index\/wp-content\/uploads\/2026\/01\/internacional-en-la-fitur2.jpeg?fit=640%2C366&amp;ssl=1\" alt=\"\" class=\"wp-image-118565\" srcset=\"https:\/\/i1.wp.com\/www.noticiasperfil.com\/index\/wp-content\/uploads\/2026\/01\/internacional-en-la-fitur2.jpeg?w=2560&amp;ssl=1 2560w, https:\/\/i1.wp.com\/www.noticiasperfil.com\/index\/wp-content\/uploads\/2026\/01\/internacional-en-la-fitur2.jpeg?resize=1536%2C1024&amp;ssl=1 1536w, https:\/\/i1.wp.com\/www.noticiasperfil.com\/index\/wp-content\/uploads\/2026\/01\/internacional-en-la-fitur2.jpeg?resize=2048%2C1365&amp;ssl=1 2048w, https:\/\/i1.wp.com\/www.noticiasperfil.com\/index\/wp-content\/uploads\/2026\/01\/internacional-en-la-fitur2.jpeg?w=1280&amp;ssl=1 1280w, https:\/\/i1.wp.com\/www.noticiasperfil.com\/index\/wp-content\/uploads\/2026\/01\/internacional-en-la-fitur2.jpeg?w=1920&amp;ssl=1 1920w\" sizes=\"auto, (max-width: 640px) 100vw, 640px\" \/><\/figure>\n\n\n\n<figure class=\"wp-block-image size-large\"><img loading=\"lazy\" decoding=\"async\" width=\"2560\" height=\"1706\" data-attachment-id=\"118564\" data-permalink=\"https:\/\/www.noticiasperfil.com\/index\/2026\/01\/18\/veracruz-alista-su-oferta-turistica-ante-el-mercado-internacional-en-la-fitur\/internacional-en-la-fitur3\/\" data-orig-file=\"https:\/\/i2.wp.com\/www.noticiasperfil.com\/index\/wp-content\/uploads\/2026\/01\/internacional-en-la-fitur3.jpeg?fit=2560%2C1706&amp;ssl=1\" data-orig-size=\"2560,1706\" data-comments-opened=\"1\" data-image-meta=\"{&quot;aperture&quot;:&quot;0&quot;,&quot;credit&quot;:&quot;&quot;,&quot;camera&quot;:&quot;&quot;,&quot;caption&quot;:&quot;&quot;,&quot;created_timestamp&quot;:&quot;0&quot;,&quot;copyright&quot;:&quot;&quot;,&quot;focal_length&quot;:&quot;0&quot;,&quot;iso&quot;:&quot;0&quot;,&quot;shutter_speed&quot;:&quot;0&quot;,&quot;title&quot;:&quot;&quot;,&quot;orientation&quot;:&quot;0&quot;}\" data-image-title=\"internacional-en-la-fitur3\" data-image-description=\"\" data-medium-file=\"https:\/\/i2.wp.com\/www.noticiasperfil.com\/index\/wp-content\/uploads\/2026\/01\/internacional-en-la-fitur3.jpeg?fit=660%2C365&amp;ssl=1\" data-large-file=\"https:\/\/i2.wp.com\/www.noticiasperfil.com\/index\/wp-content\/uploads\/2026\/01\/internacional-en-la-fitur3.jpeg?fit=640%2C366&amp;ssl=1\" data-id=\"118564\" src=\"https:\/\/i2.wp.com\/www.noticiasperfil.com\/index\/wp-content\/uploads\/2026\/01\/internacional-en-la-fitur3.jpeg?fit=640%2C366&amp;ssl=1\" alt=\"\" class=\"wp-image-118564\" srcset=\"https:\/\/i2.wp.com\/www.noticiasperfil.com\/index\/wp-content\/uploads\/2026\/01\/internacional-en-la-fitur3.jpeg?w=2560&amp;ssl=1 2560w, https:\/\/i2.wp.com\/www.noticiasperfil.com\/index\/wp-content\/uploads\/2026\/01\/internacional-en-la-fitur3.jpeg?resize=1536%2C1024&amp;ssl=1 1536w, https:\/\/i2.wp.com\/www.noticiasperfil.com\/index\/wp-content\/uploads\/2026\/01\/internacional-en-la-fitur3.jpeg?resize=2048%2C1365&amp;ssl=1 2048w, https:\/\/i2.wp.com\/www.noticiasperfil.com\/index\/wp-content\/uploads\/2026\/01\/internacional-en-la-fitur3.jpeg?w=1280&amp;ssl=1 1280w, https:\/\/i2.wp.com\/www.noticiasperfil.com\/index\/wp-content\/uploads\/2026\/01\/internacional-en-la-fitur3.jpeg?w=1920&amp;ssl=1 1920w\" sizes=\"auto, (max-width: 640px) 100vw, 640px\" \/><\/figure>\n\n\n\n<figure class=\"wp-block-image size-large\"><img loading=\"lazy\" decoding=\"async\" width=\"2560\" height=\"1706\" data-attachment-id=\"118563\" data-permalink=\"https:\/\/www.noticiasperfil.com\/index\/2026\/01\/18\/veracruz-alista-su-oferta-turistica-ante-el-mercado-internacional-en-la-fitur\/internacional-en-la-fitur4\/\" data-orig-file=\"https:\/\/i0.wp.com\/www.noticiasperfil.com\/index\/wp-content\/uploads\/2026\/01\/internacional-en-la-fitur4.jpeg?fit=2560%2C1706&amp;ssl=1\" data-orig-size=\"2560,1706\" data-comments-opened=\"1\" data-image-meta=\"{&quot;aperture&quot;:&quot;0&quot;,&quot;credit&quot;:&quot;&quot;,&quot;camera&quot;:&quot;&quot;,&quot;caption&quot;:&quot;&quot;,&quot;created_timestamp&quot;:&quot;0&quot;,&quot;copyright&quot;:&quot;&quot;,&quot;focal_length&quot;:&quot;0&quot;,&quot;iso&quot;:&quot;0&quot;,&quot;shutter_speed&quot;:&quot;0&quot;,&quot;title&quot;:&quot;&quot;,&quot;orientation&quot;:&quot;0&quot;}\" data-image-title=\"internacional-en-la-fitur4\" data-image-description=\"\" data-medium-file=\"https:\/\/i0.wp.com\/www.noticiasperfil.com\/index\/wp-content\/uploads\/2026\/01\/internacional-en-la-fitur4.jpeg?fit=660%2C365&amp;ssl=1\" data-large-file=\"https:\/\/i0.wp.com\/www.noticiasperfil.com\/index\/wp-content\/uploads\/2026\/01\/internacional-en-la-fitur4.jpeg?fit=640%2C366&amp;ssl=1\" data-id=\"118563\" src=\"https:\/\/i0.wp.com\/www.noticiasperfil.com\/index\/wp-content\/uploads\/2026\/01\/internacional-en-la-fitur4.jpeg?fit=640%2C366&amp;ssl=1\" alt=\"\" class=\"wp-image-118563\" srcset=\"https:\/\/i0.wp.com\/www.noticiasperfil.com\/index\/wp-content\/uploads\/2026\/01\/internacional-en-la-fitur4.jpeg?w=2560&amp;ssl=1 2560w, https:\/\/i0.wp.com\/www.noticiasperfil.com\/index\/wp-content\/uploads\/2026\/01\/internacional-en-la-fitur4.jpeg?resize=1536%2C1024&amp;ssl=1 1536w, https:\/\/i0.wp.com\/www.noticiasperfil.com\/index\/wp-content\/uploads\/2026\/01\/internacional-en-la-fitur4.jpeg?resize=2048%2C1365&amp;ssl=1 2048w, https:\/\/i0.wp.com\/www.noticiasperfil.com\/index\/wp-content\/uploads\/2026\/01\/internacional-en-la-fitur4.jpeg?w=1280&amp;ssl=1 1280w, https:\/\/i0.wp.com\/www.noticiasperfil.com\/index\/wp-content\/uploads\/2026\/01\/internacional-en-la-fitur4.jpeg?w=1920&amp;ssl=1 1920w\" sizes=\"auto, (max-width: 640px) 100vw, 640px\" \/><\/figure>\n<\/figure>\n\n\n\n<p>&gt;Agenda enfocada en la promoci\u00f3n y generaci\u00f3n de alianzas en la industria.<\/p>\n\n\n\n<p>&gt;Artesanos, m\u00fasicos, danzantes y especialistas integran la delegaci\u00f3n.<\/p>\n\n\n\n<p><strong>Xalapa, Ver., domingo 18 de enero de 2026.-<\/strong> La Secretar\u00eda de Cultura de Veracruz, en coordinaci\u00f3n con la Secretar\u00eda de Turismo, anuncia que durante su participaci\u00f3n en la Feria Internacional de Turismo (FITUR) 2026, a celebrarse en Madrid, Espa\u00f1a, desplegar\u00e1 una agenda de promoci\u00f3n cultural, gastron\u00f3mica y artesanal para visibilizar el patrimonio local y fortalecer el posicionamiento de sus destinos en mercados internacionales.<\/p>\n\n\n\n<p>La agenda de trabajo iniciar\u00e1 el 20 de enero con una activaci\u00f3n especial en la Casa M\u00e9xico en Madrid, con demostraciones de barismo, cocina tradicional y son jarocho. Posteriormente, del 21 al 25, las actividades se trasladar\u00e1n al recinto IFEMA, sede oficial de la FITUR, as\u00ed como a diversos sitios emblem\u00e1ticos de la capital espa\u00f1ola.<\/p>\n\n\n\n<p>La delegaci\u00f3n estar\u00e1 integrada por 22 especialistas y artistas, incluyendo artesanos, m\u00fasicos, jarochos, danzantes guaguas, baristas, una chamana, un brujo y un artista pl\u00e1stico, encargados de presentar danzas, m\u00fasica y tradici\u00f3n, dentro y fuera del recinto, para que miles de visitantes locales e internacionales conozcan la vitalidad de las tradiciones veracruzanas.<\/p>\n\n\n\n<p>Dentro del pabell\u00f3n, se establecer\u00e1 una barra de activaciones gastron\u00f3micas que incluir\u00e1 el tostado de caf\u00e9, los procesos de la vainilla y un m\u00f3dulo de Caf\u00e9 La Parroquia para ofrecer degustaciones del tradicional lechero. Adem\u00e1s, se promover\u00e1 la medicina tradicional para destacar este conocimiento ancestral como valor cultural de reconocimiento mundial.<\/p>\n\n\n\n<p>En el \u00e1mbito comercial y de negocios, Veracruz incentivar\u00e1 el cierre de acuerdos entre tour operadores, agencias de viajes y prestadores de servicios, presentando diversas rutas tur\u00edsticas y productos ic\u00f3nicos del estado, los cuales funcionan como atractivos fundamentales para el turismo extranjero.<\/p>\n\n\n\n<p>La estrategia de promoci\u00f3n tambi\u00e9n contempla la exhibici\u00f3n de piezas artesanales \u00fanicas elaboradas por manos veracruzanas, visibilizando el trabajo de las comunidades y fortaleciendo su patrimonio cultural.<\/p>\n\n\n\n<p>Sigue las redes sociales de la @SECVERoficial para conocer todas las acciones que confirman por qu\u00e9 Veracruz est\u00e1 de moda.<\/p>\n","protected":false},"excerpt":{"rendered":"<p>&gt;Agenda enfocada en la promoci\u00f3n y generaci\u00f3n de alianzas en la industria. &gt;Artesanos, m\u00fasicos, danzantes y especialistas integran la delegaci\u00f3n. Xalapa, Ver., domingo 18 de enero de 2026.- La Secretar\u00eda de Cultura de Veracruz, en coordinaci\u00f3n con la Secretar\u00eda de Turismo, anuncia que durante su participaci\u00f3n en la Feria Internacional de Turismo (FITUR) 2026, a celebrarse en Madrid, Espa\u00f1a, desplegar\u00e1 una agenda de promoci\u00f3n cultural, gastron\u00f3mica y artesanal para visibilizar el patrimonio local y fortalecer el posicionamiento de sus destinos en mercados internacionales. La agenda de trabajo iniciar\u00e1 el 20&hellip;<\/p>\n","protected":false},"author":1,"featured_media":118564,"comment_status":"open","ping_status":"closed","sticky":false,"template":"","format":"standard","meta":{"footnotes":""},"categories":[3,10618],"tags":[],"class_list":["post-118562","post","type-post","status-publish","format-standard","has-post-thumbnail","hentry","category-destacadas","category-eventos-culturales"],"jetpack-related-posts":[],"_links":{"self":[{"href":"https:\/\/www.noticiasperfil.com\/index\/wp-json\/wp\/v2\/posts\/118562","targetHints":{"allow":["GET"]}}],"collection":[{"href":"https:\/\/www.noticiasperfil.com\/index\/wp-json\/wp\/v2\/posts"}],"about":[{"href":"https:\/\/www.noticiasperfil.com\/index\/wp-json\/wp\/v2\/types\/post"}],"author":[{"embeddable":true,"href":"https:\/\/www.noticiasperfil.com\/index\/wp-json\/wp\/v2\/users\/1"}],"replies":[{"embeddable":true,"href":"https:\/\/www.noticiasperfil.com\/index\/wp-json\/wp\/v2\/comments?post=118562"}],"version-history":[{"count":1,"href":"https:\/\/www.noticiasperfil.com\/index\/wp-json\/wp\/v2\/posts\/118562\/revisions"}],"predecessor-version":[{"id":118567,"href":"https:\/\/www.noticiasperfil.com\/index\/wp-json\/wp\/v2\/posts\/118562\/revisions\/118567"}],"wp:featuredmedia":[{"embeddable":true,"href":"https:\/\/www.noticiasperfil.com\/index\/wp-json\/wp\/v2\/media\/118564"}],"wp:attachment":[{"href":"https:\/\/www.noticiasperfil.com\/index\/wp-json\/wp\/v2\/media?parent=118562"}],"wp:term":[{"taxonomy":"category","embeddable":true,"href":"https:\/\/www.noticiasperfil.com\/index\/wp-json\/wp\/v2\/categories?post=118562"},{"taxonomy":"post_tag","embeddable":true,"href":"https:\/\/www.noticiasperfil.com\/index\/wp-json\/wp\/v2\/tags?post=118562"}],"curies":[{"name":"wp","href":"https:\/\/api.w.org\/{rel}","templated":true}]}}