{"id":118568,"date":"2026-01-18T21:45:40","date_gmt":"2026-01-19T03:45:40","guid":{"rendered":"https:\/\/www.noticiasperfil.com\/index\/?p=118568"},"modified":"2026-01-18T21:45:43","modified_gmt":"2026-01-19T03:45:43","slug":"proyecto-xanath-cultivo-de-vainilla-para-la-reinsercion-social-ssp","status":"publish","type":"post","link":"https:\/\/www.noticiasperfil.com\/index\/2026\/01\/18\/proyecto-xanath-cultivo-de-vainilla-para-la-reinsercion-social-ssp\/","title":{"rendered":"Proyecto Xanath, cultivo de vainilla para la reinserci\u00f3n social: SSP"},"content":{"rendered":"\n<figure class=\"wp-block-gallery has-nested-images columns-default is-cropped wp-block-gallery-1 is-layout-flex wp-block-gallery-is-layout-flex\">\n<figure class=\"wp-block-image size-large\"><img loading=\"lazy\" decoding=\"async\" width=\"1280\" height=\"732\" data-attachment-id=\"118570\" data-permalink=\"https:\/\/www.noticiasperfil.com\/index\/2026\/01\/18\/proyecto-xanath-cultivo-de-vainilla-para-la-reinsercion-social-ssp\/cultivo-de-vainilla-para-la-reinsercion-social\/\" data-orig-file=\"https:\/\/i2.wp.com\/www.noticiasperfil.com\/index\/wp-content\/uploads\/2026\/01\/cultivo-de-vainilla-para-la-reinsercion-social.jpeg?fit=1280%2C732&amp;ssl=1\" data-orig-size=\"1280,732\" data-comments-opened=\"1\" data-image-meta=\"{&quot;aperture&quot;:&quot;0&quot;,&quot;credit&quot;:&quot;&quot;,&quot;camera&quot;:&quot;&quot;,&quot;caption&quot;:&quot;&quot;,&quot;created_timestamp&quot;:&quot;0&quot;,&quot;copyright&quot;:&quot;&quot;,&quot;focal_length&quot;:&quot;0&quot;,&quot;iso&quot;:&quot;0&quot;,&quot;shutter_speed&quot;:&quot;0&quot;,&quot;title&quot;:&quot;&quot;,&quot;orientation&quot;:&quot;0&quot;}\" data-image-title=\"cultivo-de-vainilla-para-la-reinsercion-social\" data-image-description=\"\" data-medium-file=\"https:\/\/i2.wp.com\/www.noticiasperfil.com\/index\/wp-content\/uploads\/2026\/01\/cultivo-de-vainilla-para-la-reinsercion-social.jpeg?fit=660%2C365&amp;ssl=1\" data-large-file=\"https:\/\/i2.wp.com\/www.noticiasperfil.com\/index\/wp-content\/uploads\/2026\/01\/cultivo-de-vainilla-para-la-reinsercion-social.jpeg?fit=640%2C366&amp;ssl=1\" data-id=\"118570\" src=\"https:\/\/i2.wp.com\/www.noticiasperfil.com\/index\/wp-content\/uploads\/2026\/01\/cultivo-de-vainilla-para-la-reinsercion-social.jpeg?fit=640%2C366&amp;ssl=1\" alt=\"\" class=\"wp-image-118570\" srcset=\"https:\/\/i2.wp.com\/www.noticiasperfil.com\/index\/wp-content\/uploads\/2026\/01\/cultivo-de-vainilla-para-la-reinsercion-social.jpeg?w=1280&amp;ssl=1 1280w, https:\/\/i2.wp.com\/www.noticiasperfil.com\/index\/wp-content\/uploads\/2026\/01\/cultivo-de-vainilla-para-la-reinsercion-social.jpeg?resize=840%2C480&amp;ssl=1 840w\" sizes=\"auto, (max-width: 640px) 100vw, 640px\" \/><\/figure>\n\n\n\n<figure class=\"wp-block-image size-large\"><img loading=\"lazy\" decoding=\"async\" width=\"1600\" height=\"1224\" data-attachment-id=\"118569\" data-permalink=\"https:\/\/www.noticiasperfil.com\/index\/2026\/01\/18\/proyecto-xanath-cultivo-de-vainilla-para-la-reinsercion-social-ssp\/cultivo-de-vainilla-para-la-reinsercion-social1\/\" data-orig-file=\"https:\/\/i2.wp.com\/www.noticiasperfil.com\/index\/wp-content\/uploads\/2026\/01\/cultivo-de-vainilla-para-la-reinsercion-social1.jpeg?fit=1600%2C1224&amp;ssl=1\" data-orig-size=\"1600,1224\" data-comments-opened=\"1\" data-image-meta=\"{&quot;aperture&quot;:&quot;0&quot;,&quot;credit&quot;:&quot;&quot;,&quot;camera&quot;:&quot;&quot;,&quot;caption&quot;:&quot;&quot;,&quot;created_timestamp&quot;:&quot;0&quot;,&quot;copyright&quot;:&quot;&quot;,&quot;focal_length&quot;:&quot;0&quot;,&quot;iso&quot;:&quot;0&quot;,&quot;shutter_speed&quot;:&quot;0&quot;,&quot;title&quot;:&quot;&quot;,&quot;orientation&quot;:&quot;0&quot;}\" data-image-title=\"cultivo-de-vainilla-para-la-reinsercion-social1\" data-image-description=\"\" data-medium-file=\"https:\/\/i2.wp.com\/www.noticiasperfil.com\/index\/wp-content\/uploads\/2026\/01\/cultivo-de-vainilla-para-la-reinsercion-social1.jpeg?fit=660%2C365&amp;ssl=1\" data-large-file=\"https:\/\/i2.wp.com\/www.noticiasperfil.com\/index\/wp-content\/uploads\/2026\/01\/cultivo-de-vainilla-para-la-reinsercion-social1.jpeg?fit=640%2C366&amp;ssl=1\" data-id=\"118569\" src=\"https:\/\/i2.wp.com\/www.noticiasperfil.com\/index\/wp-content\/uploads\/2026\/01\/cultivo-de-vainilla-para-la-reinsercion-social1.jpeg?fit=640%2C366&amp;ssl=1\" alt=\"\" class=\"wp-image-118569\" srcset=\"https:\/\/i2.wp.com\/www.noticiasperfil.com\/index\/wp-content\/uploads\/2026\/01\/cultivo-de-vainilla-para-la-reinsercion-social1.jpeg?w=1600&amp;ssl=1 1600w, https:\/\/i2.wp.com\/www.noticiasperfil.com\/index\/wp-content\/uploads\/2026\/01\/cultivo-de-vainilla-para-la-reinsercion-social1.jpeg?resize=1536%2C1175&amp;ssl=1 1536w, https:\/\/i2.wp.com\/www.noticiasperfil.com\/index\/wp-content\/uploads\/2026\/01\/cultivo-de-vainilla-para-la-reinsercion-social1.jpeg?w=1280&amp;ssl=1 1280w\" sizes=\"auto, (max-width: 640px) 100vw, 640px\" \/><\/figure>\n<\/figure>\n\n\n\n<p>&gt;Primera cosecha ser\u00e1 donada, como parte de su enfoque comunitario.<\/p>\n\n\n\n<p>&gt;El Centro Penitenciario de Papantla, reconocido a nivel nacional por la CNDH.<\/p>\n\n\n\n<p><strong>Xalapa, Ver., domingo 18 de enero de 2026.\u2013<\/strong> La Secretar\u00eda de Seguridad P\u00fablica impulsa acciones orientadas a una reinserci\u00f3n social efectiva de las Personas Privadas de la Libertad (PPL), mediante iniciativas productivas que promueven el empleo y la capacitaci\u00f3n en temas artesanales, manufacturero, de acuicultura y agricultura.<\/p>\n\n\n\n<p>Tal es el caso del Proyecto Xanath (vainilla, en lengua totonaca), iniciativa desarrollada al interior del Centro Penitenciario de Papantla, en la que participan al menos 10 internos y que se consolida como un modelo de rehabilitaci\u00f3n e integraci\u00f3n social, a trav\u00e9s del cultivo de esta orqu\u00eddea.<\/p>\n\n\n\n<p>El programa dio inicio en 2021 y debido a las caracter\u00edsticas de cultivo, fue necesario un per\u00edodo de cuatro a\u00f1os desde la siembra hasta la primera cosecha, que se dio hace unos d\u00edas, obteniendo la floraci\u00f3n de 480 plantas y una producci\u00f3n de siete kilogramos de vainilla de primera, segunda y tercera calidad.<\/p>\n\n\n\n<p>Al tratarse de la primera etapa productiva, se determin\u00f3 que la vainilla obtenida sea donada, reafirmando el car\u00e1cter social y comunitario de esta acci\u00f3n.<\/p>\n\n\n\n<p>Hasta el momento, las y los participantes han recibido dos procesos de capacitaci\u00f3n por parte de la Secretar\u00eda de Desarrollo Agropecuario, Rural y Pesca, adem\u00e1s de dos formaciones complementarias impartidas por un productor de la regi\u00f3n, lo que ha permitido fortalecer sus habilidades t\u00e9cnicas y productivas.<\/p>\n\n\n\n<p>Este esquema brinda herramientas laborales y conocimientos t\u00e9cnicos que permiten a las PPL reconstruir su proyecto de vida una vez que recuperen su libertad. Adem\u00e1s, se consolida como un plan \u00fanico dentro del sistema penitenciario estatal que reconoce y fortalece a los pueblos ind\u00edgenas, sector al que pertenece una parte importante de la poblaci\u00f3n penitenciaria involucrada.<\/p>\n\n\n\n<p>Durante dos visitas realizadas por la Cuarta Visitadur\u00eda de la Comisi\u00f3n Nacional de los Derechos Humanos, el Centro Penitenciario de Papantla fue reconocido como un referente a nivel nacional, derivado de las acciones implementadas en favor de la poblaci\u00f3n ind\u00edgena privada de la libertad.<\/p>\n\n\n\n<p>Las acciones de reinserci\u00f3n social se han establecido en esta administraci\u00f3n como prioritarias; iniciativas como el Proyecto Xanath, reafirman el compromiso del sistema penitenciario con una reinserci\u00f3n social humanista, productiva y con enfoque de total respeto a los derechos humanos, demostrando que su reintegraci\u00f3n a la sociedad es posible cuando se generan oportunidades reales de transformaci\u00f3n.<\/p>\n","protected":false},"excerpt":{"rendered":"<p>&gt;Primera cosecha ser\u00e1 donada, como parte de su enfoque comunitario. &gt;El Centro Penitenciario de Papantla, reconocido a nivel nacional por la CNDH. Xalapa, Ver., domingo 18 de enero de 2026.\u2013 La Secretar\u00eda de Seguridad P\u00fablica impulsa acciones orientadas a una reinserci\u00f3n social efectiva de las Personas Privadas de la Libertad (PPL), mediante iniciativas productivas que promueven el empleo y la capacitaci\u00f3n en temas artesanales, manufacturero, de acuicultura y agricultura. Tal es el caso del Proyecto Xanath (vainilla, en lengua totonaca), iniciativa desarrollada al interior del Centro Penitenciario de Papantla, en&hellip;<\/p>\n","protected":false},"author":1,"featured_media":118570,"comment_status":"open","ping_status":"closed","sticky":false,"template":"","format":"standard","meta":{"footnotes":""},"categories":[3,13],"tags":[],"class_list":["post-118568","post","type-post","status-publish","format-standard","has-post-thumbnail","hentry","category-destacadas","category-seguridad"],"jetpack-related-posts":[],"_links":{"self":[{"href":"https:\/\/www.noticiasperfil.com\/index\/wp-json\/wp\/v2\/posts\/118568","targetHints":{"allow":["GET"]}}],"collection":[{"href":"https:\/\/www.noticiasperfil.com\/index\/wp-json\/wp\/v2\/posts"}],"about":[{"href":"https:\/\/www.noticiasperfil.com\/index\/wp-json\/wp\/v2\/types\/post"}],"author":[{"embeddable":true,"href":"https:\/\/www.noticiasperfil.com\/index\/wp-json\/wp\/v2\/users\/1"}],"replies":[{"embeddable":true,"href":"https:\/\/www.noticiasperfil.com\/index\/wp-json\/wp\/v2\/comments?post=118568"}],"version-history":[{"count":1,"href":"https:\/\/www.noticiasperfil.com\/index\/wp-json\/wp\/v2\/posts\/118568\/revisions"}],"predecessor-version":[{"id":118571,"href":"https:\/\/www.noticiasperfil.com\/index\/wp-json\/wp\/v2\/posts\/118568\/revisions\/118571"}],"wp:featuredmedia":[{"embeddable":true,"href":"https:\/\/www.noticiasperfil.com\/index\/wp-json\/wp\/v2\/media\/118570"}],"wp:attachment":[{"href":"https:\/\/www.noticiasperfil.com\/index\/wp-json\/wp\/v2\/media?parent=118568"}],"wp:term":[{"taxonomy":"category","embeddable":true,"href":"https:\/\/www.noticiasperfil.com\/index\/wp-json\/wp\/v2\/categories?post=118568"},{"taxonomy":"post_tag","embeddable":true,"href":"https:\/\/www.noticiasperfil.com\/index\/wp-json\/wp\/v2\/tags?post=118568"}],"curies":[{"name":"wp","href":"https:\/\/api.w.org\/{rel}","templated":true}]}}