{"id":118584,"date":"2026-01-19T17:03:16","date_gmt":"2026-01-19T23:03:16","guid":{"rendered":"https:\/\/www.noticiasperfil.com\/index\/?p=118584"},"modified":"2026-01-19T17:03:19","modified_gmt":"2026-01-19T23:03:19","slug":"entrega-de-placas-a-domicilio-en-veracruz-comenzara-el-19-de-enero","status":"publish","type":"post","link":"https:\/\/www.noticiasperfil.com\/index\/2026\/01\/19\/entrega-de-placas-a-domicilio-en-veracruz-comenzara-el-19-de-enero\/","title":{"rendered":"Entrega de placas a domicilio en Veracruz comenzar\u00e1 el 19 de enero"},"content":{"rendered":"\n<figure class=\"wp-block-image size-full\"><img loading=\"lazy\" decoding=\"async\" width=\"1600\" height=\"1600\" data-attachment-id=\"114999\" data-permalink=\"https:\/\/www.noticiasperfil.com\/index\/2025\/09\/27\/pagos-al-personal-del-hospital-materno-infantil-se-completaran-a-mas-tardar-el-30-de-septiembre\/sefiplan\/\" data-orig-file=\"https:\/\/i0.wp.com\/www.noticiasperfil.com\/index\/wp-content\/uploads\/2025\/09\/sefiplan.jpg?fit=1600%2C1600&amp;ssl=1\" data-orig-size=\"1600,1600\" data-comments-opened=\"1\" data-image-meta=\"{&quot;aperture&quot;:&quot;0&quot;,&quot;credit&quot;:&quot;&quot;,&quot;camera&quot;:&quot;&quot;,&quot;caption&quot;:&quot;&quot;,&quot;created_timestamp&quot;:&quot;0&quot;,&quot;copyright&quot;:&quot;&quot;,&quot;focal_length&quot;:&quot;0&quot;,&quot;iso&quot;:&quot;0&quot;,&quot;shutter_speed&quot;:&quot;0&quot;,&quot;title&quot;:&quot;&quot;,&quot;orientation&quot;:&quot;0&quot;}\" data-image-title=\"sefiplan\" data-image-description=\"\" data-medium-file=\"https:\/\/i0.wp.com\/www.noticiasperfil.com\/index\/wp-content\/uploads\/2025\/09\/sefiplan.jpg?fit=660%2C365&amp;ssl=1\" data-large-file=\"https:\/\/i0.wp.com\/www.noticiasperfil.com\/index\/wp-content\/uploads\/2025\/09\/sefiplan.jpg?fit=640%2C366&amp;ssl=1\" src=\"https:\/\/i0.wp.com\/www.noticiasperfil.com\/index\/wp-content\/uploads\/2025\/09\/sefiplan.jpg?fit=1600%2C1600&amp;ssl=1\" alt=\"\" class=\"wp-image-114999\" srcset=\"https:\/\/i0.wp.com\/www.noticiasperfil.com\/index\/wp-content\/uploads\/2025\/09\/sefiplan.jpg?w=1600&amp;ssl=1 1600w, https:\/\/i0.wp.com\/www.noticiasperfil.com\/index\/wp-content\/uploads\/2025\/09\/sefiplan.jpg?resize=1536%2C1536&amp;ssl=1 1536w, https:\/\/i0.wp.com\/www.noticiasperfil.com\/index\/wp-content\/uploads\/2025\/09\/sefiplan.jpg?w=1280&amp;ssl=1 1280w\" sizes=\"auto, (max-width: 640px) 100vw, 640px\" \/><\/figure>\n\n\n\n<p><strong>Xalapa, Ver., <\/strong> Con env\u00edo gratuito hasta el 30 de junio, el Gobierno de Veracruz pondr\u00e1 en marcha el servicio de entrega de placas a domicilio, dirigido a veh\u00edculos con l\u00e1minas emitidas antes de diciembre de 2018, como parte del Programa de Canje de Placas 2026.<\/p>\n\n\n\n<p>El servicio iniciar\u00e1 a partir de este lunes 19 de enero y tendr\u00e1 car\u00e1cter permanente, con el prop\u00f3sito de facilitar los tr\u00e1mites vehiculares y mejorar la atenci\u00f3n a las y los contribuyentes mediante esquemas m\u00e1s \u00e1giles y accesibles.<\/p>\n\n\n\n<p>La entrega a domicilio aplicar\u00e1 para los tr\u00e1mites que actualmente se realizan en l\u00ednea: canje de placas para veh\u00edculos particulares, entrega de tarjeta de circulaci\u00f3n y entrega de calcoman\u00edas, en los casos que corresponda.<\/p>\n\n\n\n<p>Este esquema contempla adem\u00e1s la recolecci\u00f3n de las placas y tarjetas de circulaci\u00f3n que causan baja con motivo del canje, proceso que contar\u00e1 con mecanismos de seguimiento y localizaci\u00f3n, a fin de garantizar el control y la seguridad en cada operaci\u00f3n.<\/p>\n\n\n\n<p>Las y los contribuyentes podr\u00e1n solicitar este servicio exclusivamente a trav\u00e9s de la Oficina Virtual de Hacienda, en el sitio <a href=\"http:\/\/www.ovh.gob.mx\">http:\/\/www.ovh.gob.mx<\/a>, donde se concentran los tr\u00e1mites vehiculares disponibles en l\u00ednea.<\/p>\n","protected":false},"excerpt":{"rendered":"<p>Xalapa, Ver., Con env\u00edo gratuito hasta el 30 de junio, el Gobierno de Veracruz pondr\u00e1 en marcha el servicio de entrega de placas a domicilio, dirigido a veh\u00edculos con l\u00e1minas emitidas antes de diciembre de 2018, como parte del Programa de Canje de Placas 2026. El servicio iniciar\u00e1 a partir de este lunes 19 de enero y tendr\u00e1 car\u00e1cter permanente, con el prop\u00f3sito de facilitar los tr\u00e1mites vehiculares y mejorar la atenci\u00f3n a las y los contribuyentes mediante esquemas m\u00e1s \u00e1giles y accesibles. La entrega a domicilio aplicar\u00e1 para los&hellip;<\/p>\n","protected":false},"author":1,"featured_media":114999,"comment_status":"open","ping_status":"closed","sticky":false,"template":"","format":"standard","meta":{"footnotes":""},"categories":[1],"tags":[],"class_list":["post-118584","post","type-post","status-publish","format-standard","has-post-thumbnail","hentry","category-uncategorized"],"jetpack-related-posts":[],"_links":{"self":[{"href":"https:\/\/www.noticiasperfil.com\/index\/wp-json\/wp\/v2\/posts\/118584","targetHints":{"allow":["GET"]}}],"collection":[{"href":"https:\/\/www.noticiasperfil.com\/index\/wp-json\/wp\/v2\/posts"}],"about":[{"href":"https:\/\/www.noticiasperfil.com\/index\/wp-json\/wp\/v2\/types\/post"}],"author":[{"embeddable":true,"href":"https:\/\/www.noticiasperfil.com\/index\/wp-json\/wp\/v2\/users\/1"}],"replies":[{"embeddable":true,"href":"https:\/\/www.noticiasperfil.com\/index\/wp-json\/wp\/v2\/comments?post=118584"}],"version-history":[{"count":1,"href":"https:\/\/www.noticiasperfil.com\/index\/wp-json\/wp\/v2\/posts\/118584\/revisions"}],"predecessor-version":[{"id":118585,"href":"https:\/\/www.noticiasperfil.com\/index\/wp-json\/wp\/v2\/posts\/118584\/revisions\/118585"}],"wp:featuredmedia":[{"embeddable":true,"href":"https:\/\/www.noticiasperfil.com\/index\/wp-json\/wp\/v2\/media\/114999"}],"wp:attachment":[{"href":"https:\/\/www.noticiasperfil.com\/index\/wp-json\/wp\/v2\/media?parent=118584"}],"wp:term":[{"taxonomy":"category","embeddable":true,"href":"https:\/\/www.noticiasperfil.com\/index\/wp-json\/wp\/v2\/categories?post=118584"},{"taxonomy":"post_tag","embeddable":true,"href":"https:\/\/www.noticiasperfil.com\/index\/wp-json\/wp\/v2\/tags?post=118584"}],"curies":[{"name":"wp","href":"https:\/\/api.w.org\/{rel}","templated":true}]}}