{"id":118604,"date":"2026-01-20T18:45:09","date_gmt":"2026-01-21T00:45:09","guid":{"rendered":"https:\/\/www.noticiasperfil.com\/index\/?p=118604"},"modified":"2026-01-20T18:45:12","modified_gmt":"2026-01-21T00:45:12","slug":"jovenes-tenistas-veracruzanos-participaran-en-la-copa-del-cafe-2026","status":"publish","type":"post","link":"https:\/\/www.noticiasperfil.com\/index\/2026\/01\/20\/jovenes-tenistas-veracruzanos-participaran-en-la-copa-del-cafe-2026\/","title":{"rendered":"J\u00f3venes tenistas veracruzanos participar\u00e1n en la Copa del Caf\u00e9 2026"},"content":{"rendered":"\n<figure class=\"wp-block-image alignwide size-full\"><img loading=\"lazy\" decoding=\"async\" width=\"640\" height=\"374\" data-attachment-id=\"118605\" data-permalink=\"https:\/\/www.noticiasperfil.com\/index\/2026\/01\/20\/jovenes-tenistas-veracruzanos-participaran-en-la-copa-del-cafe-2026\/tenistas-veracruzanos-participaran-copa-cafe\/\" data-orig-file=\"https:\/\/i0.wp.com\/www.noticiasperfil.com\/index\/wp-content\/uploads\/2026\/01\/tenistas-veracruzanos-participaran-copa-cafe.jpeg?fit=770%2C450&amp;ssl=1\" data-orig-size=\"770,450\" data-comments-opened=\"1\" data-image-meta=\"{&quot;aperture&quot;:&quot;0&quot;,&quot;credit&quot;:&quot;&quot;,&quot;camera&quot;:&quot;&quot;,&quot;caption&quot;:&quot;&quot;,&quot;created_timestamp&quot;:&quot;0&quot;,&quot;copyright&quot;:&quot;&quot;,&quot;focal_length&quot;:&quot;0&quot;,&quot;iso&quot;:&quot;0&quot;,&quot;shutter_speed&quot;:&quot;0&quot;,&quot;title&quot;:&quot;&quot;,&quot;orientation&quot;:&quot;0&quot;}\" data-image-title=\"tenistas-veracruzanos-participaran-copa-cafe\" data-image-description=\"\" data-medium-file=\"https:\/\/i0.wp.com\/www.noticiasperfil.com\/index\/wp-content\/uploads\/2026\/01\/tenistas-veracruzanos-participaran-copa-cafe.jpeg?fit=660%2C365&amp;ssl=1\" data-large-file=\"https:\/\/i0.wp.com\/www.noticiasperfil.com\/index\/wp-content\/uploads\/2026\/01\/tenistas-veracruzanos-participaran-copa-cafe.jpeg?fit=640%2C374&amp;ssl=1\" src=\"https:\/\/i0.wp.com\/www.noticiasperfil.com\/index\/wp-content\/uploads\/2026\/01\/tenistas-veracruzanos-participaran-copa-cafe.jpeg?resize=640%2C374&#038;ssl=1\" alt=\"\" class=\"wp-image-118605\" data-recalc-dims=\"1\"\/><\/figure>\n\n\n\n<p><strong>Boca del R\u00edo, Ver., martes 20 de enero de 2026.-<\/strong> Los tenistas veracruzanos Hanne Estrada, Romina Dom\u00ednguez y Patricio \u00c1lvarez participar\u00e1n en la 61.\u00aa Copa del Caf\u00e9 2026, el tradicional J300 en San Jos\u00e9, Costa Rica, torneo juvenil de mayor trayectoria en Latinoam\u00e9rica, con la participaci\u00f3n habitual de m\u00e1s de 50 pa\u00edses.<\/p>\n\n\n\n<p>Hanne Estrada comienza su actividad en este 2026. Luego de ganar un t\u00edtulo en 2025 y alcanzar los cuartos de final en los J200 de Canad\u00e1 y Veracruz, as\u00ed como las semifinales en los J100 de Costa Rica y Rep\u00fablica Dominicana, por mencionar algunos de sus logros, en la clasificaci\u00f3n mundial combinada de la ITF se coloca como la segunda mejor mexicana juvenil, en el lugar 168.<\/p>\n\n\n\n<p>Romina Dom\u00ednguez recientemente particip\u00f3 en el Torneo Juvenil Internacional J60 de San Jos\u00e9, en Costa Rica, donde logr\u00f3 acceder hasta los cuartos de final, luego de haber terminado como l\u00edder de grupo. La veracruzana fue cuarta cabeza de serie y qued\u00f3 en el Grupo D junto con la canadiense Layla Notta, y las costarricenses Isabella Montero y Ana Isabel Montero.<\/p>\n\n\n\n<p>En lo que respecta a Patricio \u00c1lvarez, el medallista de oro de la Olimpiada Nacional CONADE 2025, comienza su actividad internacional en este 2026.<\/p>\n\n\n\n<p>El certamen juvenil de categor\u00eda J300 reunir\u00e1 a 64 tenistas provenientes de 22 pa\u00edses, quienes competir\u00e1n en las categor\u00edas U-18 y U-14.<\/p>\n","protected":false},"excerpt":{"rendered":"<p>Boca del R\u00edo, Ver., martes 20 de enero de 2026.- Los tenistas veracruzanos Hanne Estrada, Romina Dom\u00ednguez y Patricio \u00c1lvarez participar\u00e1n en la 61.\u00aa Copa del Caf\u00e9 2026, el tradicional J300 en San Jos\u00e9, Costa Rica, torneo juvenil de mayor trayectoria en Latinoam\u00e9rica, con la participaci\u00f3n habitual de m\u00e1s de 50 pa\u00edses. Hanne Estrada comienza su actividad en este 2026. Luego de ganar un t\u00edtulo en 2025 y alcanzar los cuartos de final en los J200 de Canad\u00e1 y Veracruz, as\u00ed como las semifinales en los J100 de Costa Rica&hellip;<\/p>\n","protected":false},"author":1,"featured_media":118605,"comment_status":"open","ping_status":"closed","sticky":false,"template":"","format":"standard","meta":{"footnotes":""},"categories":[10607,3],"tags":[],"class_list":["post-118604","post","type-post","status-publish","format-standard","has-post-thumbnail","hentry","category-deportes","category-destacadas"],"jetpack-related-posts":[],"_links":{"self":[{"href":"https:\/\/www.noticiasperfil.com\/index\/wp-json\/wp\/v2\/posts\/118604","targetHints":{"allow":["GET"]}}],"collection":[{"href":"https:\/\/www.noticiasperfil.com\/index\/wp-json\/wp\/v2\/posts"}],"about":[{"href":"https:\/\/www.noticiasperfil.com\/index\/wp-json\/wp\/v2\/types\/post"}],"author":[{"embeddable":true,"href":"https:\/\/www.noticiasperfil.com\/index\/wp-json\/wp\/v2\/users\/1"}],"replies":[{"embeddable":true,"href":"https:\/\/www.noticiasperfil.com\/index\/wp-json\/wp\/v2\/comments?post=118604"}],"version-history":[{"count":1,"href":"https:\/\/www.noticiasperfil.com\/index\/wp-json\/wp\/v2\/posts\/118604\/revisions"}],"predecessor-version":[{"id":118606,"href":"https:\/\/www.noticiasperfil.com\/index\/wp-json\/wp\/v2\/posts\/118604\/revisions\/118606"}],"wp:featuredmedia":[{"embeddable":true,"href":"https:\/\/www.noticiasperfil.com\/index\/wp-json\/wp\/v2\/media\/118605"}],"wp:attachment":[{"href":"https:\/\/www.noticiasperfil.com\/index\/wp-json\/wp\/v2\/media?parent=118604"}],"wp:term":[{"taxonomy":"category","embeddable":true,"href":"https:\/\/www.noticiasperfil.com\/index\/wp-json\/wp\/v2\/categories?post=118604"},{"taxonomy":"post_tag","embeddable":true,"href":"https:\/\/www.noticiasperfil.com\/index\/wp-json\/wp\/v2\/tags?post=118604"}],"curies":[{"name":"wp","href":"https:\/\/api.w.org\/{rel}","templated":true}]}}