{"id":118607,"date":"2026-01-20T18:54:54","date_gmt":"2026-01-21T00:54:54","guid":{"rendered":"https:\/\/www.noticiasperfil.com\/index\/?p=118607"},"modified":"2026-01-20T18:54:57","modified_gmt":"2026-01-21T00:54:57","slug":"invita-secver-a-la-conferencia-el-arte-regio-de-la-cultura-totonaca","status":"publish","type":"post","link":"https:\/\/www.noticiasperfil.com\/index\/2026\/01\/20\/invita-secver-a-la-conferencia-el-arte-regio-de-la-cultura-totonaca\/","title":{"rendered":"Invita SECVER a la conferencia El Arte Regio de la Cultura Totonaca"},"content":{"rendered":"\n<figure class=\"wp-block-image size-full\"><img loading=\"lazy\" decoding=\"async\" width=\"1600\" height=\"1600\" data-attachment-id=\"118608\" data-permalink=\"https:\/\/www.noticiasperfil.com\/index\/2026\/01\/20\/invita-secver-a-la-conferencia-el-arte-regio-de-la-cultura-totonaca\/conferencia-arte-regio-cultura-totonaca\/\" data-orig-file=\"https:\/\/i1.wp.com\/www.noticiasperfil.com\/index\/wp-content\/uploads\/2026\/01\/conferencia-arte-regio-cultura-totonaca.jpeg?fit=1600%2C1600&amp;ssl=1\" data-orig-size=\"1600,1600\" data-comments-opened=\"1\" data-image-meta=\"{&quot;aperture&quot;:&quot;0&quot;,&quot;credit&quot;:&quot;&quot;,&quot;camera&quot;:&quot;&quot;,&quot;caption&quot;:&quot;&quot;,&quot;created_timestamp&quot;:&quot;0&quot;,&quot;copyright&quot;:&quot;&quot;,&quot;focal_length&quot;:&quot;0&quot;,&quot;iso&quot;:&quot;0&quot;,&quot;shutter_speed&quot;:&quot;0&quot;,&quot;title&quot;:&quot;&quot;,&quot;orientation&quot;:&quot;0&quot;}\" data-image-title=\"conferencia-arte-regio-cultura-totonaca\" data-image-description=\"\" data-medium-file=\"https:\/\/i1.wp.com\/www.noticiasperfil.com\/index\/wp-content\/uploads\/2026\/01\/conferencia-arte-regio-cultura-totonaca.jpeg?fit=660%2C365&amp;ssl=1\" data-large-file=\"https:\/\/i1.wp.com\/www.noticiasperfil.com\/index\/wp-content\/uploads\/2026\/01\/conferencia-arte-regio-cultura-totonaca.jpeg?fit=640%2C366&amp;ssl=1\" src=\"https:\/\/i1.wp.com\/www.noticiasperfil.com\/index\/wp-content\/uploads\/2026\/01\/conferencia-arte-regio-cultura-totonaca.jpeg?fit=1600%2C1600&amp;ssl=1\" alt=\"\" class=\"wp-image-118608\" srcset=\"https:\/\/i1.wp.com\/www.noticiasperfil.com\/index\/wp-content\/uploads\/2026\/01\/conferencia-arte-regio-cultura-totonaca.jpeg?w=1600&amp;ssl=1 1600w, https:\/\/i1.wp.com\/www.noticiasperfil.com\/index\/wp-content\/uploads\/2026\/01\/conferencia-arte-regio-cultura-totonaca.jpeg?resize=1536%2C1536&amp;ssl=1 1536w, https:\/\/i1.wp.com\/www.noticiasperfil.com\/index\/wp-content\/uploads\/2026\/01\/conferencia-arte-regio-cultura-totonaca.jpeg?w=1280&amp;ssl=1 1280w\" sizes=\"auto, (max-width: 640px) 100vw, 640px\" \/><\/figure>\n\n\n\n<p><strong>Xalapa, Ver., martes 20 de enero de 2026.- <\/strong>La Secretar\u00eda de Cultura de Veracruz (SECVER) invita al p\u00fablico en general a participar en la conferencia El Arte Regio de la Cultura Totonaca, el pr\u00f3ximo viernes 23 de enero, a las 18:00 horas, en las instalaciones del Museo Teodoro Cano, de Papantla. La entrada es libre.<\/p>\n\n\n\n<p>Se trata de un di\u00e1logo que busca difundir el conocimiento hist\u00f3rico, simb\u00f3lico y cultural de la regi\u00f3n del Totonacapan, a trav\u00e9s del an\u00e1lisis y la reflexi\u00f3n en torno a la cosmovisi\u00f3n, el pensamiento ancestral y el legado cultural de los pueblos originarios.<\/p>\n\n\n\n<p>El evento estar\u00e1 a cargo de \u00c1ngel C\u00e1rdenas Gonz\u00e1lez, destacado investigador, conferencista y promotor cultural, autor de las publicaciones La pir\u00e1mide de Taj\u00edn develada (2016) y El Mensaje Cr\u00edstico de la Danza de los Voladores (2023). Form\u00f3 parte de la Compa\u00f1\u00eda Nacional de Subsistencias Populares en Veracruz, as\u00ed como del Programa Federal Sembrando Vida.<\/p>\n\n\n\n<p>Para conocer m\u00e1s informaci\u00f3n, consulta las redes sociales del @MuseoTeodoroCano. Sigue las redes sociales de @SECVERoficial para conocer todas las acciones que confirman por qu\u00e9 #VeracruzEst\u00e1DeModa.<\/p>\n","protected":false},"excerpt":{"rendered":"<p>Xalapa, Ver., martes 20 de enero de 2026.- La Secretar\u00eda de Cultura de Veracruz (SECVER) invita al p\u00fablico en general a participar en la conferencia El Arte Regio de la Cultura Totonaca, el pr\u00f3ximo viernes 23 de enero, a las 18:00 horas, en las instalaciones del Museo Teodoro Cano, de Papantla. La entrada es libre. Se trata de un di\u00e1logo que busca difundir el conocimiento hist\u00f3rico, simb\u00f3lico y cultural de la regi\u00f3n del Totonacapan, a trav\u00e9s del an\u00e1lisis y la reflexi\u00f3n en torno a la cosmovisi\u00f3n, el pensamiento ancestral y&hellip;<\/p>\n","protected":false},"author":1,"featured_media":118608,"comment_status":"open","ping_status":"closed","sticky":false,"template":"","format":"standard","meta":{"footnotes":""},"categories":[3,10618],"tags":[],"class_list":["post-118607","post","type-post","status-publish","format-standard","has-post-thumbnail","hentry","category-destacadas","category-eventos-culturales"],"jetpack-related-posts":[],"_links":{"self":[{"href":"https:\/\/www.noticiasperfil.com\/index\/wp-json\/wp\/v2\/posts\/118607","targetHints":{"allow":["GET"]}}],"collection":[{"href":"https:\/\/www.noticiasperfil.com\/index\/wp-json\/wp\/v2\/posts"}],"about":[{"href":"https:\/\/www.noticiasperfil.com\/index\/wp-json\/wp\/v2\/types\/post"}],"author":[{"embeddable":true,"href":"https:\/\/www.noticiasperfil.com\/index\/wp-json\/wp\/v2\/users\/1"}],"replies":[{"embeddable":true,"href":"https:\/\/www.noticiasperfil.com\/index\/wp-json\/wp\/v2\/comments?post=118607"}],"version-history":[{"count":1,"href":"https:\/\/www.noticiasperfil.com\/index\/wp-json\/wp\/v2\/posts\/118607\/revisions"}],"predecessor-version":[{"id":118609,"href":"https:\/\/www.noticiasperfil.com\/index\/wp-json\/wp\/v2\/posts\/118607\/revisions\/118609"}],"wp:featuredmedia":[{"embeddable":true,"href":"https:\/\/www.noticiasperfil.com\/index\/wp-json\/wp\/v2\/media\/118608"}],"wp:attachment":[{"href":"https:\/\/www.noticiasperfil.com\/index\/wp-json\/wp\/v2\/media?parent=118607"}],"wp:term":[{"taxonomy":"category","embeddable":true,"href":"https:\/\/www.noticiasperfil.com\/index\/wp-json\/wp\/v2\/categories?post=118607"},{"taxonomy":"post_tag","embeddable":true,"href":"https:\/\/www.noticiasperfil.com\/index\/wp-json\/wp\/v2\/tags?post=118607"}],"curies":[{"name":"wp","href":"https:\/\/api.w.org\/{rel}","templated":true}]}}