{"id":118613,"date":"2026-01-20T19:01:43","date_gmt":"2026-01-21T01:01:43","guid":{"rendered":"https:\/\/www.noticiasperfil.com\/index\/?p=118613"},"modified":"2026-01-20T19:01:45","modified_gmt":"2026-01-21T01:01:45","slug":"con-muestra-gastronomica-inicia-promocion-de-veracruz-en-espana","status":"publish","type":"post","link":"https:\/\/www.noticiasperfil.com\/index\/2026\/01\/20\/con-muestra-gastronomica-inicia-promocion-de-veracruz-en-espana\/","title":{"rendered":"Con muestra gastron\u00f3mica inicia promoci\u00f3n de Veracruz en Espa\u00f1a"},"content":{"rendered":"\n<figure class=\"wp-block-gallery has-nested-images columns-default is-cropped wp-block-gallery-1 is-layout-flex wp-block-gallery-is-layout-flex\">\n<figure class=\"wp-block-image\"><img loading=\"lazy\" decoding=\"async\" width=\"640\" height=\"427\" data-attachment-id=\"118617\" data-permalink=\"https:\/\/www.noticiasperfil.com\/index\/2026\/01\/20\/con-muestra-gastronomica-inicia-promocion-de-veracruz-en-espana\/muestra-gastronomica-inicia-promocion-veracruz4\/\" data-orig-file=\"https:\/\/i1.wp.com\/www.noticiasperfil.com\/index\/wp-content\/uploads\/2026\/01\/muestra-gastronomica-inicia-promocion-veracruz4.jpeg?fit=1280%2C854&amp;ssl=1\" data-orig-size=\"1280,854\" data-comments-opened=\"1\" data-image-meta=\"{&quot;aperture&quot;:&quot;0&quot;,&quot;credit&quot;:&quot;&quot;,&quot;camera&quot;:&quot;&quot;,&quot;caption&quot;:&quot;&quot;,&quot;created_timestamp&quot;:&quot;0&quot;,&quot;copyright&quot;:&quot;&quot;,&quot;focal_length&quot;:&quot;0&quot;,&quot;iso&quot;:&quot;0&quot;,&quot;shutter_speed&quot;:&quot;0&quot;,&quot;title&quot;:&quot;&quot;,&quot;orientation&quot;:&quot;0&quot;}\" data-image-title=\"muestra-gastronomica-inicia-promocion-veracruz4\" data-image-description=\"\" data-medium-file=\"https:\/\/i1.wp.com\/www.noticiasperfil.com\/index\/wp-content\/uploads\/2026\/01\/muestra-gastronomica-inicia-promocion-veracruz4.jpeg?fit=660%2C365&amp;ssl=1\" data-large-file=\"https:\/\/i1.wp.com\/www.noticiasperfil.com\/index\/wp-content\/uploads\/2026\/01\/muestra-gastronomica-inicia-promocion-veracruz4.jpeg?fit=640%2C366&amp;ssl=1\" data-id=\"118617\" src=\"https:\/\/i1.wp.com\/www.noticiasperfil.com\/index\/wp-content\/uploads\/2026\/01\/muestra-gastronomica-inicia-promocion-veracruz4.jpeg?resize=640%2C427&#038;ssl=1\" alt=\"\" class=\"wp-image-118617\" data-recalc-dims=\"1\"\/><\/figure>\n\n\n\n<figure class=\"wp-block-image\"><img loading=\"lazy\" decoding=\"async\" width=\"640\" height=\"427\" data-attachment-id=\"118616\" data-permalink=\"https:\/\/www.noticiasperfil.com\/index\/2026\/01\/20\/con-muestra-gastronomica-inicia-promocion-de-veracruz-en-espana\/muestra-gastronomica-inicia-promocion-veracruz3\/\" data-orig-file=\"https:\/\/i0.wp.com\/www.noticiasperfil.com\/index\/wp-content\/uploads\/2026\/01\/muestra-gastronomica-inicia-promocion-veracruz3.jpeg?fit=1280%2C854&amp;ssl=1\" data-orig-size=\"1280,854\" data-comments-opened=\"1\" data-image-meta=\"{&quot;aperture&quot;:&quot;0&quot;,&quot;credit&quot;:&quot;&quot;,&quot;camera&quot;:&quot;&quot;,&quot;caption&quot;:&quot;&quot;,&quot;created_timestamp&quot;:&quot;0&quot;,&quot;copyright&quot;:&quot;&quot;,&quot;focal_length&quot;:&quot;0&quot;,&quot;iso&quot;:&quot;0&quot;,&quot;shutter_speed&quot;:&quot;0&quot;,&quot;title&quot;:&quot;&quot;,&quot;orientation&quot;:&quot;0&quot;}\" data-image-title=\"muestra-gastronomica-inicia-promocion-veracruz3\" data-image-description=\"\" data-medium-file=\"https:\/\/i0.wp.com\/www.noticiasperfil.com\/index\/wp-content\/uploads\/2026\/01\/muestra-gastronomica-inicia-promocion-veracruz3.jpeg?fit=660%2C365&amp;ssl=1\" data-large-file=\"https:\/\/i0.wp.com\/www.noticiasperfil.com\/index\/wp-content\/uploads\/2026\/01\/muestra-gastronomica-inicia-promocion-veracruz3.jpeg?fit=640%2C366&amp;ssl=1\" data-id=\"118616\" src=\"https:\/\/i0.wp.com\/www.noticiasperfil.com\/index\/wp-content\/uploads\/2026\/01\/muestra-gastronomica-inicia-promocion-veracruz3.jpeg?resize=640%2C427&#038;ssl=1\" alt=\"\" class=\"wp-image-118616\" data-recalc-dims=\"1\"\/><\/figure>\n\n\n\n<figure class=\"wp-block-image\"><img loading=\"lazy\" decoding=\"async\" width=\"640\" height=\"427\" data-attachment-id=\"118615\" data-permalink=\"https:\/\/www.noticiasperfil.com\/index\/2026\/01\/20\/con-muestra-gastronomica-inicia-promocion-de-veracruz-en-espana\/muestra-gastronomica-inicia-promocion-veracruz2\/\" data-orig-file=\"https:\/\/i1.wp.com\/www.noticiasperfil.com\/index\/wp-content\/uploads\/2026\/01\/muestra-gastronomica-inicia-promocion-veracruz2.jpeg?fit=1280%2C854&amp;ssl=1\" data-orig-size=\"1280,854\" data-comments-opened=\"1\" data-image-meta=\"{&quot;aperture&quot;:&quot;0&quot;,&quot;credit&quot;:&quot;&quot;,&quot;camera&quot;:&quot;&quot;,&quot;caption&quot;:&quot;&quot;,&quot;created_timestamp&quot;:&quot;0&quot;,&quot;copyright&quot;:&quot;&quot;,&quot;focal_length&quot;:&quot;0&quot;,&quot;iso&quot;:&quot;0&quot;,&quot;shutter_speed&quot;:&quot;0&quot;,&quot;title&quot;:&quot;&quot;,&quot;orientation&quot;:&quot;0&quot;}\" data-image-title=\"muestra-gastronomica-inicia-promocion-veracruz2\" data-image-description=\"\" data-medium-file=\"https:\/\/i1.wp.com\/www.noticiasperfil.com\/index\/wp-content\/uploads\/2026\/01\/muestra-gastronomica-inicia-promocion-veracruz2.jpeg?fit=660%2C365&amp;ssl=1\" data-large-file=\"https:\/\/i1.wp.com\/www.noticiasperfil.com\/index\/wp-content\/uploads\/2026\/01\/muestra-gastronomica-inicia-promocion-veracruz2.jpeg?fit=640%2C366&amp;ssl=1\" data-id=\"118615\" src=\"https:\/\/i1.wp.com\/www.noticiasperfil.com\/index\/wp-content\/uploads\/2026\/01\/muestra-gastronomica-inicia-promocion-veracruz2.jpeg?resize=640%2C427&#038;ssl=1\" alt=\"\" class=\"wp-image-118615\" data-recalc-dims=\"1\"\/><\/figure>\n\n\n\n<figure class=\"wp-block-image\"><img loading=\"lazy\" decoding=\"async\" width=\"640\" height=\"427\" data-attachment-id=\"118614\" data-permalink=\"https:\/\/www.noticiasperfil.com\/index\/2026\/01\/20\/con-muestra-gastronomica-inicia-promocion-de-veracruz-en-espana\/muestra-gastronomica-inicia-promocion-veracruz1\/\" data-orig-file=\"https:\/\/i0.wp.com\/www.noticiasperfil.com\/index\/wp-content\/uploads\/2026\/01\/muestra-gastronomica-inicia-promocion-veracruz1.jpeg?fit=1280%2C854&amp;ssl=1\" data-orig-size=\"1280,854\" data-comments-opened=\"1\" data-image-meta=\"{&quot;aperture&quot;:&quot;0&quot;,&quot;credit&quot;:&quot;&quot;,&quot;camera&quot;:&quot;&quot;,&quot;caption&quot;:&quot;&quot;,&quot;created_timestamp&quot;:&quot;0&quot;,&quot;copyright&quot;:&quot;&quot;,&quot;focal_length&quot;:&quot;0&quot;,&quot;iso&quot;:&quot;0&quot;,&quot;shutter_speed&quot;:&quot;0&quot;,&quot;title&quot;:&quot;&quot;,&quot;orientation&quot;:&quot;0&quot;}\" data-image-title=\"muestra-gastronomica-inicia-promocion-veracruz1\" data-image-description=\"\" data-medium-file=\"https:\/\/i0.wp.com\/www.noticiasperfil.com\/index\/wp-content\/uploads\/2026\/01\/muestra-gastronomica-inicia-promocion-veracruz1.jpeg?fit=660%2C365&amp;ssl=1\" data-large-file=\"https:\/\/i0.wp.com\/www.noticiasperfil.com\/index\/wp-content\/uploads\/2026\/01\/muestra-gastronomica-inicia-promocion-veracruz1.jpeg?fit=640%2C366&amp;ssl=1\" data-id=\"118614\" src=\"https:\/\/i0.wp.com\/www.noticiasperfil.com\/index\/wp-content\/uploads\/2026\/01\/muestra-gastronomica-inicia-promocion-veracruz1.jpeg?resize=640%2C427&#038;ssl=1\" alt=\"\" class=\"wp-image-118614\" data-recalc-dims=\"1\"\/><\/figure>\n<\/figure>\n\n\n\n<blockquote class=\"wp-block-quote is-layout-flow wp-block-quote-is-layout-flow\">\n<p>Presentes los 13 pueblos originarios.<\/p>\n<\/blockquote>\n\n\n\n<p><strong>Madrid, Esp., martes 20 de enero de 2026.-<\/strong> Previo a la inauguraci\u00f3n de la Feria Internacional del Turismo (FITUR), cocineras tradicionales, chefs y representantes de 13 pueblos originarios engalanaron las instalaciones de la Fundaci\u00f3n Casa de M\u00e9xico en Espa\u00f1a, al presentar La Magia Gastron\u00f3mica de Veracruz.<\/p>\n\n\n\n<p>Con ello, los secretarios de Cultura de Veracruz, X\u00f3chitl Molina Gonz\u00e1lez y de Turismo, Igor Roj\u00ed L\u00f3pez, inauguraron las actividades de promoci\u00f3n y cultura, impulsadas por la administraci\u00f3n de la gobernadora Roc\u00edo Nahle Garc\u00eda.<\/p>\n\n\n\n<p>Los asistentes realizaron un recorrido sensorial por sabores, aromas y tradiciones, a trav\u00e9s de platillos emblem\u00e1ticos elaborados con ingredientes locales y t\u00e9cnicas ancestrales, reflejo del mestizaje cultural que distingue a la cocina veracruzana.<\/p>\n\n\n\n<p>La entidad ofrece desde zonas arqueol\u00f3gicas que conforman su patrimonio cultural e hist\u00f3rico, hasta paisajes naturales que hacen sinergia con la sabidur\u00eda ancestral, creando rutas m\u00edsticas en la selva de Los Tuxtlas y Catemaco.<\/p>\n\n\n\n<p>Expresiones art\u00edsticas como el fandango, son jarocho, zapateado, danzas llenas de identidad, as\u00ed como los destinos emblem\u00e1ticos de Orizaba y Papantla, tambi\u00e9n son parte de lo que promueve en Europa.<\/p>\n\n\n\n<p>En el marco de la FITUR, Veracruz busca establecer vinculaciones estrat\u00e9gicas comerciales a trav\u00e9s de empresas, prestadores de servicios y turoperadores locales con sus contrapartes espa\u00f1olas; adem\u00e1s de generar rutas de trabajo para atraer visitantes.<\/p>\n\n\n\n<p>La riqueza culinaria estuvo representada por Juana Luna, chef veracruzana embajadora de M\u00e9xico en Espa\u00f1a; Jorge Orozco, embajador y articulador de la ruta de cocina prehisp\u00e1nica de M\u00e9xico en el mundo y Clara Carrera P\u00e9rez, mejor conocida como do\u00f1a Clarita; as\u00ed como los celebrity chefs Lissette Garc\u00eda, Sergio Nava, Jorge Woolrich y Ricardo Quistian, quienes unieron talento y creatividad para ofrecer una experiencia memorable.<\/p>\n\n\n\n<p>Estuvieron tambi\u00e9n la chamana Mar\u00eda Elena Mart\u00ednez Mixtega y el brujo mayor Enrique Marthen Berd\u00f3n, quienes realizar\u00e1n un ritual y compartir\u00e1n su sabidur\u00eda ancestral durante la inauguraci\u00f3n de la Feria, en el IFEMA Madrid.<\/p>\n\n\n\n<p>El Gobierno del Estado agradece a la Fundaci\u00f3n Casa de M\u00e9xico en Espa\u00f1a por el recibimiento y atenciones en sus espacios para consolidar la presencia del estado en el mercado tur\u00edstico internacional.<\/p>\n\n\n\n<p>Sigue las redes sociales de la @SECVERoficial para conocer las acciones que confirman por qu\u00e9 Veracruz est\u00e1 de moda.<\/p>\n","protected":false},"excerpt":{"rendered":"<p>Presentes los 13 pueblos originarios. Madrid, Esp., martes 20 de enero de 2026.- Previo a la inauguraci\u00f3n de la Feria Internacional del Turismo (FITUR), cocineras tradicionales, chefs y representantes de 13 pueblos originarios engalanaron las instalaciones de la Fundaci\u00f3n Casa de M\u00e9xico en Espa\u00f1a, al presentar La Magia Gastron\u00f3mica de Veracruz. Con ello, los secretarios de Cultura de Veracruz, X\u00f3chitl Molina Gonz\u00e1lez y de Turismo, Igor Roj\u00ed L\u00f3pez, inauguraron las actividades de promoci\u00f3n y cultura, impulsadas por la administraci\u00f3n de la gobernadora Roc\u00edo Nahle Garc\u00eda. Los asistentes realizaron un recorrido&hellip;<\/p>\n","protected":false},"author":1,"featured_media":118617,"comment_status":"open","ping_status":"closed","sticky":false,"template":"","format":"standard","meta":{"footnotes":""},"categories":[3,10618],"tags":[],"class_list":["post-118613","post","type-post","status-publish","format-standard","has-post-thumbnail","hentry","category-destacadas","category-eventos-culturales"],"jetpack-related-posts":[],"_links":{"self":[{"href":"https:\/\/www.noticiasperfil.com\/index\/wp-json\/wp\/v2\/posts\/118613","targetHints":{"allow":["GET"]}}],"collection":[{"href":"https:\/\/www.noticiasperfil.com\/index\/wp-json\/wp\/v2\/posts"}],"about":[{"href":"https:\/\/www.noticiasperfil.com\/index\/wp-json\/wp\/v2\/types\/post"}],"author":[{"embeddable":true,"href":"https:\/\/www.noticiasperfil.com\/index\/wp-json\/wp\/v2\/users\/1"}],"replies":[{"embeddable":true,"href":"https:\/\/www.noticiasperfil.com\/index\/wp-json\/wp\/v2\/comments?post=118613"}],"version-history":[{"count":1,"href":"https:\/\/www.noticiasperfil.com\/index\/wp-json\/wp\/v2\/posts\/118613\/revisions"}],"predecessor-version":[{"id":118618,"href":"https:\/\/www.noticiasperfil.com\/index\/wp-json\/wp\/v2\/posts\/118613\/revisions\/118618"}],"wp:featuredmedia":[{"embeddable":true,"href":"https:\/\/www.noticiasperfil.com\/index\/wp-json\/wp\/v2\/media\/118617"}],"wp:attachment":[{"href":"https:\/\/www.noticiasperfil.com\/index\/wp-json\/wp\/v2\/media?parent=118613"}],"wp:term":[{"taxonomy":"category","embeddable":true,"href":"https:\/\/www.noticiasperfil.com\/index\/wp-json\/wp\/v2\/categories?post=118613"},{"taxonomy":"post_tag","embeddable":true,"href":"https:\/\/www.noticiasperfil.com\/index\/wp-json\/wp\/v2\/tags?post=118613"}],"curies":[{"name":"wp","href":"https:\/\/api.w.org\/{rel}","templated":true}]}}