{"id":118626,"date":"2026-01-21T20:19:44","date_gmt":"2026-01-22T02:19:44","guid":{"rendered":"https:\/\/www.noticiasperfil.com\/index\/?p=118626"},"modified":"2026-02-06T21:18:12","modified_gmt":"2026-02-07T03:18:12","slug":"voluntad-institucional-para-transformar-la-procuracion-de-justicia-en-veracruz","status":"publish","type":"post","link":"https:\/\/www.noticiasperfil.com\/index\/2026\/01\/21\/voluntad-institucional-para-transformar-la-procuracion-de-justicia-en-veracruz\/","title":{"rendered":"Voluntad institucional para transformar la procuraci\u00f3n de justicia en Veracruz:"},"content":{"rendered":"\n<figure class=\"wp-block-gallery has-nested-images columns-default is-cropped wp-block-gallery-1 is-layout-flex wp-block-gallery-is-layout-flex\">\n<figure class=\"wp-block-image size-large\"><img loading=\"lazy\" decoding=\"async\" width=\"1280\" height=\"1210\" data-attachment-id=\"118631\" data-permalink=\"https:\/\/www.noticiasperfil.com\/index\/2026\/01\/21\/voluntad-institucional-para-transformar-la-procuracion-de-justicia-en-veracruz\/voluntad-institucional-transformar-justicia-veracruz-02\/\" data-orig-file=\"https:\/\/i0.wp.com\/www.noticiasperfil.com\/index\/wp-content\/uploads\/2026\/01\/voluntad-institucional-transformar-justicia-veracruz-02.jpg?fit=1280%2C1210&amp;ssl=1\" data-orig-size=\"1280,1210\" data-comments-opened=\"1\" data-image-meta=\"{&quot;aperture&quot;:&quot;0&quot;,&quot;credit&quot;:&quot;&quot;,&quot;camera&quot;:&quot;&quot;,&quot;caption&quot;:&quot;&quot;,&quot;created_timestamp&quot;:&quot;0&quot;,&quot;copyright&quot;:&quot;&quot;,&quot;focal_length&quot;:&quot;0&quot;,&quot;iso&quot;:&quot;0&quot;,&quot;shutter_speed&quot;:&quot;0&quot;,&quot;title&quot;:&quot;&quot;,&quot;orientation&quot;:&quot;0&quot;}\" data-image-title=\"voluntad-institucional-transformar-justicia-veracruz-02\" data-image-description=\"\" data-medium-file=\"https:\/\/i0.wp.com\/www.noticiasperfil.com\/index\/wp-content\/uploads\/2026\/01\/voluntad-institucional-transformar-justicia-veracruz-02.jpg?fit=660%2C365&amp;ssl=1\" data-large-file=\"https:\/\/i0.wp.com\/www.noticiasperfil.com\/index\/wp-content\/uploads\/2026\/01\/voluntad-institucional-transformar-justicia-veracruz-02.jpg?fit=640%2C366&amp;ssl=1\" data-id=\"118631\" src=\"https:\/\/i0.wp.com\/www.noticiasperfil.com\/index\/wp-content\/uploads\/2026\/01\/voluntad-institucional-transformar-justicia-veracruz-02.jpg?fit=640%2C366&amp;ssl=1\" alt=\"\" class=\"wp-image-118631\"\/><\/figure>\n\n\n\n<figure class=\"wp-block-image size-large\"><img loading=\"lazy\" decoding=\"async\" width=\"1243\" height=\"1280\" data-attachment-id=\"118630\" data-permalink=\"https:\/\/www.noticiasperfil.com\/index\/2026\/01\/21\/voluntad-institucional-para-transformar-la-procuracion-de-justicia-en-veracruz\/voluntad-institucional-transformar-justicia-veracruz-01\/\" data-orig-file=\"https:\/\/i1.wp.com\/www.noticiasperfil.com\/index\/wp-content\/uploads\/2026\/01\/voluntad-institucional-transformar-justicia-veracruz-01.jpg?fit=1243%2C1280&amp;ssl=1\" data-orig-size=\"1243,1280\" data-comments-opened=\"1\" data-image-meta=\"{&quot;aperture&quot;:&quot;0&quot;,&quot;credit&quot;:&quot;&quot;,&quot;camera&quot;:&quot;&quot;,&quot;caption&quot;:&quot;&quot;,&quot;created_timestamp&quot;:&quot;0&quot;,&quot;copyright&quot;:&quot;&quot;,&quot;focal_length&quot;:&quot;0&quot;,&quot;iso&quot;:&quot;0&quot;,&quot;shutter_speed&quot;:&quot;0&quot;,&quot;title&quot;:&quot;&quot;,&quot;orientation&quot;:&quot;0&quot;}\" data-image-title=\"voluntad-institucional-transformar-justicia-veracruz-01\" data-image-description=\"\" data-medium-file=\"https:\/\/i1.wp.com\/www.noticiasperfil.com\/index\/wp-content\/uploads\/2026\/01\/voluntad-institucional-transformar-justicia-veracruz-01.jpg?fit=660%2C365&amp;ssl=1\" data-large-file=\"https:\/\/i1.wp.com\/www.noticiasperfil.com\/index\/wp-content\/uploads\/2026\/01\/voluntad-institucional-transformar-justicia-veracruz-01.jpg?fit=640%2C366&amp;ssl=1\" data-id=\"118630\" src=\"https:\/\/i1.wp.com\/www.noticiasperfil.com\/index\/wp-content\/uploads\/2026\/01\/voluntad-institucional-transformar-justicia-veracruz-01.jpg?fit=640%2C366&amp;ssl=1\" alt=\"\" class=\"wp-image-118630\"\/><\/figure>\n\n\n\n<figure class=\"wp-block-image size-large\"><img loading=\"lazy\" decoding=\"async\" width=\"847\" height=\"1280\" data-attachment-id=\"118629\" data-permalink=\"https:\/\/www.noticiasperfil.com\/index\/2026\/01\/21\/voluntad-institucional-para-transformar-la-procuracion-de-justicia-en-veracruz\/voluntad-institucional-transformar-justicia-veracruz-05\/\" data-orig-file=\"https:\/\/i0.wp.com\/www.noticiasperfil.com\/index\/wp-content\/uploads\/2026\/01\/voluntad-institucional-transformar-justicia-veracruz-05.jpg?fit=847%2C1280&amp;ssl=1\" data-orig-size=\"847,1280\" data-comments-opened=\"1\" data-image-meta=\"{&quot;aperture&quot;:&quot;0&quot;,&quot;credit&quot;:&quot;&quot;,&quot;camera&quot;:&quot;&quot;,&quot;caption&quot;:&quot;&quot;,&quot;created_timestamp&quot;:&quot;0&quot;,&quot;copyright&quot;:&quot;&quot;,&quot;focal_length&quot;:&quot;0&quot;,&quot;iso&quot;:&quot;0&quot;,&quot;shutter_speed&quot;:&quot;0&quot;,&quot;title&quot;:&quot;&quot;,&quot;orientation&quot;:&quot;0&quot;}\" data-image-title=\"voluntad-institucional-transformar-justicia-veracruz-05\" data-image-description=\"\" data-medium-file=\"https:\/\/i0.wp.com\/www.noticiasperfil.com\/index\/wp-content\/uploads\/2026\/01\/voluntad-institucional-transformar-justicia-veracruz-05.jpg?fit=660%2C365&amp;ssl=1\" data-large-file=\"https:\/\/i0.wp.com\/www.noticiasperfil.com\/index\/wp-content\/uploads\/2026\/01\/voluntad-institucional-transformar-justicia-veracruz-05.jpg?fit=640%2C366&amp;ssl=1\" data-id=\"118629\" src=\"https:\/\/i0.wp.com\/www.noticiasperfil.com\/index\/wp-content\/uploads\/2026\/01\/voluntad-institucional-transformar-justicia-veracruz-05.jpg?fit=640%2C366&amp;ssl=1\" alt=\"\" class=\"wp-image-118629\"\/><\/figure>\n\n\n\n<figure class=\"wp-block-image size-large\"><img loading=\"lazy\" decoding=\"async\" width=\"1600\" height=\"1036\" data-attachment-id=\"118628\" data-permalink=\"https:\/\/www.noticiasperfil.com\/index\/2026\/01\/21\/voluntad-institucional-para-transformar-la-procuracion-de-justicia-en-veracruz\/voluntad-institucional-transformar-justicia-veracruz-04\/\" data-orig-file=\"https:\/\/i2.wp.com\/www.noticiasperfil.com\/index\/wp-content\/uploads\/2026\/01\/voluntad-institucional-transformar-justicia-veracruz-04.jpg?fit=1600%2C1036&amp;ssl=1\" data-orig-size=\"1600,1036\" data-comments-opened=\"1\" data-image-meta=\"{&quot;aperture&quot;:&quot;0&quot;,&quot;credit&quot;:&quot;&quot;,&quot;camera&quot;:&quot;&quot;,&quot;caption&quot;:&quot;&quot;,&quot;created_timestamp&quot;:&quot;0&quot;,&quot;copyright&quot;:&quot;&quot;,&quot;focal_length&quot;:&quot;0&quot;,&quot;iso&quot;:&quot;0&quot;,&quot;shutter_speed&quot;:&quot;0&quot;,&quot;title&quot;:&quot;&quot;,&quot;orientation&quot;:&quot;0&quot;}\" data-image-title=\"voluntad-institucional-transformar-justicia-veracruz-04\" data-image-description=\"\" data-medium-file=\"https:\/\/i2.wp.com\/www.noticiasperfil.com\/index\/wp-content\/uploads\/2026\/01\/voluntad-institucional-transformar-justicia-veracruz-04.jpg?fit=660%2C365&amp;ssl=1\" data-large-file=\"https:\/\/i2.wp.com\/www.noticiasperfil.com\/index\/wp-content\/uploads\/2026\/01\/voluntad-institucional-transformar-justicia-veracruz-04.jpg?fit=640%2C366&amp;ssl=1\" data-id=\"118628\" src=\"https:\/\/i2.wp.com\/www.noticiasperfil.com\/index\/wp-content\/uploads\/2026\/01\/voluntad-institucional-transformar-justicia-veracruz-04.jpg?fit=640%2C366&amp;ssl=1\" alt=\"\" class=\"wp-image-118628\" srcset=\"https:\/\/i2.wp.com\/www.noticiasperfil.com\/index\/wp-content\/uploads\/2026\/01\/voluntad-institucional-transformar-justicia-veracruz-04.jpg?w=1600&amp;ssl=1 1600w, https:\/\/i2.wp.com\/www.noticiasperfil.com\/index\/wp-content\/uploads\/2026\/01\/voluntad-institucional-transformar-justicia-veracruz-04.jpg?resize=1536%2C995&amp;ssl=1 1536w, https:\/\/i2.wp.com\/www.noticiasperfil.com\/index\/wp-content\/uploads\/2026\/01\/voluntad-institucional-transformar-justicia-veracruz-04.jpg?w=1280&amp;ssl=1 1280w\" sizes=\"auto, (max-width: 640px) 100vw, 640px\" \/><\/figure>\n\n\n\n<figure class=\"wp-block-image size-large\"><img loading=\"lazy\" decoding=\"async\" width=\"1280\" height=\"960\" data-attachment-id=\"118627\" data-permalink=\"https:\/\/www.noticiasperfil.com\/index\/2026\/01\/21\/voluntad-institucional-para-transformar-la-procuracion-de-justicia-en-veracruz\/voluntad-institucional-transformar-justicia-veracruz-03\/\" data-orig-file=\"https:\/\/i1.wp.com\/www.noticiasperfil.com\/index\/wp-content\/uploads\/2026\/01\/voluntad-institucional-transformar-justicia-veracruz-03.jpg?fit=1280%2C960&amp;ssl=1\" data-orig-size=\"1280,960\" data-comments-opened=\"1\" data-image-meta=\"{&quot;aperture&quot;:&quot;0&quot;,&quot;credit&quot;:&quot;&quot;,&quot;camera&quot;:&quot;&quot;,&quot;caption&quot;:&quot;&quot;,&quot;created_timestamp&quot;:&quot;0&quot;,&quot;copyright&quot;:&quot;&quot;,&quot;focal_length&quot;:&quot;0&quot;,&quot;iso&quot;:&quot;0&quot;,&quot;shutter_speed&quot;:&quot;0&quot;,&quot;title&quot;:&quot;&quot;,&quot;orientation&quot;:&quot;0&quot;}\" data-image-title=\"voluntad-institucional-transformar-justicia-veracruz-03\" data-image-description=\"\" data-medium-file=\"https:\/\/i1.wp.com\/www.noticiasperfil.com\/index\/wp-content\/uploads\/2026\/01\/voluntad-institucional-transformar-justicia-veracruz-03.jpg?fit=660%2C365&amp;ssl=1\" data-large-file=\"https:\/\/i1.wp.com\/www.noticiasperfil.com\/index\/wp-content\/uploads\/2026\/01\/voluntad-institucional-transformar-justicia-veracruz-03.jpg?fit=640%2C366&amp;ssl=1\" data-id=\"118627\" src=\"https:\/\/i1.wp.com\/www.noticiasperfil.com\/index\/wp-content\/uploads\/2026\/01\/voluntad-institucional-transformar-justicia-veracruz-03.jpg?fit=640%2C366&amp;ssl=1\" alt=\"\" class=\"wp-image-118627\"\/><\/figure>\n<\/figure>\n\n\n\n<p>Fiscal General comparece ante el Congreso del Estado<\/p>\n\n\n\n<p>Xalapa, Ver., a 21 de enero de 2026.- En Veracruz existe voluntad para establecer un nuevo paradigma en la procuraci\u00f3n de justicia y pasar de una promesa a la realidad, afirm\u00f3 la Fiscal General del Estado, Lisbeth Aurelia Jim\u00e9nez Aguirre, al comparecer ante las y los integrantes de la Comisi\u00f3n de Procuraci\u00f3n de Justicia del Honorable Congreso del Estado.<\/p>\n\n\n\n<p>La Fiscal General record\u00f3 que, hace poco m\u00e1s de un mes, fue designada como titular de la Fiscal\u00eda General del Estado (FGE), asumiendo un reto may\u00fasculo ante una sociedad que por a\u00f1os ha exigido una justicia a la altura de su gente. Subray\u00f3 que este cambio es posible gracias a decisiones institucionales firmes y al respaldo de mujeres y hombres comprometidos, que comparten una visi\u00f3n transformadora del servicio p\u00fablico.<\/p>\n\n\n\n<p>Durante su mensaje, destac\u00f3 que desde su llegada a la FGE implement\u00f3 un programa de trabajo sustentado en tres ejes estrat\u00e9gicos: modernizaci\u00f3n institucional, optimizaci\u00f3n de la operatividad y coordinaci\u00f3n interinstitucional.<\/p>\n\n\n\n<p>En este marco, dio cuenta de 27 acciones emprendidas en las primeras seis semanas de gesti\u00f3n, entre las que destacan:<\/p>\n\n\n\n<p>\u2022 La firma de convenios de coordinaci\u00f3n interinstitucional: con el Poder Judicial del Estado, para fortalecer la capacitaci\u00f3n, el intercambio de informaci\u00f3n y las acciones conjuntas; y con la Secretar\u00eda de Finanzas y Planeaci\u00f3n, que permite el acceso a su base de datos para mayor celeridad y eficacia en las investigaciones.<\/p>\n\n\n\n<p>\u2022 En materia de derechos fundamentales, se atendieron y aceptaron diversas recomendaciones emitidas por la Comisi\u00f3n Nacional de los Derechos Humanos y el organismo local, reafirmando el compromiso institucional con la legalidad, la reparaci\u00f3n del da\u00f1o y la dignidad de las v\u00edctimas.<\/p>\n\n\n\n<p>\u2022 Se fortaleci\u00f3 el trabajo de vinculaci\u00f3n y acompa\u00f1amiento con colectivos LGBTQ+, Feministas y de Personas Desaparecidas, estableciendo una coordinaci\u00f3n permanente que priorice la atenci\u00f3n de investigaciones relacionadas con cr\u00edmenes de odio y desapariciones, fortaleciendo los mecanismos de colaboraci\u00f3n institucional.<\/p>\n\n\n\n<p>\u2022 Destaca tambi\u00e9n el fortalecimiento integral de la Fiscal\u00eda Especializada en Atenci\u00f3n de Denuncias por Personas Desaparecidas, mediante la creaci\u00f3n de nuevas oficinas especializadas, la ampliaci\u00f3n de personal, la mejora de instalaciones y el incremento de su capacidad operativa.<\/p>\n\n\n\n<p>\u2022 Se puso en marcha la ventanilla \u00fanica virtual para la solicitud de \u00f3rdenes de cateo y diligencias sujetas a control judicial, reduciendo de manera significativa tiempos y tr\u00e1mites burocr\u00e1ticos.<\/p>\n\n\n\n<p>\u2022 De igual forma, se inici\u00f3 una agenda de digitalizaci\u00f3n y modernizaci\u00f3n, entre la que sobresale el proyecto de la Carpeta de Investigaci\u00f3n Digital, orientado a desarrollar un sistema de gesti\u00f3n novedoso y eficiente que facilite el acceso de las v\u00edctimas a la justicia.<\/p>\n\n\n\n<p>\u2022 Para atender la problem\u00e1tica que existe en la zona norte para la preservaci\u00f3n de cuerpos se iniciaron las gestiones para atender un asunto de suma importancia que ha sido postergado y que atiende el reclamo de los colectivos de familiares de v\u00edctimas de desaparecidos, lo cual implica la ampliaci\u00f3n de un espacio destinado a este fin, que se equipar\u00e1 con una c\u00e1mara de conservaci\u00f3n, una estaci\u00f3n de necropsia y otra destinada a los trabajos de exhumaci\u00f3n, as\u00ed como una planta de tratamiento de aguas rojas, y un sistema de limpieza de aire con ozono, proyecto cuya implementaci\u00f3n nos llevar\u00e1 el primer semestre del a\u00f1o.<\/p>\n\n\n\n<p>La Fiscal General destac\u00f3 tambi\u00e9n resultados favorables en \u00e1reas sustantivas, como la concreci\u00f3n de acuerdos reparatorios, la judicializaci\u00f3n de carpetas de investigaci\u00f3n, as\u00ed como la obtenci\u00f3n de vinculaciones a proceso y sentencias condenatorias por parte de las siete Fiscal\u00edas Regionales. De igual forma, subray\u00f3 el trabajo realizado por las Fiscal\u00edas Especializadas en Delitos contra las Mujeres, Feminicidio, Familia y Trata de Personas, as\u00ed como en Asuntos Ind\u00edgenas y de Derechos Humanos, particularmente en la atenci\u00f3n directa a la ciudadan\u00eda, las visitas a centros penitenciarios y la prestaci\u00f3n de orientaci\u00f3n y asistencias jur\u00eddicas.<\/p>\n\n\n\n<p>En materia de delitos de alto impacto, se\u00f1al\u00f3 que la Unidad Especializada en Combate al Secuestro y la Extorsi\u00f3n destac\u00f3 en el rescate de v\u00edctimas y la obtenci\u00f3n de sentencias condenatorias con penas de hasta 140 a\u00f1os de prisi\u00f3n. Paralelamente, la Direcci\u00f3n de la Polic\u00eda Ministerial cumpliment\u00f3 \u00f3rdenes de aprehensi\u00f3n y aport\u00f3 informes policiales integrados a las carpetas de investigaci\u00f3n, mientras que la Direcci\u00f3n de Servicios Periciales fortaleci\u00f3 los procesos ministeriales mediante la emisi\u00f3n de dict\u00e1menes e informes t\u00e9cnicos especializados.<\/p>\n\n\n\n<p>Asimismo, el Centro de Evaluaci\u00f3n y Control de Confianza evalu\u00f3 a personal operativo y otorg\u00f3 Certificados \u00danicos Policiales a elementos de la Polic\u00eda de Investigaci\u00f3n. A estos esfuerzos se suman acciones de capacitaci\u00f3n, certificaci\u00f3n y visitas de control administrativo que fortalecen el desempe\u00f1o institucional por parte de otras \u00e1reas esenciales que integran la instituci\u00f3n.<\/p>\n\n\n\n<p>Estas acciones, se\u00f1al\u00f3, reflejan el ritmo de trabajo que marcar\u00e1 su administraci\u00f3n y reafirman su compromiso con los derechos humanos, la atenci\u00f3n a las v\u00edctimas y el fortalecimiento del Estado de derecho en Veracruz.<\/p>\n\n\n\n<p>\u201cCuando el trabajo se hace con convicci\u00f3n, responsabilidad y profesionalismo, la justicia deja de ser una promesa y se convierte en una realidad\u201d, concluy\u00f3.<\/p>\n","protected":false},"excerpt":{"rendered":"<p>Fiscal General comparece ante el Congreso del Estado Xalapa, Ver., a 21 de enero de 2026.- En Veracruz existe voluntad para establecer un nuevo paradigma en la procuraci\u00f3n de justicia y pasar de una promesa a la realidad, afirm\u00f3 la Fiscal General del Estado, Lisbeth Aurelia Jim\u00e9nez Aguirre, al comparecer ante las y los integrantes de la Comisi\u00f3n de Procuraci\u00f3n de Justicia del Honorable Congreso del Estado. La Fiscal General record\u00f3 que, hace poco m\u00e1s de un mes, fue designada como titular de la Fiscal\u00eda General del Estado (FGE), asumiendo&hellip;<\/p>\n","protected":false},"author":1,"featured_media":118630,"comment_status":"open","ping_status":"closed","sticky":false,"template":"","format":"standard","meta":{"footnotes":""},"categories":[3,10647],"tags":[],"class_list":["post-118626","post","type-post","status-publish","format-standard","has-post-thumbnail","hentry","category-destacadas","category-zona-centro"],"jetpack-related-posts":[],"_links":{"self":[{"href":"https:\/\/www.noticiasperfil.com\/index\/wp-json\/wp\/v2\/posts\/118626","targetHints":{"allow":["GET"]}}],"collection":[{"href":"https:\/\/www.noticiasperfil.com\/index\/wp-json\/wp\/v2\/posts"}],"about":[{"href":"https:\/\/www.noticiasperfil.com\/index\/wp-json\/wp\/v2\/types\/post"}],"author":[{"embeddable":true,"href":"https:\/\/www.noticiasperfil.com\/index\/wp-json\/wp\/v2\/users\/1"}],"replies":[{"embeddable":true,"href":"https:\/\/www.noticiasperfil.com\/index\/wp-json\/wp\/v2\/comments?post=118626"}],"version-history":[{"count":1,"href":"https:\/\/www.noticiasperfil.com\/index\/wp-json\/wp\/v2\/posts\/118626\/revisions"}],"predecessor-version":[{"id":118632,"href":"https:\/\/www.noticiasperfil.com\/index\/wp-json\/wp\/v2\/posts\/118626\/revisions\/118632"}],"wp:featuredmedia":[{"embeddable":true,"href":"https:\/\/www.noticiasperfil.com\/index\/wp-json\/wp\/v2\/media\/118630"}],"wp:attachment":[{"href":"https:\/\/www.noticiasperfil.com\/index\/wp-json\/wp\/v2\/media?parent=118626"}],"wp:term":[{"taxonomy":"category","embeddable":true,"href":"https:\/\/www.noticiasperfil.com\/index\/wp-json\/wp\/v2\/categories?post=118626"},{"taxonomy":"post_tag","embeddable":true,"href":"https:\/\/www.noticiasperfil.com\/index\/wp-json\/wp\/v2\/tags?post=118626"}],"curies":[{"name":"wp","href":"https:\/\/api.w.org\/{rel}","templated":true}]}}