{"id":118633,"date":"2026-01-21T20:22:18","date_gmt":"2026-01-22T02:22:18","guid":{"rendered":"https:\/\/www.noticiasperfil.com\/index\/?p=118633"},"modified":"2026-01-21T20:22:22","modified_gmt":"2026-01-22T02:22:22","slug":"sefiplan-reprograma-apertura-de-modulos-y-garantiza-atencion-vehicular","status":"publish","type":"post","link":"https:\/\/www.noticiasperfil.com\/index\/2026\/01\/21\/sefiplan-reprograma-apertura-de-modulos-y-garantiza-atencion-vehicular\/","title":{"rendered":"Sefiplan reprograma apertura de m\u00f3dulos y garantiza atenci\u00f3n vehicular"},"content":{"rendered":"\n<figure class=\"wp-block-image size-full\"><img loading=\"lazy\" decoding=\"async\" width=\"1600\" height=\"1600\" data-attachment-id=\"114999\" data-permalink=\"https:\/\/www.noticiasperfil.com\/index\/2025\/09\/27\/pagos-al-personal-del-hospital-materno-infantil-se-completaran-a-mas-tardar-el-30-de-septiembre\/sefiplan\/\" data-orig-file=\"https:\/\/i0.wp.com\/www.noticiasperfil.com\/index\/wp-content\/uploads\/2025\/09\/sefiplan.jpg?fit=1600%2C1600&amp;ssl=1\" data-orig-size=\"1600,1600\" data-comments-opened=\"1\" data-image-meta=\"{&quot;aperture&quot;:&quot;0&quot;,&quot;credit&quot;:&quot;&quot;,&quot;camera&quot;:&quot;&quot;,&quot;caption&quot;:&quot;&quot;,&quot;created_timestamp&quot;:&quot;0&quot;,&quot;copyright&quot;:&quot;&quot;,&quot;focal_length&quot;:&quot;0&quot;,&quot;iso&quot;:&quot;0&quot;,&quot;shutter_speed&quot;:&quot;0&quot;,&quot;title&quot;:&quot;&quot;,&quot;orientation&quot;:&quot;0&quot;}\" data-image-title=\"sefiplan\" data-image-description=\"\" data-medium-file=\"https:\/\/i0.wp.com\/www.noticiasperfil.com\/index\/wp-content\/uploads\/2025\/09\/sefiplan.jpg?fit=660%2C365&amp;ssl=1\" data-large-file=\"https:\/\/i0.wp.com\/www.noticiasperfil.com\/index\/wp-content\/uploads\/2025\/09\/sefiplan.jpg?fit=640%2C366&amp;ssl=1\" src=\"https:\/\/i0.wp.com\/www.noticiasperfil.com\/index\/wp-content\/uploads\/2025\/09\/sefiplan.jpg?fit=1600%2C1600&amp;ssl=1\" alt=\"\" class=\"wp-image-114999\" srcset=\"https:\/\/i0.wp.com\/www.noticiasperfil.com\/index\/wp-content\/uploads\/2025\/09\/sefiplan.jpg?w=1600&amp;ssl=1 1600w, https:\/\/i0.wp.com\/www.noticiasperfil.com\/index\/wp-content\/uploads\/2025\/09\/sefiplan.jpg?resize=1536%2C1536&amp;ssl=1 1536w, https:\/\/i0.wp.com\/www.noticiasperfil.com\/index\/wp-content\/uploads\/2025\/09\/sefiplan.jpg?w=1280&amp;ssl=1 1280w\" sizes=\"auto, (max-width: 640px) 100vw, 640px\" \/><\/figure>\n\n\n\n<blockquote class=\"wp-block-quote is-layout-flow wp-block-quote-is-layout-flow\">\n<p>El pr\u00f3ximo lunes abren sedes en C\u00f3rdoba y Coatzacoalcos.<\/p>\n<\/blockquote>\n\n\n\n<p><strong>Xalapa, Ver., mi\u00e9rcoles 21 de enero de 2026.\u2013<\/strong> La Secretar\u00eda de Finanzas y Planeaci\u00f3n (Sefiplan) reprogram\u00f3 la apertura de los m\u00f3dulos de atenci\u00f3n ubicados en el Centro Comercial Las Brisas, en Veracruz, y en el Centro Comercial Andamar, en Boca del R\u00edo; las nuevas fechas de inicio ser\u00e1n el 30 de enero y el 09 de febrero, respectivamente.<\/p>\n\n\n\n<p>Para garantizar la continuidad del servicio y fortalecer el servicio a las y los contribuyentes, desde el 19 de enero inici\u00f3 operaciones el M\u00f3dulo de Atenci\u00f3n ubicado en el Instituto Tecnol\u00f3gico Superior de Alvarado, extensi\u00f3n Medell\u00edn.<\/p>\n\n\n\n<p>Asimismo, a partir del 26 de enero comenzar\u00e1n actividades las ventanillas en los municipios de C\u00f3rdoba y Coatzacoalcos, instaladas en los planteles 12 y 18 del Colegio de Bachilleres del Estado de Veracruz, respectivamente.<\/p>\n\n\n\n<p>En los m\u00f3dulos se realizan tr\u00e1mites de alta de veh\u00edculo nuevo, canje de placas expedidas antes de diciembre de 2018 y pagos de derechos de control vehicular para autom\u00f3vil, cami\u00f3n, \u00f3mnibus y remolque. El horario de atenci\u00f3n es de lunes a viernes, de 08:00 a 15:00 horas.<\/p>\n\n\n\n<p>A partir del 30 de enero, en todas las oficinas y m\u00f3dulos de Hacienda del Estado se podr\u00e1 realizar la totalidad de los servicios vehiculares, para mayor comodidad de la poblaci\u00f3n.<\/p>\n","protected":false},"excerpt":{"rendered":"<p>El pr\u00f3ximo lunes abren sedes en C\u00f3rdoba y Coatzacoalcos. Xalapa, Ver., mi\u00e9rcoles 21 de enero de 2026.\u2013 La Secretar\u00eda de Finanzas y Planeaci\u00f3n (Sefiplan) reprogram\u00f3 la apertura de los m\u00f3dulos de atenci\u00f3n ubicados en el Centro Comercial Las Brisas, en Veracruz, y en el Centro Comercial Andamar, en Boca del R\u00edo; las nuevas fechas de inicio ser\u00e1n el 30 de enero y el 09 de febrero, respectivamente. Para garantizar la continuidad del servicio y fortalecer el servicio a las y los contribuyentes, desde el 19 de enero inici\u00f3 operaciones el&hellip;<\/p>\n","protected":false},"author":1,"featured_media":114999,"comment_status":"open","ping_status":"closed","sticky":false,"template":"","format":"standard","meta":{"footnotes":""},"categories":[3,1],"tags":[],"class_list":["post-118633","post","type-post","status-publish","format-standard","has-post-thumbnail","hentry","category-destacadas","category-uncategorized"],"jetpack-related-posts":[],"_links":{"self":[{"href":"https:\/\/www.noticiasperfil.com\/index\/wp-json\/wp\/v2\/posts\/118633","targetHints":{"allow":["GET"]}}],"collection":[{"href":"https:\/\/www.noticiasperfil.com\/index\/wp-json\/wp\/v2\/posts"}],"about":[{"href":"https:\/\/www.noticiasperfil.com\/index\/wp-json\/wp\/v2\/types\/post"}],"author":[{"embeddable":true,"href":"https:\/\/www.noticiasperfil.com\/index\/wp-json\/wp\/v2\/users\/1"}],"replies":[{"embeddable":true,"href":"https:\/\/www.noticiasperfil.com\/index\/wp-json\/wp\/v2\/comments?post=118633"}],"version-history":[{"count":1,"href":"https:\/\/www.noticiasperfil.com\/index\/wp-json\/wp\/v2\/posts\/118633\/revisions"}],"predecessor-version":[{"id":118634,"href":"https:\/\/www.noticiasperfil.com\/index\/wp-json\/wp\/v2\/posts\/118633\/revisions\/118634"}],"wp:featuredmedia":[{"embeddable":true,"href":"https:\/\/www.noticiasperfil.com\/index\/wp-json\/wp\/v2\/media\/114999"}],"wp:attachment":[{"href":"https:\/\/www.noticiasperfil.com\/index\/wp-json\/wp\/v2\/media?parent=118633"}],"wp:term":[{"taxonomy":"category","embeddable":true,"href":"https:\/\/www.noticiasperfil.com\/index\/wp-json\/wp\/v2\/categories?post=118633"},{"taxonomy":"post_tag","embeddable":true,"href":"https:\/\/www.noticiasperfil.com\/index\/wp-json\/wp\/v2\/tags?post=118633"}],"curies":[{"name":"wp","href":"https:\/\/api.w.org\/{rel}","templated":true}]}}