{"id":118644,"date":"2026-01-22T12:44:23","date_gmt":"2026-01-22T18:44:23","guid":{"rendered":"https:\/\/www.noticiasperfil.com\/index\/?p=118644"},"modified":"2026-02-06T21:18:11","modified_gmt":"2026-02-07T03:18:11","slug":"caravana-abrigando-corazones-regresa-para-atender-a-quienes-mas-lo-necesitan","status":"publish","type":"post","link":"https:\/\/www.noticiasperfil.com\/index\/2026\/01\/22\/caravana-abrigando-corazones-regresa-para-atender-a-quienes-mas-lo-necesitan\/","title":{"rendered":"Caravana Abrigando Corazones regresa para atender a quienes m\u00e1s lo necesitan"},"content":{"rendered":"\n<figure class=\"wp-block-gallery has-nested-images columns-default is-cropped wp-block-gallery-1 is-layout-flex wp-block-gallery-is-layout-flex\">\n<figure class=\"wp-block-image size-large\"><img loading=\"lazy\" decoding=\"async\" width=\"1280\" height=\"853\" data-attachment-id=\"118652\" data-permalink=\"https:\/\/www.noticiasperfil.com\/index\/2026\/01\/22\/caravana-abrigando-corazones-regresa-para-atender-a-quienes-mas-lo-necesitan\/caravana-abrigando-corazones-regresa-08\/\" data-orig-file=\"https:\/\/i0.wp.com\/www.noticiasperfil.com\/index\/wp-content\/uploads\/2026\/01\/caravana-abrigando-corazones-regresa-08.jpg?fit=1280%2C853&amp;ssl=1\" data-orig-size=\"1280,853\" data-comments-opened=\"1\" data-image-meta=\"{&quot;aperture&quot;:&quot;0&quot;,&quot;credit&quot;:&quot;&quot;,&quot;camera&quot;:&quot;&quot;,&quot;caption&quot;:&quot;&quot;,&quot;created_timestamp&quot;:&quot;0&quot;,&quot;copyright&quot;:&quot;&quot;,&quot;focal_length&quot;:&quot;0&quot;,&quot;iso&quot;:&quot;0&quot;,&quot;shutter_speed&quot;:&quot;0&quot;,&quot;title&quot;:&quot;&quot;,&quot;orientation&quot;:&quot;0&quot;}\" data-image-title=\"caravana-abrigando-corazones-regresa-08\" data-image-description=\"\" data-medium-file=\"https:\/\/i0.wp.com\/www.noticiasperfil.com\/index\/wp-content\/uploads\/2026\/01\/caravana-abrigando-corazones-regresa-08.jpg?fit=660%2C365&amp;ssl=1\" data-large-file=\"https:\/\/i0.wp.com\/www.noticiasperfil.com\/index\/wp-content\/uploads\/2026\/01\/caravana-abrigando-corazones-regresa-08.jpg?fit=640%2C366&amp;ssl=1\" data-id=\"118652\" src=\"https:\/\/i0.wp.com\/www.noticiasperfil.com\/index\/wp-content\/uploads\/2026\/01\/caravana-abrigando-corazones-regresa-08.jpg?fit=640%2C366&amp;ssl=1\" alt=\"\" class=\"wp-image-118652\"\/><\/figure>\n\n\n\n<figure class=\"wp-block-image size-large\"><img loading=\"lazy\" decoding=\"async\" width=\"1280\" height=\"853\" data-attachment-id=\"118651\" data-permalink=\"https:\/\/www.noticiasperfil.com\/index\/2026\/01\/22\/caravana-abrigando-corazones-regresa-para-atender-a-quienes-mas-lo-necesitan\/caravana-abrigando-corazones-regresa-07\/\" data-orig-file=\"https:\/\/i0.wp.com\/www.noticiasperfil.com\/index\/wp-content\/uploads\/2026\/01\/caravana-abrigando-corazones-regresa-07.jpg?fit=1280%2C853&amp;ssl=1\" data-orig-size=\"1280,853\" data-comments-opened=\"1\" data-image-meta=\"{&quot;aperture&quot;:&quot;0&quot;,&quot;credit&quot;:&quot;&quot;,&quot;camera&quot;:&quot;&quot;,&quot;caption&quot;:&quot;&quot;,&quot;created_timestamp&quot;:&quot;0&quot;,&quot;copyright&quot;:&quot;&quot;,&quot;focal_length&quot;:&quot;0&quot;,&quot;iso&quot;:&quot;0&quot;,&quot;shutter_speed&quot;:&quot;0&quot;,&quot;title&quot;:&quot;&quot;,&quot;orientation&quot;:&quot;0&quot;}\" data-image-title=\"caravana-abrigando-corazones-regresa-07\" data-image-description=\"\" data-medium-file=\"https:\/\/i0.wp.com\/www.noticiasperfil.com\/index\/wp-content\/uploads\/2026\/01\/caravana-abrigando-corazones-regresa-07.jpg?fit=660%2C365&amp;ssl=1\" data-large-file=\"https:\/\/i0.wp.com\/www.noticiasperfil.com\/index\/wp-content\/uploads\/2026\/01\/caravana-abrigando-corazones-regresa-07.jpg?fit=640%2C366&amp;ssl=1\" data-id=\"118651\" src=\"https:\/\/i0.wp.com\/www.noticiasperfil.com\/index\/wp-content\/uploads\/2026\/01\/caravana-abrigando-corazones-regresa-07.jpg?fit=640%2C366&amp;ssl=1\" alt=\"\" class=\"wp-image-118651\"\/><\/figure>\n\n\n\n<figure class=\"wp-block-image size-large\"><img loading=\"lazy\" decoding=\"async\" width=\"1280\" height=\"853\" data-attachment-id=\"118650\" data-permalink=\"https:\/\/www.noticiasperfil.com\/index\/2026\/01\/22\/caravana-abrigando-corazones-regresa-para-atender-a-quienes-mas-lo-necesitan\/caravana-abrigando-corazones-regresa-06\/\" data-orig-file=\"https:\/\/i2.wp.com\/www.noticiasperfil.com\/index\/wp-content\/uploads\/2026\/01\/caravana-abrigando-corazones-regresa-06.jpg?fit=1280%2C853&amp;ssl=1\" data-orig-size=\"1280,853\" data-comments-opened=\"1\" data-image-meta=\"{&quot;aperture&quot;:&quot;0&quot;,&quot;credit&quot;:&quot;&quot;,&quot;camera&quot;:&quot;&quot;,&quot;caption&quot;:&quot;&quot;,&quot;created_timestamp&quot;:&quot;0&quot;,&quot;copyright&quot;:&quot;&quot;,&quot;focal_length&quot;:&quot;0&quot;,&quot;iso&quot;:&quot;0&quot;,&quot;shutter_speed&quot;:&quot;0&quot;,&quot;title&quot;:&quot;&quot;,&quot;orientation&quot;:&quot;0&quot;}\" data-image-title=\"caravana-abrigando-corazones-regresa-06\" data-image-description=\"\" data-medium-file=\"https:\/\/i2.wp.com\/www.noticiasperfil.com\/index\/wp-content\/uploads\/2026\/01\/caravana-abrigando-corazones-regresa-06.jpg?fit=660%2C365&amp;ssl=1\" data-large-file=\"https:\/\/i2.wp.com\/www.noticiasperfil.com\/index\/wp-content\/uploads\/2026\/01\/caravana-abrigando-corazones-regresa-06.jpg?fit=640%2C366&amp;ssl=1\" data-id=\"118650\" src=\"https:\/\/i2.wp.com\/www.noticiasperfil.com\/index\/wp-content\/uploads\/2026\/01\/caravana-abrigando-corazones-regresa-06.jpg?fit=640%2C366&amp;ssl=1\" alt=\"\" class=\"wp-image-118650\"\/><\/figure>\n\n\n\n<figure class=\"wp-block-image size-large\"><img loading=\"lazy\" decoding=\"async\" width=\"1280\" height=\"853\" data-attachment-id=\"118649\" data-permalink=\"https:\/\/www.noticiasperfil.com\/index\/2026\/01\/22\/caravana-abrigando-corazones-regresa-para-atender-a-quienes-mas-lo-necesitan\/caravana-abrigando-corazones-regresa-05\/\" data-orig-file=\"https:\/\/i2.wp.com\/www.noticiasperfil.com\/index\/wp-content\/uploads\/2026\/01\/caravana-abrigando-corazones-regresa-05.jpg?fit=1280%2C853&amp;ssl=1\" data-orig-size=\"1280,853\" data-comments-opened=\"1\" data-image-meta=\"{&quot;aperture&quot;:&quot;0&quot;,&quot;credit&quot;:&quot;&quot;,&quot;camera&quot;:&quot;&quot;,&quot;caption&quot;:&quot;&quot;,&quot;created_timestamp&quot;:&quot;0&quot;,&quot;copyright&quot;:&quot;&quot;,&quot;focal_length&quot;:&quot;0&quot;,&quot;iso&quot;:&quot;0&quot;,&quot;shutter_speed&quot;:&quot;0&quot;,&quot;title&quot;:&quot;&quot;,&quot;orientation&quot;:&quot;0&quot;}\" data-image-title=\"caravana-abrigando-corazones-regresa-05\" data-image-description=\"\" data-medium-file=\"https:\/\/i2.wp.com\/www.noticiasperfil.com\/index\/wp-content\/uploads\/2026\/01\/caravana-abrigando-corazones-regresa-05.jpg?fit=660%2C365&amp;ssl=1\" data-large-file=\"https:\/\/i2.wp.com\/www.noticiasperfil.com\/index\/wp-content\/uploads\/2026\/01\/caravana-abrigando-corazones-regresa-05.jpg?fit=640%2C366&amp;ssl=1\" data-id=\"118649\" src=\"https:\/\/i2.wp.com\/www.noticiasperfil.com\/index\/wp-content\/uploads\/2026\/01\/caravana-abrigando-corazones-regresa-05.jpg?fit=640%2C366&amp;ssl=1\" alt=\"\" class=\"wp-image-118649\"\/><\/figure>\n\n\n\n<figure class=\"wp-block-image size-large\"><img loading=\"lazy\" decoding=\"async\" width=\"1280\" height=\"853\" data-attachment-id=\"118648\" data-permalink=\"https:\/\/www.noticiasperfil.com\/index\/2026\/01\/22\/caravana-abrigando-corazones-regresa-para-atender-a-quienes-mas-lo-necesitan\/caravana-abrigando-corazones-regresa-04\/\" data-orig-file=\"https:\/\/i0.wp.com\/www.noticiasperfil.com\/index\/wp-content\/uploads\/2026\/01\/caravana-abrigando-corazones-regresa-04.jpg?fit=1280%2C853&amp;ssl=1\" data-orig-size=\"1280,853\" data-comments-opened=\"1\" data-image-meta=\"{&quot;aperture&quot;:&quot;0&quot;,&quot;credit&quot;:&quot;&quot;,&quot;camera&quot;:&quot;&quot;,&quot;caption&quot;:&quot;&quot;,&quot;created_timestamp&quot;:&quot;0&quot;,&quot;copyright&quot;:&quot;&quot;,&quot;focal_length&quot;:&quot;0&quot;,&quot;iso&quot;:&quot;0&quot;,&quot;shutter_speed&quot;:&quot;0&quot;,&quot;title&quot;:&quot;&quot;,&quot;orientation&quot;:&quot;0&quot;}\" data-image-title=\"caravana-abrigando-corazones-regresa-04\" data-image-description=\"\" data-medium-file=\"https:\/\/i0.wp.com\/www.noticiasperfil.com\/index\/wp-content\/uploads\/2026\/01\/caravana-abrigando-corazones-regresa-04.jpg?fit=660%2C365&amp;ssl=1\" data-large-file=\"https:\/\/i0.wp.com\/www.noticiasperfil.com\/index\/wp-content\/uploads\/2026\/01\/caravana-abrigando-corazones-regresa-04.jpg?fit=640%2C366&amp;ssl=1\" data-id=\"118648\" src=\"https:\/\/i0.wp.com\/www.noticiasperfil.com\/index\/wp-content\/uploads\/2026\/01\/caravana-abrigando-corazones-regresa-04.jpg?fit=640%2C366&amp;ssl=1\" alt=\"\" class=\"wp-image-118648\"\/><\/figure>\n\n\n\n<figure class=\"wp-block-image size-large\"><img loading=\"lazy\" decoding=\"async\" width=\"1600\" height=\"1067\" data-attachment-id=\"118647\" data-permalink=\"https:\/\/www.noticiasperfil.com\/index\/2026\/01\/22\/caravana-abrigando-corazones-regresa-para-atender-a-quienes-mas-lo-necesitan\/caravana-abrigando-corazones-regresa-03\/\" data-orig-file=\"https:\/\/i2.wp.com\/www.noticiasperfil.com\/index\/wp-content\/uploads\/2026\/01\/caravana-abrigando-corazones-regresa-03.jpg?fit=1600%2C1067&amp;ssl=1\" data-orig-size=\"1600,1067\" data-comments-opened=\"1\" data-image-meta=\"{&quot;aperture&quot;:&quot;0&quot;,&quot;credit&quot;:&quot;&quot;,&quot;camera&quot;:&quot;&quot;,&quot;caption&quot;:&quot;&quot;,&quot;created_timestamp&quot;:&quot;0&quot;,&quot;copyright&quot;:&quot;&quot;,&quot;focal_length&quot;:&quot;0&quot;,&quot;iso&quot;:&quot;0&quot;,&quot;shutter_speed&quot;:&quot;0&quot;,&quot;title&quot;:&quot;&quot;,&quot;orientation&quot;:&quot;0&quot;}\" data-image-title=\"caravana-abrigando-corazones-regresa-03\" data-image-description=\"\" data-medium-file=\"https:\/\/i2.wp.com\/www.noticiasperfil.com\/index\/wp-content\/uploads\/2026\/01\/caravana-abrigando-corazones-regresa-03.jpg?fit=660%2C365&amp;ssl=1\" data-large-file=\"https:\/\/i2.wp.com\/www.noticiasperfil.com\/index\/wp-content\/uploads\/2026\/01\/caravana-abrigando-corazones-regresa-03.jpg?fit=640%2C366&amp;ssl=1\" data-id=\"118647\" src=\"https:\/\/i2.wp.com\/www.noticiasperfil.com\/index\/wp-content\/uploads\/2026\/01\/caravana-abrigando-corazones-regresa-03.jpg?fit=640%2C366&amp;ssl=1\" alt=\"\" class=\"wp-image-118647\" srcset=\"https:\/\/i2.wp.com\/www.noticiasperfil.com\/index\/wp-content\/uploads\/2026\/01\/caravana-abrigando-corazones-regresa-03.jpg?w=1600&amp;ssl=1 1600w, https:\/\/i2.wp.com\/www.noticiasperfil.com\/index\/wp-content\/uploads\/2026\/01\/caravana-abrigando-corazones-regresa-03.jpg?resize=1536%2C1024&amp;ssl=1 1536w, https:\/\/i2.wp.com\/www.noticiasperfil.com\/index\/wp-content\/uploads\/2026\/01\/caravana-abrigando-corazones-regresa-03.jpg?w=1280&amp;ssl=1 1280w\" sizes=\"auto, (max-width: 640px) 100vw, 640px\" \/><\/figure>\n\n\n\n<figure class=\"wp-block-image size-large\"><img loading=\"lazy\" decoding=\"async\" width=\"1280\" height=\"853\" data-attachment-id=\"118646\" data-permalink=\"https:\/\/www.noticiasperfil.com\/index\/2026\/01\/22\/caravana-abrigando-corazones-regresa-para-atender-a-quienes-mas-lo-necesitan\/caravana-abrigando-corazones-regresa-02\/\" data-orig-file=\"https:\/\/i1.wp.com\/www.noticiasperfil.com\/index\/wp-content\/uploads\/2026\/01\/caravana-abrigando-corazones-regresa-02.jpg?fit=1280%2C853&amp;ssl=1\" data-orig-size=\"1280,853\" data-comments-opened=\"1\" data-image-meta=\"{&quot;aperture&quot;:&quot;0&quot;,&quot;credit&quot;:&quot;&quot;,&quot;camera&quot;:&quot;&quot;,&quot;caption&quot;:&quot;&quot;,&quot;created_timestamp&quot;:&quot;0&quot;,&quot;copyright&quot;:&quot;&quot;,&quot;focal_length&quot;:&quot;0&quot;,&quot;iso&quot;:&quot;0&quot;,&quot;shutter_speed&quot;:&quot;0&quot;,&quot;title&quot;:&quot;&quot;,&quot;orientation&quot;:&quot;0&quot;}\" data-image-title=\"caravana-abrigando-corazones-regresa-02\" data-image-description=\"\" data-medium-file=\"https:\/\/i1.wp.com\/www.noticiasperfil.com\/index\/wp-content\/uploads\/2026\/01\/caravana-abrigando-corazones-regresa-02.jpg?fit=660%2C365&amp;ssl=1\" data-large-file=\"https:\/\/i1.wp.com\/www.noticiasperfil.com\/index\/wp-content\/uploads\/2026\/01\/caravana-abrigando-corazones-regresa-02.jpg?fit=640%2C366&amp;ssl=1\" data-id=\"118646\" src=\"https:\/\/i1.wp.com\/www.noticiasperfil.com\/index\/wp-content\/uploads\/2026\/01\/caravana-abrigando-corazones-regresa-02.jpg?fit=640%2C366&amp;ssl=1\" alt=\"\" class=\"wp-image-118646\"\/><\/figure>\n\n\n\n<figure class=\"wp-block-image size-large\"><img loading=\"lazy\" decoding=\"async\" width=\"1280\" height=\"853\" data-attachment-id=\"118645\" data-permalink=\"https:\/\/www.noticiasperfil.com\/index\/2026\/01\/22\/caravana-abrigando-corazones-regresa-para-atender-a-quienes-mas-lo-necesitan\/caravana-abrigando-corazones-regresa-01\/\" data-orig-file=\"https:\/\/i2.wp.com\/www.noticiasperfil.com\/index\/wp-content\/uploads\/2026\/01\/caravana-abrigando-corazones-regresa-01.jpg?fit=1280%2C853&amp;ssl=1\" data-orig-size=\"1280,853\" data-comments-opened=\"1\" data-image-meta=\"{&quot;aperture&quot;:&quot;0&quot;,&quot;credit&quot;:&quot;&quot;,&quot;camera&quot;:&quot;&quot;,&quot;caption&quot;:&quot;&quot;,&quot;created_timestamp&quot;:&quot;0&quot;,&quot;copyright&quot;:&quot;&quot;,&quot;focal_length&quot;:&quot;0&quot;,&quot;iso&quot;:&quot;0&quot;,&quot;shutter_speed&quot;:&quot;0&quot;,&quot;title&quot;:&quot;&quot;,&quot;orientation&quot;:&quot;0&quot;}\" data-image-title=\"caravana-abrigando-corazones-regresa-01\" data-image-description=\"\" data-medium-file=\"https:\/\/i2.wp.com\/www.noticiasperfil.com\/index\/wp-content\/uploads\/2026\/01\/caravana-abrigando-corazones-regresa-01.jpg?fit=660%2C365&amp;ssl=1\" data-large-file=\"https:\/\/i2.wp.com\/www.noticiasperfil.com\/index\/wp-content\/uploads\/2026\/01\/caravana-abrigando-corazones-regresa-01.jpg?fit=640%2C366&amp;ssl=1\" data-id=\"118645\" src=\"https:\/\/i2.wp.com\/www.noticiasperfil.com\/index\/wp-content\/uploads\/2026\/01\/caravana-abrigando-corazones-regresa-01.jpg?fit=640%2C366&amp;ssl=1\" alt=\"\" class=\"wp-image-118645\"\/><\/figure>\n<\/figure>\n\n\n\n<p><strong>Las Vigas, Ver., jueves 22 de enero de 2026.- <\/strong>Por segunda ocasi\u00f3n, la Caravana Abrigando Corazones recorri\u00f3 Las Vigas y Tatatila, entregando canastas alimentarias, cobertores y servicios interinstitucionales a la poblaci\u00f3n que habita localidades por encima de los 2 mil metros de altitud, donde se registran m\u00e1s de 91 d\u00edas de fr\u00edo y heladas.<\/p>\n\n\n\n<p>\u201cMuy bonito porque nos ayudan, nos sirven para calentarnos, porque hace much\u00edsimo fr\u00edo. S\u00ed nos hacen falta las cobijitas y las despensas\u201d, expres\u00f3 Reyna S\u00e1nchez al recibir los insumos de manos de los servidores p\u00fablicos.<\/p>\n\n\n\n<p>\u201cMe parece muy bien, es la segunda vez que nos visitan y estamos muy agradecidos, porque s\u00ed hace mucho fr\u00edo y en esta temporada por aqu\u00ed el trabajo se escasea y todo lo que nos traigan nos ayuda mucho. Un agradecimiento a la Gobernadora que se acuerda de nosotros\u201d, coment\u00f3 Luisa Monfil.<\/p>\n\n\n\n<p>\u201cAgradecidos estamos de que nos ayuden, porque uno viejo ya no puede trabajar, y este es un apoyo que nos dan\u201d, mencion\u00f3 Rafaela Jim\u00e9nez, quien por su edad ya no forma parte de la vida laboral.<\/p>\n\n\n\n<p>En esta ocasi\u00f3n, Abrigando Corazones entreg\u00f3 de forma directa y sin distingo mil 778 despensas y 3 mil 680 cobijas para familias de 23 comunidades, entre ellas Llanillo Redondo, Barrio de la Salud, La Pedrera, El Aguaje y El Paisano, todas en el municipio de Las Vigas, as\u00ed como San Antonio de C\u00f3rdoba, Piedra Parada, Tenexpanoya, La Cumbre y Miradores, pertenecientes al municipio de Tatatila.<\/p>\n\n\n\n<p>Gracias a un operativo coordinado por el Sistema Estatal DIF, las secretar\u00edas de Desarrollo Social, Protecci\u00f3n Civil, Seguridad P\u00fablica, la Defensa Nacional, as\u00ed como la Guardia Nacional y las autoridades municipales, las comunidades que m\u00e1s lo necesitan reciben apoyo integral.<\/p>\n","protected":false},"excerpt":{"rendered":"<p>Las Vigas, Ver., jueves 22 de enero de 2026.- Por segunda ocasi\u00f3n, la Caravana Abrigando Corazones recorri\u00f3 Las Vigas y Tatatila, entregando canastas alimentarias, cobertores y servicios interinstitucionales a la poblaci\u00f3n que habita localidades por encima de los 2 mil metros de altitud, donde se registran m\u00e1s de 91 d\u00edas de fr\u00edo y heladas. \u201cMuy bonito porque nos ayudan, nos sirven para calentarnos, porque hace much\u00edsimo fr\u00edo. S\u00ed nos hacen falta las cobijitas y las despensas\u201d, expres\u00f3 Reyna S\u00e1nchez al recibir los insumos de manos de los servidores p\u00fablicos. \u201cMe&hellip;<\/p>\n","protected":false},"author":1,"featured_media":118651,"comment_status":"open","ping_status":"closed","sticky":false,"template":"","format":"standard","meta":{"footnotes":""},"categories":[3,10647],"tags":[],"class_list":["post-118644","post","type-post","status-publish","format-standard","has-post-thumbnail","hentry","category-destacadas","category-zona-centro"],"jetpack-related-posts":[],"_links":{"self":[{"href":"https:\/\/www.noticiasperfil.com\/index\/wp-json\/wp\/v2\/posts\/118644","targetHints":{"allow":["GET"]}}],"collection":[{"href":"https:\/\/www.noticiasperfil.com\/index\/wp-json\/wp\/v2\/posts"}],"about":[{"href":"https:\/\/www.noticiasperfil.com\/index\/wp-json\/wp\/v2\/types\/post"}],"author":[{"embeddable":true,"href":"https:\/\/www.noticiasperfil.com\/index\/wp-json\/wp\/v2\/users\/1"}],"replies":[{"embeddable":true,"href":"https:\/\/www.noticiasperfil.com\/index\/wp-json\/wp\/v2\/comments?post=118644"}],"version-history":[{"count":1,"href":"https:\/\/www.noticiasperfil.com\/index\/wp-json\/wp\/v2\/posts\/118644\/revisions"}],"predecessor-version":[{"id":118653,"href":"https:\/\/www.noticiasperfil.com\/index\/wp-json\/wp\/v2\/posts\/118644\/revisions\/118653"}],"wp:featuredmedia":[{"embeddable":true,"href":"https:\/\/www.noticiasperfil.com\/index\/wp-json\/wp\/v2\/media\/118651"}],"wp:attachment":[{"href":"https:\/\/www.noticiasperfil.com\/index\/wp-json\/wp\/v2\/media?parent=118644"}],"wp:term":[{"taxonomy":"category","embeddable":true,"href":"https:\/\/www.noticiasperfil.com\/index\/wp-json\/wp\/v2\/categories?post=118644"},{"taxonomy":"post_tag","embeddable":true,"href":"https:\/\/www.noticiasperfil.com\/index\/wp-json\/wp\/v2\/tags?post=118644"}],"curies":[{"name":"wp","href":"https:\/\/api.w.org\/{rel}","templated":true}]}}