{"id":118661,"date":"2026-01-22T20:46:29","date_gmt":"2026-01-23T02:46:29","guid":{"rendered":"https:\/\/www.noticiasperfil.com\/index\/?p=118661"},"modified":"2026-01-22T20:46:33","modified_gmt":"2026-01-23T02:46:33","slug":"evalua-sev-avances-del-programa-por-ti-y-reafirma-su-compromiso-con-la-educacion-en-2026","status":"publish","type":"post","link":"https:\/\/www.noticiasperfil.com\/index\/2026\/01\/22\/evalua-sev-avances-del-programa-por-ti-y-reafirma-su-compromiso-con-la-educacion-en-2026\/","title":{"rendered":"Eval\u00faa SEV avances del programa POR TI y reafirma su compromiso con la educaci\u00f3n en 2026"},"content":{"rendered":"\n<figure class=\"wp-block-gallery has-nested-images columns-default is-cropped wp-block-gallery-1 is-layout-flex wp-block-gallery-is-layout-flex\">\n<figure class=\"wp-block-image size-large\"><img loading=\"lazy\" decoding=\"async\" width=\"1600\" height=\"1066\" data-attachment-id=\"118665\" data-permalink=\"https:\/\/www.noticiasperfil.com\/index\/2026\/01\/22\/evalua-sev-avances-del-programa-por-ti-y-reafirma-su-compromiso-con-la-educacion-en-2026\/sev-avances-del-programa-por-ti4\/\" data-orig-file=\"https:\/\/i1.wp.com\/www.noticiasperfil.com\/index\/wp-content\/uploads\/2026\/01\/SEV-avances-del-programa-POR-TI4.jpeg?fit=1600%2C1066&amp;ssl=1\" data-orig-size=\"1600,1066\" data-comments-opened=\"1\" data-image-meta=\"{&quot;aperture&quot;:&quot;0&quot;,&quot;credit&quot;:&quot;&quot;,&quot;camera&quot;:&quot;&quot;,&quot;caption&quot;:&quot;&quot;,&quot;created_timestamp&quot;:&quot;0&quot;,&quot;copyright&quot;:&quot;&quot;,&quot;focal_length&quot;:&quot;0&quot;,&quot;iso&quot;:&quot;0&quot;,&quot;shutter_speed&quot;:&quot;0&quot;,&quot;title&quot;:&quot;&quot;,&quot;orientation&quot;:&quot;0&quot;}\" data-image-title=\"SEV avances del programa POR TI4\" data-image-description=\"\" data-medium-file=\"https:\/\/i1.wp.com\/www.noticiasperfil.com\/index\/wp-content\/uploads\/2026\/01\/SEV-avances-del-programa-POR-TI4.jpeg?fit=660%2C365&amp;ssl=1\" data-large-file=\"https:\/\/i1.wp.com\/www.noticiasperfil.com\/index\/wp-content\/uploads\/2026\/01\/SEV-avances-del-programa-POR-TI4.jpeg?fit=640%2C366&amp;ssl=1\" data-id=\"118665\" src=\"https:\/\/i1.wp.com\/www.noticiasperfil.com\/index\/wp-content\/uploads\/2026\/01\/SEV-avances-del-programa-POR-TI4.jpeg?fit=640%2C366&amp;ssl=1\" alt=\"\" class=\"wp-image-118665\" srcset=\"https:\/\/i1.wp.com\/www.noticiasperfil.com\/index\/wp-content\/uploads\/2026\/01\/SEV-avances-del-programa-POR-TI4.jpeg?w=1600&amp;ssl=1 1600w, https:\/\/i1.wp.com\/www.noticiasperfil.com\/index\/wp-content\/uploads\/2026\/01\/SEV-avances-del-programa-POR-TI4.jpeg?resize=1536%2C1023&amp;ssl=1 1536w, https:\/\/i1.wp.com\/www.noticiasperfil.com\/index\/wp-content\/uploads\/2026\/01\/SEV-avances-del-programa-POR-TI4.jpeg?w=1280&amp;ssl=1 1280w\" sizes=\"auto, (max-width: 640px) 100vw, 640px\" \/><\/figure>\n\n\n\n<figure class=\"wp-block-image size-large\"><img loading=\"lazy\" decoding=\"async\" width=\"1600\" height=\"1067\" data-attachment-id=\"118664\" data-permalink=\"https:\/\/www.noticiasperfil.com\/index\/2026\/01\/22\/evalua-sev-avances-del-programa-por-ti-y-reafirma-su-compromiso-con-la-educacion-en-2026\/sev-avances-del-programa-por-ti3\/\" data-orig-file=\"https:\/\/i2.wp.com\/www.noticiasperfil.com\/index\/wp-content\/uploads\/2026\/01\/SEV-avances-del-programa-POR-TI3.jpeg?fit=1600%2C1067&amp;ssl=1\" data-orig-size=\"1600,1067\" data-comments-opened=\"1\" data-image-meta=\"{&quot;aperture&quot;:&quot;0&quot;,&quot;credit&quot;:&quot;&quot;,&quot;camera&quot;:&quot;&quot;,&quot;caption&quot;:&quot;&quot;,&quot;created_timestamp&quot;:&quot;0&quot;,&quot;copyright&quot;:&quot;&quot;,&quot;focal_length&quot;:&quot;0&quot;,&quot;iso&quot;:&quot;0&quot;,&quot;shutter_speed&quot;:&quot;0&quot;,&quot;title&quot;:&quot;&quot;,&quot;orientation&quot;:&quot;0&quot;}\" data-image-title=\"SEV avances del programa POR TI3\" data-image-description=\"\" data-medium-file=\"https:\/\/i2.wp.com\/www.noticiasperfil.com\/index\/wp-content\/uploads\/2026\/01\/SEV-avances-del-programa-POR-TI3.jpeg?fit=660%2C365&amp;ssl=1\" data-large-file=\"https:\/\/i2.wp.com\/www.noticiasperfil.com\/index\/wp-content\/uploads\/2026\/01\/SEV-avances-del-programa-POR-TI3.jpeg?fit=640%2C366&amp;ssl=1\" data-id=\"118664\" src=\"https:\/\/i2.wp.com\/www.noticiasperfil.com\/index\/wp-content\/uploads\/2026\/01\/SEV-avances-del-programa-POR-TI3.jpeg?fit=640%2C366&amp;ssl=1\" alt=\"\" class=\"wp-image-118664\" srcset=\"https:\/\/i2.wp.com\/www.noticiasperfil.com\/index\/wp-content\/uploads\/2026\/01\/SEV-avances-del-programa-POR-TI3.jpeg?w=1600&amp;ssl=1 1600w, https:\/\/i2.wp.com\/www.noticiasperfil.com\/index\/wp-content\/uploads\/2026\/01\/SEV-avances-del-programa-POR-TI3.jpeg?resize=1536%2C1024&amp;ssl=1 1536w, https:\/\/i2.wp.com\/www.noticiasperfil.com\/index\/wp-content\/uploads\/2026\/01\/SEV-avances-del-programa-POR-TI3.jpeg?w=1280&amp;ssl=1 1280w\" sizes=\"auto, (max-width: 640px) 100vw, 640px\" \/><\/figure>\n\n\n\n<figure class=\"wp-block-image size-large\"><img loading=\"lazy\" decoding=\"async\" width=\"1600\" height=\"1066\" data-attachment-id=\"118663\" data-permalink=\"https:\/\/www.noticiasperfil.com\/index\/2026\/01\/22\/evalua-sev-avances-del-programa-por-ti-y-reafirma-su-compromiso-con-la-educacion-en-2026\/sev-avances-del-programa-por-ti2\/\" data-orig-file=\"https:\/\/i1.wp.com\/www.noticiasperfil.com\/index\/wp-content\/uploads\/2026\/01\/SEV-avances-del-programa-POR-TI2.jpeg?fit=1600%2C1066&amp;ssl=1\" data-orig-size=\"1600,1066\" data-comments-opened=\"1\" data-image-meta=\"{&quot;aperture&quot;:&quot;0&quot;,&quot;credit&quot;:&quot;&quot;,&quot;camera&quot;:&quot;&quot;,&quot;caption&quot;:&quot;&quot;,&quot;created_timestamp&quot;:&quot;0&quot;,&quot;copyright&quot;:&quot;&quot;,&quot;focal_length&quot;:&quot;0&quot;,&quot;iso&quot;:&quot;0&quot;,&quot;shutter_speed&quot;:&quot;0&quot;,&quot;title&quot;:&quot;&quot;,&quot;orientation&quot;:&quot;0&quot;}\" data-image-title=\"SEV avances del programa POR TI2\" data-image-description=\"\" data-medium-file=\"https:\/\/i1.wp.com\/www.noticiasperfil.com\/index\/wp-content\/uploads\/2026\/01\/SEV-avances-del-programa-POR-TI2.jpeg?fit=660%2C365&amp;ssl=1\" data-large-file=\"https:\/\/i1.wp.com\/www.noticiasperfil.com\/index\/wp-content\/uploads\/2026\/01\/SEV-avances-del-programa-POR-TI2.jpeg?fit=640%2C366&amp;ssl=1\" data-id=\"118663\" src=\"https:\/\/i1.wp.com\/www.noticiasperfil.com\/index\/wp-content\/uploads\/2026\/01\/SEV-avances-del-programa-POR-TI2.jpeg?fit=640%2C366&amp;ssl=1\" alt=\"\" class=\"wp-image-118663\" srcset=\"https:\/\/i1.wp.com\/www.noticiasperfil.com\/index\/wp-content\/uploads\/2026\/01\/SEV-avances-del-programa-POR-TI2.jpeg?w=1600&amp;ssl=1 1600w, https:\/\/i1.wp.com\/www.noticiasperfil.com\/index\/wp-content\/uploads\/2026\/01\/SEV-avances-del-programa-POR-TI2.jpeg?resize=1536%2C1023&amp;ssl=1 1536w, https:\/\/i1.wp.com\/www.noticiasperfil.com\/index\/wp-content\/uploads\/2026\/01\/SEV-avances-del-programa-POR-TI2.jpeg?w=1280&amp;ssl=1 1280w\" sizes=\"auto, (max-width: 640px) 100vw, 640px\" \/><\/figure>\n\n\n\n<figure class=\"wp-block-image size-large\"><img loading=\"lazy\" decoding=\"async\" width=\"1600\" height=\"1067\" data-attachment-id=\"118662\" data-permalink=\"https:\/\/www.noticiasperfil.com\/index\/2026\/01\/22\/evalua-sev-avances-del-programa-por-ti-y-reafirma-su-compromiso-con-la-educacion-en-2026\/sev-avances-del-programa-por-ti1\/\" data-orig-file=\"https:\/\/i2.wp.com\/www.noticiasperfil.com\/index\/wp-content\/uploads\/2026\/01\/SEV-avances-del-programa-POR-TI1.jpeg?fit=1600%2C1067&amp;ssl=1\" data-orig-size=\"1600,1067\" data-comments-opened=\"1\" data-image-meta=\"{&quot;aperture&quot;:&quot;0&quot;,&quot;credit&quot;:&quot;&quot;,&quot;camera&quot;:&quot;&quot;,&quot;caption&quot;:&quot;&quot;,&quot;created_timestamp&quot;:&quot;0&quot;,&quot;copyright&quot;:&quot;&quot;,&quot;focal_length&quot;:&quot;0&quot;,&quot;iso&quot;:&quot;0&quot;,&quot;shutter_speed&quot;:&quot;0&quot;,&quot;title&quot;:&quot;&quot;,&quot;orientation&quot;:&quot;0&quot;}\" data-image-title=\"SEV avances del programa POR TI1\" data-image-description=\"\" data-medium-file=\"https:\/\/i2.wp.com\/www.noticiasperfil.com\/index\/wp-content\/uploads\/2026\/01\/SEV-avances-del-programa-POR-TI1.jpeg?fit=660%2C365&amp;ssl=1\" data-large-file=\"https:\/\/i2.wp.com\/www.noticiasperfil.com\/index\/wp-content\/uploads\/2026\/01\/SEV-avances-del-programa-POR-TI1.jpeg?fit=640%2C366&amp;ssl=1\" data-id=\"118662\" src=\"https:\/\/i2.wp.com\/www.noticiasperfil.com\/index\/wp-content\/uploads\/2026\/01\/SEV-avances-del-programa-POR-TI1.jpeg?fit=640%2C366&amp;ssl=1\" alt=\"\" class=\"wp-image-118662\" srcset=\"https:\/\/i2.wp.com\/www.noticiasperfil.com\/index\/wp-content\/uploads\/2026\/01\/SEV-avances-del-programa-POR-TI1.jpeg?w=1600&amp;ssl=1 1600w, https:\/\/i2.wp.com\/www.noticiasperfil.com\/index\/wp-content\/uploads\/2026\/01\/SEV-avances-del-programa-POR-TI1.jpeg?resize=1536%2C1024&amp;ssl=1 1536w, https:\/\/i2.wp.com\/www.noticiasperfil.com\/index\/wp-content\/uploads\/2026\/01\/SEV-avances-del-programa-POR-TI1.jpeg?w=1280&amp;ssl=1 1280w\" sizes=\"auto, (max-width: 640px) 100vw, 640px\" \/><\/figure>\n<\/figure>\n\n\n\n<p><strong>Xalapa, Ver., jueves 22 de enero de 2026.- <\/strong>Con el prop\u00f3sito de evaluar los avances de las acciones estrat\u00e9gicas desarrolladas en el Programa de Organizaci\u00f3n y Reorientaci\u00f3n T\u00e9cnico Pedag\u00f3gica con \u00c9nfasis en Inclusi\u00f3n (POR TI), la Secretar\u00eda de Educaci\u00f3n de Veracruz (SEV) llev\u00f3 a cabo la segunda sesi\u00f3n ordinaria de la Comisi\u00f3n Estatal para la Planeaci\u00f3n y Programaci\u00f3n de la Educaci\u00f3n B\u00e1sica, del Consejo Interinstitucional Veracruzano de Educaci\u00f3n.<\/p>\n\n\n\n<p>Durante la reuni\u00f3n, analizaron los ejercicios orientados a la inclusi\u00f3n pedag\u00f3gica y mejora de los aprendizajes, adem\u00e1s de las estrategias que implementar\u00e1n a lo largo del a\u00f1o para consolidar la resignificaci\u00f3n de los equipos de supervisi\u00f3n escolar, a partir de un liderazgo acad\u00e9mico s\u00f3lido, reflexivo y propositivo.<\/p>\n\n\n\n<p>Tambi\u00e9n se present\u00f3 el avance en el desarrollo de plataformas tecnol\u00f3gicas, con el objetivo de construir acuerdos que orienten la siguiente etapa de trabajo con autoridades escolares y fortalezcan los procesos de planeaci\u00f3n y acompa\u00f1amiento educativo.<\/p>\n\n\n\n<p>La sesi\u00f3n fue encabezada por la titular de la SEV, Claudia Tello Espinosa, en su calidad de presidenta de la comisi\u00f3n, quien subray\u00f3 que este a\u00f1o ser\u00e1 de trabajo constante y articulado en todas las \u00e1reas, con una meta clara: avanzar hacia la excelencia educativa, consolidar el orden administrativo, revalorar la labor del magisterio, fortalecer los aprendizajes en todos los niveles y contribuir a la disminuci\u00f3n del analfabetismo.<\/p>\n\n\n\n<p>Asimismo, reafirm\u00f3 el compromiso de trabajar de manera cercana y coordinada con los actores educativos, siguiendo los lineamientos de POR TI, para garantizar el derecho a la educaci\u00f3n de ni\u00f1as, ni\u00f1os, adolescentes y j\u00f3venes, y ofrecer una formaci\u00f3n inclusiva, equitativa y de calidad.<\/p>\n","protected":false},"excerpt":{"rendered":"<p>Xalapa, Ver., jueves 22 de enero de 2026.- Con el prop\u00f3sito de evaluar los avances de las acciones estrat\u00e9gicas desarrolladas en el Programa de Organizaci\u00f3n y Reorientaci\u00f3n T\u00e9cnico Pedag\u00f3gica con \u00c9nfasis en Inclusi\u00f3n (POR TI), la Secretar\u00eda de Educaci\u00f3n de Veracruz (SEV) llev\u00f3 a cabo la segunda sesi\u00f3n ordinaria de la Comisi\u00f3n Estatal para la Planeaci\u00f3n y Programaci\u00f3n de la Educaci\u00f3n B\u00e1sica, del Consejo Interinstitucional Veracruzano de Educaci\u00f3n. Durante la reuni\u00f3n, analizaron los ejercicios orientados a la inclusi\u00f3n pedag\u00f3gica y mejora de los aprendizajes, adem\u00e1s de las estrategias que implementar\u00e1n&hellip;<\/p>\n","protected":false},"author":1,"featured_media":118665,"comment_status":"open","ping_status":"closed","sticky":false,"template":"","format":"standard","meta":{"footnotes":""},"categories":[3,10617],"tags":[],"class_list":["post-118661","post","type-post","status-publish","format-standard","has-post-thumbnail","hentry","category-destacadas","category-sev"],"jetpack-related-posts":[],"_links":{"self":[{"href":"https:\/\/www.noticiasperfil.com\/index\/wp-json\/wp\/v2\/posts\/118661","targetHints":{"allow":["GET"]}}],"collection":[{"href":"https:\/\/www.noticiasperfil.com\/index\/wp-json\/wp\/v2\/posts"}],"about":[{"href":"https:\/\/www.noticiasperfil.com\/index\/wp-json\/wp\/v2\/types\/post"}],"author":[{"embeddable":true,"href":"https:\/\/www.noticiasperfil.com\/index\/wp-json\/wp\/v2\/users\/1"}],"replies":[{"embeddable":true,"href":"https:\/\/www.noticiasperfil.com\/index\/wp-json\/wp\/v2\/comments?post=118661"}],"version-history":[{"count":1,"href":"https:\/\/www.noticiasperfil.com\/index\/wp-json\/wp\/v2\/posts\/118661\/revisions"}],"predecessor-version":[{"id":118666,"href":"https:\/\/www.noticiasperfil.com\/index\/wp-json\/wp\/v2\/posts\/118661\/revisions\/118666"}],"wp:featuredmedia":[{"embeddable":true,"href":"https:\/\/www.noticiasperfil.com\/index\/wp-json\/wp\/v2\/media\/118665"}],"wp:attachment":[{"href":"https:\/\/www.noticiasperfil.com\/index\/wp-json\/wp\/v2\/media?parent=118661"}],"wp:term":[{"taxonomy":"category","embeddable":true,"href":"https:\/\/www.noticiasperfil.com\/index\/wp-json\/wp\/v2\/categories?post=118661"},{"taxonomy":"post_tag","embeddable":true,"href":"https:\/\/www.noticiasperfil.com\/index\/wp-json\/wp\/v2\/tags?post=118661"}],"curies":[{"name":"wp","href":"https:\/\/api.w.org\/{rel}","templated":true}]}}