{"id":118667,"date":"2026-01-22T20:47:54","date_gmt":"2026-01-23T02:47:54","guid":{"rendered":"https:\/\/www.noticiasperfil.com\/index\/?p=118667"},"modified":"2026-01-22T20:47:57","modified_gmt":"2026-01-23T02:47:57","slug":"sev-atiende-necesidades-de-la-comunidad-educativa-en-conalep-orizaba","status":"publish","type":"post","link":"https:\/\/www.noticiasperfil.com\/index\/2026\/01\/22\/sev-atiende-necesidades-de-la-comunidad-educativa-en-conalep-orizaba\/","title":{"rendered":"SEV atiende necesidades de la comunidad educativa en CONALEP Orizaba"},"content":{"rendered":"\n<figure class=\"wp-block-image alignwide size-large\"><img loading=\"lazy\" decoding=\"async\" width=\"640\" height=\"366\" data-attachment-id=\"118668\" data-permalink=\"https:\/\/www.noticiasperfil.com\/index\/2026\/01\/22\/sev-atiende-necesidades-de-la-comunidad-educativa-en-conalep-orizaba\/sev-conalep-orizaba\/\" data-orig-file=\"https:\/\/i1.wp.com\/www.noticiasperfil.com\/index\/wp-content\/uploads\/2026\/01\/sev-conalep-orizaba.jpeg?fit=1280%2C786&amp;ssl=1\" data-orig-size=\"1280,786\" data-comments-opened=\"1\" data-image-meta=\"{&quot;aperture&quot;:&quot;0&quot;,&quot;credit&quot;:&quot;&quot;,&quot;camera&quot;:&quot;&quot;,&quot;caption&quot;:&quot;&quot;,&quot;created_timestamp&quot;:&quot;0&quot;,&quot;copyright&quot;:&quot;&quot;,&quot;focal_length&quot;:&quot;0&quot;,&quot;iso&quot;:&quot;0&quot;,&quot;shutter_speed&quot;:&quot;0&quot;,&quot;title&quot;:&quot;&quot;,&quot;orientation&quot;:&quot;0&quot;}\" data-image-title=\"sev-conalep-orizaba\" data-image-description=\"\" data-medium-file=\"https:\/\/i1.wp.com\/www.noticiasperfil.com\/index\/wp-content\/uploads\/2026\/01\/sev-conalep-orizaba.jpeg?fit=660%2C365&amp;ssl=1\" data-large-file=\"https:\/\/i1.wp.com\/www.noticiasperfil.com\/index\/wp-content\/uploads\/2026\/01\/sev-conalep-orizaba.jpeg?fit=640%2C366&amp;ssl=1\" src=\"https:\/\/i1.wp.com\/www.noticiasperfil.com\/index\/wp-content\/uploads\/2026\/01\/sev-conalep-orizaba.jpeg?resize=640%2C366&#038;ssl=1\" alt=\"\" class=\"wp-image-118668\" data-recalc-dims=\"1\"\/><\/figure>\n\n\n\n<p><strong>Orizaba, Ver., jueves 22 de enero de 2026.-<\/strong> La Secretar\u00eda de Educaci\u00f3n de Veracruz se reuni\u00f3 con la comunidad acad\u00e9mica del plantel 252 del Colegio Nacional de Educaci\u00f3n Profesional T\u00e9cnica (CONALEP) Ricardo Flores Mag\u00f3n, como parte de la cercan\u00eda y el di\u00e1logo permanente que mantiene.<\/p>\n\n\n\n<p>El encuentro fue encabezado por la titular de la dependencia, Claudia Tello Espinosa, quien escuch\u00f3 a docentes, directivos y personal administrativo del plantel para atender sus principales necesidades, siguiendo la instrucci\u00f3n de la gobernadora Roc\u00edo Nahle Garc\u00eda.<\/p>\n\n\n\n<p>Destac\u00f3 la importancia de que cada escuela de Veracruz ofrezca espacios dignos al estudiantado y mejores herramientas de trabajo al magisterio. Reiter\u00f3 que la dependencia mantiene las puertas abiertas para atender a todas las comunidades educativas.<\/p>\n\n\n\n<p>La titular tambi\u00e9n visit\u00f3 a las y los alumnos del taller de Rob\u00f3tica, quienes presentaron los proyectos que han desarrollado, mostrando su creatividad y habilidades en el \u00e1rea tecnol\u00f3gica.<\/p>\n","protected":false},"excerpt":{"rendered":"<p>Orizaba, Ver., jueves 22 de enero de 2026.- La Secretar\u00eda de Educaci\u00f3n de Veracruz se reuni\u00f3 con la comunidad acad\u00e9mica del plantel 252 del Colegio Nacional de Educaci\u00f3n Profesional T\u00e9cnica (CONALEP) Ricardo Flores Mag\u00f3n, como parte de la cercan\u00eda y el di\u00e1logo permanente que mantiene. El encuentro fue encabezado por la titular de la dependencia, Claudia Tello Espinosa, quien escuch\u00f3 a docentes, directivos y personal administrativo del plantel para atender sus principales necesidades, siguiendo la instrucci\u00f3n de la gobernadora Roc\u00edo Nahle Garc\u00eda. Destac\u00f3 la importancia de que cada escuela de&hellip;<\/p>\n","protected":false},"author":1,"featured_media":118668,"comment_status":"open","ping_status":"closed","sticky":false,"template":"","format":"standard","meta":{"footnotes":""},"categories":[3,10617],"tags":[],"class_list":["post-118667","post","type-post","status-publish","format-standard","has-post-thumbnail","hentry","category-destacadas","category-sev"],"jetpack-related-posts":[],"_links":{"self":[{"href":"https:\/\/www.noticiasperfil.com\/index\/wp-json\/wp\/v2\/posts\/118667","targetHints":{"allow":["GET"]}}],"collection":[{"href":"https:\/\/www.noticiasperfil.com\/index\/wp-json\/wp\/v2\/posts"}],"about":[{"href":"https:\/\/www.noticiasperfil.com\/index\/wp-json\/wp\/v2\/types\/post"}],"author":[{"embeddable":true,"href":"https:\/\/www.noticiasperfil.com\/index\/wp-json\/wp\/v2\/users\/1"}],"replies":[{"embeddable":true,"href":"https:\/\/www.noticiasperfil.com\/index\/wp-json\/wp\/v2\/comments?post=118667"}],"version-history":[{"count":1,"href":"https:\/\/www.noticiasperfil.com\/index\/wp-json\/wp\/v2\/posts\/118667\/revisions"}],"predecessor-version":[{"id":118669,"href":"https:\/\/www.noticiasperfil.com\/index\/wp-json\/wp\/v2\/posts\/118667\/revisions\/118669"}],"wp:featuredmedia":[{"embeddable":true,"href":"https:\/\/www.noticiasperfil.com\/index\/wp-json\/wp\/v2\/media\/118668"}],"wp:attachment":[{"href":"https:\/\/www.noticiasperfil.com\/index\/wp-json\/wp\/v2\/media?parent=118667"}],"wp:term":[{"taxonomy":"category","embeddable":true,"href":"https:\/\/www.noticiasperfil.com\/index\/wp-json\/wp\/v2\/categories?post=118667"},{"taxonomy":"post_tag","embeddable":true,"href":"https:\/\/www.noticiasperfil.com\/index\/wp-json\/wp\/v2\/tags?post=118667"}],"curies":[{"name":"wp","href":"https:\/\/api.w.org\/{rel}","templated":true}]}}