{"id":118679,"date":"2026-01-22T20:54:57","date_gmt":"2026-01-23T02:54:57","guid":{"rendered":"https:\/\/www.noticiasperfil.com\/index\/?p=118679"},"modified":"2026-01-22T20:55:01","modified_gmt":"2026-01-23T02:55:01","slug":"veracruz-arranca-fitur-con-resultados-y-alianzas-internacionales","status":"publish","type":"post","link":"https:\/\/www.noticiasperfil.com\/index\/2026\/01\/22\/veracruz-arranca-fitur-con-resultados-y-alianzas-internacionales\/","title":{"rendered":"Veracruz arranca FITUR con resultados y alianzas internacionales"},"content":{"rendered":"\n<figure class=\"wp-block-gallery has-nested-images columns-default is-cropped wp-block-gallery-1 is-layout-flex wp-block-gallery-is-layout-flex\">\n<figure class=\"wp-block-image size-large\"><img loading=\"lazy\" decoding=\"async\" width=\"1280\" height=\"854\" data-attachment-id=\"118683\" data-permalink=\"https:\/\/www.noticiasperfil.com\/index\/2026\/01\/22\/veracruz-arranca-fitur-con-resultados-y-alianzas-internacionales\/fitur-resultados-alianzas-internacionales1\/\" data-orig-file=\"https:\/\/i2.wp.com\/www.noticiasperfil.com\/index\/wp-content\/uploads\/2026\/01\/fitur-resultados-alianzas-internacionales1.jpeg?fit=1280%2C854&amp;ssl=1\" data-orig-size=\"1280,854\" data-comments-opened=\"1\" data-image-meta=\"{&quot;aperture&quot;:&quot;0&quot;,&quot;credit&quot;:&quot;&quot;,&quot;camera&quot;:&quot;&quot;,&quot;caption&quot;:&quot;&quot;,&quot;created_timestamp&quot;:&quot;0&quot;,&quot;copyright&quot;:&quot;&quot;,&quot;focal_length&quot;:&quot;0&quot;,&quot;iso&quot;:&quot;0&quot;,&quot;shutter_speed&quot;:&quot;0&quot;,&quot;title&quot;:&quot;&quot;,&quot;orientation&quot;:&quot;0&quot;}\" data-image-title=\"fitur-resultados-alianzas-internacionales1\" data-image-description=\"\" data-medium-file=\"https:\/\/i2.wp.com\/www.noticiasperfil.com\/index\/wp-content\/uploads\/2026\/01\/fitur-resultados-alianzas-internacionales1.jpeg?fit=660%2C365&amp;ssl=1\" data-large-file=\"https:\/\/i2.wp.com\/www.noticiasperfil.com\/index\/wp-content\/uploads\/2026\/01\/fitur-resultados-alianzas-internacionales1.jpeg?fit=640%2C366&amp;ssl=1\" data-id=\"118683\" src=\"https:\/\/i2.wp.com\/www.noticiasperfil.com\/index\/wp-content\/uploads\/2026\/01\/fitur-resultados-alianzas-internacionales1.jpeg?fit=640%2C366&amp;ssl=1\" alt=\"\" class=\"wp-image-118683\"\/><\/figure>\n\n\n\n<figure class=\"wp-block-image size-large\"><img loading=\"lazy\" decoding=\"async\" width=\"1280\" height=\"854\" data-attachment-id=\"118682\" data-permalink=\"https:\/\/www.noticiasperfil.com\/index\/2026\/01\/22\/veracruz-arranca-fitur-con-resultados-y-alianzas-internacionales\/fitur-resultados-alianzas-internacionales4\/\" data-orig-file=\"https:\/\/i1.wp.com\/www.noticiasperfil.com\/index\/wp-content\/uploads\/2026\/01\/fitur-resultados-alianzas-internacionales4.jpeg?fit=1280%2C854&amp;ssl=1\" data-orig-size=\"1280,854\" data-comments-opened=\"1\" data-image-meta=\"{&quot;aperture&quot;:&quot;0&quot;,&quot;credit&quot;:&quot;&quot;,&quot;camera&quot;:&quot;&quot;,&quot;caption&quot;:&quot;&quot;,&quot;created_timestamp&quot;:&quot;0&quot;,&quot;copyright&quot;:&quot;&quot;,&quot;focal_length&quot;:&quot;0&quot;,&quot;iso&quot;:&quot;0&quot;,&quot;shutter_speed&quot;:&quot;0&quot;,&quot;title&quot;:&quot;&quot;,&quot;orientation&quot;:&quot;0&quot;}\" data-image-title=\"fitur-resultados-alianzas-internacionales4\" data-image-description=\"\" data-medium-file=\"https:\/\/i1.wp.com\/www.noticiasperfil.com\/index\/wp-content\/uploads\/2026\/01\/fitur-resultados-alianzas-internacionales4.jpeg?fit=660%2C365&amp;ssl=1\" data-large-file=\"https:\/\/i1.wp.com\/www.noticiasperfil.com\/index\/wp-content\/uploads\/2026\/01\/fitur-resultados-alianzas-internacionales4.jpeg?fit=640%2C366&amp;ssl=1\" data-id=\"118682\" src=\"https:\/\/i1.wp.com\/www.noticiasperfil.com\/index\/wp-content\/uploads\/2026\/01\/fitur-resultados-alianzas-internacionales4.jpeg?fit=640%2C366&amp;ssl=1\" alt=\"\" class=\"wp-image-118682\"\/><\/figure>\n\n\n\n<figure class=\"wp-block-image size-large\"><img loading=\"lazy\" decoding=\"async\" width=\"1280\" height=\"854\" data-attachment-id=\"118681\" data-permalink=\"https:\/\/www.noticiasperfil.com\/index\/2026\/01\/22\/veracruz-arranca-fitur-con-resultados-y-alianzas-internacionales\/fitur-resultados-alianzas-internacionales3\/\" data-orig-file=\"https:\/\/i1.wp.com\/www.noticiasperfil.com\/index\/wp-content\/uploads\/2026\/01\/fitur-resultados-alianzas-internacionales3.jpeg?fit=1280%2C854&amp;ssl=1\" data-orig-size=\"1280,854\" data-comments-opened=\"1\" data-image-meta=\"{&quot;aperture&quot;:&quot;0&quot;,&quot;credit&quot;:&quot;&quot;,&quot;camera&quot;:&quot;&quot;,&quot;caption&quot;:&quot;&quot;,&quot;created_timestamp&quot;:&quot;0&quot;,&quot;copyright&quot;:&quot;&quot;,&quot;focal_length&quot;:&quot;0&quot;,&quot;iso&quot;:&quot;0&quot;,&quot;shutter_speed&quot;:&quot;0&quot;,&quot;title&quot;:&quot;&quot;,&quot;orientation&quot;:&quot;0&quot;}\" data-image-title=\"fitur-resultados-alianzas-internacionales3\" data-image-description=\"\" data-medium-file=\"https:\/\/i1.wp.com\/www.noticiasperfil.com\/index\/wp-content\/uploads\/2026\/01\/fitur-resultados-alianzas-internacionales3.jpeg?fit=660%2C365&amp;ssl=1\" data-large-file=\"https:\/\/i1.wp.com\/www.noticiasperfil.com\/index\/wp-content\/uploads\/2026\/01\/fitur-resultados-alianzas-internacionales3.jpeg?fit=640%2C366&amp;ssl=1\" data-id=\"118681\" src=\"https:\/\/i1.wp.com\/www.noticiasperfil.com\/index\/wp-content\/uploads\/2026\/01\/fitur-resultados-alianzas-internacionales3.jpeg?fit=640%2C366&amp;ssl=1\" alt=\"\" class=\"wp-image-118681\"\/><\/figure>\n\n\n\n<figure class=\"wp-block-image size-large\"><img loading=\"lazy\" decoding=\"async\" width=\"1280\" height=\"854\" data-attachment-id=\"118680\" data-permalink=\"https:\/\/www.noticiasperfil.com\/index\/2026\/01\/22\/veracruz-arranca-fitur-con-resultados-y-alianzas-internacionales\/fitur-resultados-alianzas-internacionales2\/\" data-orig-file=\"https:\/\/i1.wp.com\/www.noticiasperfil.com\/index\/wp-content\/uploads\/2026\/01\/fitur-resultados-alianzas-internacionales2.jpeg?fit=1280%2C854&amp;ssl=1\" data-orig-size=\"1280,854\" data-comments-opened=\"1\" data-image-meta=\"{&quot;aperture&quot;:&quot;0&quot;,&quot;credit&quot;:&quot;&quot;,&quot;camera&quot;:&quot;&quot;,&quot;caption&quot;:&quot;&quot;,&quot;created_timestamp&quot;:&quot;0&quot;,&quot;copyright&quot;:&quot;&quot;,&quot;focal_length&quot;:&quot;0&quot;,&quot;iso&quot;:&quot;0&quot;,&quot;shutter_speed&quot;:&quot;0&quot;,&quot;title&quot;:&quot;&quot;,&quot;orientation&quot;:&quot;0&quot;}\" data-image-title=\"fitur-resultados-alianzas-internacionales2\" data-image-description=\"\" data-medium-file=\"https:\/\/i1.wp.com\/www.noticiasperfil.com\/index\/wp-content\/uploads\/2026\/01\/fitur-resultados-alianzas-internacionales2.jpeg?fit=660%2C365&amp;ssl=1\" data-large-file=\"https:\/\/i1.wp.com\/www.noticiasperfil.com\/index\/wp-content\/uploads\/2026\/01\/fitur-resultados-alianzas-internacionales2.jpeg?fit=640%2C366&amp;ssl=1\" data-id=\"118680\" src=\"https:\/\/i1.wp.com\/www.noticiasperfil.com\/index\/wp-content\/uploads\/2026\/01\/fitur-resultados-alianzas-internacionales2.jpeg?fit=640%2C366&amp;ssl=1\" alt=\"\" class=\"wp-image-118680\"\/><\/figure>\n<\/figure>\n\n\n\n<blockquote class=\"wp-block-quote is-layout-flow wp-block-quote-is-layout-flow\">\n<p>Presenta la experiencia inmersiva mediante el simulador de descenso en r\u00edo de Jalcomulco.<\/p>\n<\/blockquote>\n\n\n\n<p><strong>Madrid, Esp., jueves 22 de enero de 2026.- <\/strong>Con m\u00e1s de 45 reuniones de negocios concretadas y la presentaci\u00f3n de 650 experiencias y 67 rutas registradas, Veracruz inici\u00f3 con resultados positivos su participaci\u00f3n en la Feria Internacional de Turismo (FITUR), que se realiza del 21 al 25 de enero.<\/p>\n\n\n\n<p>Durante el primer d\u00eda de actividades, y bajo la encomienda de la gobernadora Roc\u00edo Nahle Garc\u00eda de posicionar a la entidad como un destino competitivo, el secretario de Turismo, Igor Roj\u00ed L\u00f3pez, sostuvo m\u00e1s de 20 encuentros de trabajo con agencias de viajes, aerol\u00edneas, prestadores de servicios y turoperadores, orientados a ampliar la presencia en mercados internacionales y fortalecer su oferta integral.<\/p>\n\n\n\n<p>De manera paralela, turoperadores concretaron m\u00e1s de 25 reuniones con compradores mayoristas internacionales, en las que se present\u00f3 una propuesta que articula la riqueza cultural, hist\u00f3rica y natural del estado, impulsando la consolidaci\u00f3n de rutas de alto valor cultural y el desarrollo regional bajo una visi\u00f3n compartida de colaboraci\u00f3n y proyecci\u00f3n conjunta.<\/p>\n\n\n\n<p>En el segmento de aventura y naturaleza, Espa\u00f1a y Europa se consolidan como mercados estrat\u00e9gicos, lo que se reflej\u00f3 en el inter\u00e9s generado por el simulador de descenso en r\u00edo de Jalcomulco, uno de los principales atractivos del pabell\u00f3n veracruzano, que permiti\u00f3 a operadores y visitantes conocer de manera inmersiva el potencial del estado en este rubro.<\/p>\n\n\n\n<p>Aprovechando esta gran vitrina internacional, se expuso el misticismo de Los Tuxtlas y su medicina tradicional, la majestuosidad de los Voladores de Papantla, Patrimonio Cultural Inmaterial de la Humanidad, as\u00ed como la alegr\u00eda de los jarochos del Sotavento, ofreciendo a los asistentes una experiencia viva que refuerza la autenticidad del destino y su compromiso con pr\u00e1cticas responsables y sostenibles, y confirma por qu\u00e9 Veracruz est\u00e1 de moda.<\/p>\n\n\n\n<p>La delegaci\u00f3n mantendr\u00e1 una agenda activa durante esta semana en el recinto ferial, al aprovechar este punto de encuentro que re\u00fane a 156 pa\u00edses, m\u00e1s de 9 mil 500 empresas y prev\u00e9 la asistencia de 250 mil visitantes internacionales, fortaleciendo la visibilidad de Veracruz en uno de los foros m\u00e1s relevantes del sector a nivel global.<\/p>\n","protected":false},"excerpt":{"rendered":"<p>Presenta la experiencia inmersiva mediante el simulador de descenso en r\u00edo de Jalcomulco. Madrid, Esp., jueves 22 de enero de 2026.- Con m\u00e1s de 45 reuniones de negocios concretadas y la presentaci\u00f3n de 650 experiencias y 67 rutas registradas, Veracruz inici\u00f3 con resultados positivos su participaci\u00f3n en la Feria Internacional de Turismo (FITUR), que se realiza del 21 al 25 de enero. Durante el primer d\u00eda de actividades, y bajo la encomienda de la gobernadora Roc\u00edo Nahle Garc\u00eda de posicionar a la entidad como un destino competitivo, el secretario de&hellip;<\/p>\n","protected":false},"author":1,"featured_media":118683,"comment_status":"open","ping_status":"closed","sticky":false,"template":"","format":"standard","meta":{"footnotes":""},"categories":[3,10618],"tags":[],"class_list":["post-118679","post","type-post","status-publish","format-standard","has-post-thumbnail","hentry","category-destacadas","category-eventos-culturales"],"jetpack-related-posts":[],"_links":{"self":[{"href":"https:\/\/www.noticiasperfil.com\/index\/wp-json\/wp\/v2\/posts\/118679","targetHints":{"allow":["GET"]}}],"collection":[{"href":"https:\/\/www.noticiasperfil.com\/index\/wp-json\/wp\/v2\/posts"}],"about":[{"href":"https:\/\/www.noticiasperfil.com\/index\/wp-json\/wp\/v2\/types\/post"}],"author":[{"embeddable":true,"href":"https:\/\/www.noticiasperfil.com\/index\/wp-json\/wp\/v2\/users\/1"}],"replies":[{"embeddable":true,"href":"https:\/\/www.noticiasperfil.com\/index\/wp-json\/wp\/v2\/comments?post=118679"}],"version-history":[{"count":1,"href":"https:\/\/www.noticiasperfil.com\/index\/wp-json\/wp\/v2\/posts\/118679\/revisions"}],"predecessor-version":[{"id":118684,"href":"https:\/\/www.noticiasperfil.com\/index\/wp-json\/wp\/v2\/posts\/118679\/revisions\/118684"}],"wp:featuredmedia":[{"embeddable":true,"href":"https:\/\/www.noticiasperfil.com\/index\/wp-json\/wp\/v2\/media\/118683"}],"wp:attachment":[{"href":"https:\/\/www.noticiasperfil.com\/index\/wp-json\/wp\/v2\/media?parent=118679"}],"wp:term":[{"taxonomy":"category","embeddable":true,"href":"https:\/\/www.noticiasperfil.com\/index\/wp-json\/wp\/v2\/categories?post=118679"},{"taxonomy":"post_tag","embeddable":true,"href":"https:\/\/www.noticiasperfil.com\/index\/wp-json\/wp\/v2\/tags?post=118679"}],"curies":[{"name":"wp","href":"https:\/\/api.w.org\/{rel}","templated":true}]}}