{"id":118694,"date":"2026-01-22T21:13:46","date_gmt":"2026-01-23T03:13:46","guid":{"rendered":"https:\/\/www.noticiasperfil.com\/index\/?p=118694"},"modified":"2026-02-06T21:18:11","modified_gmt":"2026-02-07T03:18:11","slug":"concentra-jornada-de-empleo-en-coatepec-mas-de-200-oportunidades-laborales","status":"publish","type":"post","link":"https:\/\/www.noticiasperfil.com\/index\/2026\/01\/22\/concentra-jornada-de-empleo-en-coatepec-mas-de-200-oportunidades-laborales\/","title":{"rendered":"Concentra Jornada de Empleo en Coatepec m\u00e1s de 200 oportunidades laborales"},"content":{"rendered":"\n<figure class=\"wp-block-gallery has-nested-images columns-default is-cropped wp-block-gallery-1 is-layout-flex wp-block-gallery-is-layout-flex\">\n<figure class=\"wp-block-image size-large\"><img loading=\"lazy\" decoding=\"async\" width=\"1280\" height=\"854\" data-attachment-id=\"118698\" data-permalink=\"https:\/\/www.noticiasperfil.com\/index\/2026\/01\/22\/concentra-jornada-de-empleo-en-coatepec-mas-de-200-oportunidades-laborales\/jornada-empleo-coatepec4\/\" data-orig-file=\"https:\/\/i0.wp.com\/www.noticiasperfil.com\/index\/wp-content\/uploads\/2026\/01\/jornada-empleo-coatepec4.jpeg?fit=1280%2C854&amp;ssl=1\" data-orig-size=\"1280,854\" data-comments-opened=\"1\" data-image-meta=\"{&quot;aperture&quot;:&quot;0&quot;,&quot;credit&quot;:&quot;&quot;,&quot;camera&quot;:&quot;&quot;,&quot;caption&quot;:&quot;&quot;,&quot;created_timestamp&quot;:&quot;0&quot;,&quot;copyright&quot;:&quot;&quot;,&quot;focal_length&quot;:&quot;0&quot;,&quot;iso&quot;:&quot;0&quot;,&quot;shutter_speed&quot;:&quot;0&quot;,&quot;title&quot;:&quot;&quot;,&quot;orientation&quot;:&quot;0&quot;}\" data-image-title=\"jornada-empleo-coatepec4\" data-image-description=\"\" data-medium-file=\"https:\/\/i0.wp.com\/www.noticiasperfil.com\/index\/wp-content\/uploads\/2026\/01\/jornada-empleo-coatepec4.jpeg?fit=660%2C365&amp;ssl=1\" data-large-file=\"https:\/\/i0.wp.com\/www.noticiasperfil.com\/index\/wp-content\/uploads\/2026\/01\/jornada-empleo-coatepec4.jpeg?fit=640%2C366&amp;ssl=1\" data-id=\"118698\" src=\"https:\/\/i0.wp.com\/www.noticiasperfil.com\/index\/wp-content\/uploads\/2026\/01\/jornada-empleo-coatepec4.jpeg?fit=640%2C366&amp;ssl=1\" alt=\"\" class=\"wp-image-118698\"\/><\/figure>\n\n\n\n<figure class=\"wp-block-image size-large\"><img loading=\"lazy\" decoding=\"async\" width=\"1280\" height=\"854\" data-attachment-id=\"118697\" data-permalink=\"https:\/\/www.noticiasperfil.com\/index\/2026\/01\/22\/concentra-jornada-de-empleo-en-coatepec-mas-de-200-oportunidades-laborales\/jornada-empleo-coatepec3\/\" data-orig-file=\"https:\/\/i1.wp.com\/www.noticiasperfil.com\/index\/wp-content\/uploads\/2026\/01\/jornada-empleo-coatepec3.jpeg?fit=1280%2C854&amp;ssl=1\" data-orig-size=\"1280,854\" data-comments-opened=\"1\" data-image-meta=\"{&quot;aperture&quot;:&quot;0&quot;,&quot;credit&quot;:&quot;&quot;,&quot;camera&quot;:&quot;&quot;,&quot;caption&quot;:&quot;&quot;,&quot;created_timestamp&quot;:&quot;0&quot;,&quot;copyright&quot;:&quot;&quot;,&quot;focal_length&quot;:&quot;0&quot;,&quot;iso&quot;:&quot;0&quot;,&quot;shutter_speed&quot;:&quot;0&quot;,&quot;title&quot;:&quot;&quot;,&quot;orientation&quot;:&quot;0&quot;}\" data-image-title=\"jornada-empleo-coatepec3\" data-image-description=\"\" data-medium-file=\"https:\/\/i1.wp.com\/www.noticiasperfil.com\/index\/wp-content\/uploads\/2026\/01\/jornada-empleo-coatepec3.jpeg?fit=660%2C365&amp;ssl=1\" data-large-file=\"https:\/\/i1.wp.com\/www.noticiasperfil.com\/index\/wp-content\/uploads\/2026\/01\/jornada-empleo-coatepec3.jpeg?fit=640%2C366&amp;ssl=1\" data-id=\"118697\" src=\"https:\/\/i1.wp.com\/www.noticiasperfil.com\/index\/wp-content\/uploads\/2026\/01\/jornada-empleo-coatepec3.jpeg?fit=640%2C366&amp;ssl=1\" alt=\"\" class=\"wp-image-118697\"\/><\/figure>\n\n\n\n<figure class=\"wp-block-image size-large\"><img loading=\"lazy\" decoding=\"async\" width=\"1280\" height=\"854\" data-attachment-id=\"118696\" data-permalink=\"https:\/\/www.noticiasperfil.com\/index\/2026\/01\/22\/concentra-jornada-de-empleo-en-coatepec-mas-de-200-oportunidades-laborales\/jornada-empleo-coatepec2\/\" data-orig-file=\"https:\/\/i1.wp.com\/www.noticiasperfil.com\/index\/wp-content\/uploads\/2026\/01\/jornada-empleo-coatepec2.jpeg?fit=1280%2C854&amp;ssl=1\" data-orig-size=\"1280,854\" data-comments-opened=\"1\" data-image-meta=\"{&quot;aperture&quot;:&quot;0&quot;,&quot;credit&quot;:&quot;&quot;,&quot;camera&quot;:&quot;&quot;,&quot;caption&quot;:&quot;&quot;,&quot;created_timestamp&quot;:&quot;0&quot;,&quot;copyright&quot;:&quot;&quot;,&quot;focal_length&quot;:&quot;0&quot;,&quot;iso&quot;:&quot;0&quot;,&quot;shutter_speed&quot;:&quot;0&quot;,&quot;title&quot;:&quot;&quot;,&quot;orientation&quot;:&quot;0&quot;}\" data-image-title=\"jornada-empleo-coatepec2\" data-image-description=\"\" data-medium-file=\"https:\/\/i1.wp.com\/www.noticiasperfil.com\/index\/wp-content\/uploads\/2026\/01\/jornada-empleo-coatepec2.jpeg?fit=660%2C365&amp;ssl=1\" data-large-file=\"https:\/\/i1.wp.com\/www.noticiasperfil.com\/index\/wp-content\/uploads\/2026\/01\/jornada-empleo-coatepec2.jpeg?fit=640%2C366&amp;ssl=1\" data-id=\"118696\" src=\"https:\/\/i1.wp.com\/www.noticiasperfil.com\/index\/wp-content\/uploads\/2026\/01\/jornada-empleo-coatepec2.jpeg?fit=640%2C366&amp;ssl=1\" alt=\"\" class=\"wp-image-118696\"\/><\/figure>\n\n\n\n<figure class=\"wp-block-image size-large\"><img loading=\"lazy\" decoding=\"async\" width=\"1280\" height=\"960\" data-attachment-id=\"118695\" data-permalink=\"https:\/\/www.noticiasperfil.com\/index\/2026\/01\/22\/concentra-jornada-de-empleo-en-coatepec-mas-de-200-oportunidades-laborales\/jornada-empleo-coatepec1\/\" data-orig-file=\"https:\/\/i1.wp.com\/www.noticiasperfil.com\/index\/wp-content\/uploads\/2026\/01\/jornada-empleo-coatepec1.jpeg?fit=1280%2C960&amp;ssl=1\" data-orig-size=\"1280,960\" data-comments-opened=\"1\" data-image-meta=\"{&quot;aperture&quot;:&quot;0&quot;,&quot;credit&quot;:&quot;&quot;,&quot;camera&quot;:&quot;&quot;,&quot;caption&quot;:&quot;&quot;,&quot;created_timestamp&quot;:&quot;0&quot;,&quot;copyright&quot;:&quot;&quot;,&quot;focal_length&quot;:&quot;0&quot;,&quot;iso&quot;:&quot;0&quot;,&quot;shutter_speed&quot;:&quot;0&quot;,&quot;title&quot;:&quot;&quot;,&quot;orientation&quot;:&quot;0&quot;}\" data-image-title=\"jornada-empleo-coatepec1\" data-image-description=\"\" data-medium-file=\"https:\/\/i1.wp.com\/www.noticiasperfil.com\/index\/wp-content\/uploads\/2026\/01\/jornada-empleo-coatepec1.jpeg?fit=660%2C365&amp;ssl=1\" data-large-file=\"https:\/\/i1.wp.com\/www.noticiasperfil.com\/index\/wp-content\/uploads\/2026\/01\/jornada-empleo-coatepec1.jpeg?fit=640%2C366&amp;ssl=1\" data-id=\"118695\" src=\"https:\/\/i1.wp.com\/www.noticiasperfil.com\/index\/wp-content\/uploads\/2026\/01\/jornada-empleo-coatepec1.jpeg?fit=640%2C366&amp;ssl=1\" alt=\"\" class=\"wp-image-118695\"\/><\/figure>\n<\/figure>\n\n\n\n<p><strong>Coatepec, Ver., jueves 22 de enero de 2026.\u2013 <\/strong>La Secretar\u00eda de Trabajo, Previsi\u00f3n Social y Productividad llev\u00f3 a cabo la Jornada de Empleo en el municipio de Coatepec, poniendo al alcance de la ciudadan\u00eda opciones de trabajo seguras, legales y bien remuneradas en los sectores de seguridad, log\u00edstica, ventas y actividades agr\u00edcolas.<\/p>\n\n\n\n<p>Participaron 16 empresas que ofertaron 226 vacantes, entre las que destacan 50 plazas operativas en la Guardia Nacional y 25 en la Secretar\u00eda de Seguridad P\u00fablica; adem\u00e1s, se incluyeron vacantes en IPAX, Proprimex FEMSA, SERCO Seguridad y Agrizar.<\/p>\n\n\n\n<p>Asimismo, se ofrecieron vacantes especializadas, como gerente de restaurante y soldador, ampliando el abanico de perfiles profesionales disponibles.<\/p>\n\n\n\n<p>Previo al arranque de la Jornada, se imparti\u00f3 un taller dirigido a personas en b\u00fasqueda de empleo, con el objetivo de fortalecer sus herramientas para una incorporaci\u00f3n exitosa al mercado laboral.<\/p>\n\n\n\n<p>Durante su mensaje, el titular de la dependencia, Luis Arturo Santiago Mart\u00ednez, destac\u00f3 que Veracruz vive un momento positivo en materia de empleo, al registrar una de las tasas de desocupaci\u00f3n m\u00e1s bajas del pa\u00eds, con 1.54 por ciento, por debajo de la media nacional, que es de 2.7.<\/p>\n","protected":false},"excerpt":{"rendered":"<p>Coatepec, Ver., jueves 22 de enero de 2026.\u2013 La Secretar\u00eda de Trabajo, Previsi\u00f3n Social y Productividad llev\u00f3 a cabo la Jornada de Empleo en el municipio de Coatepec, poniendo al alcance de la ciudadan\u00eda opciones de trabajo seguras, legales y bien remuneradas en los sectores de seguridad, log\u00edstica, ventas y actividades agr\u00edcolas. Participaron 16 empresas que ofertaron 226 vacantes, entre las que destacan 50 plazas operativas en la Guardia Nacional y 25 en la Secretar\u00eda de Seguridad P\u00fablica; adem\u00e1s, se incluyeron vacantes en IPAX, Proprimex FEMSA, SERCO Seguridad y Agrizar.&hellip;<\/p>\n","protected":false},"author":1,"featured_media":118696,"comment_status":"open","ping_status":"closed","sticky":false,"template":"","format":"standard","meta":{"footnotes":""},"categories":[3,10647],"tags":[],"class_list":["post-118694","post","type-post","status-publish","format-standard","has-post-thumbnail","hentry","category-destacadas","category-zona-centro"],"jetpack-related-posts":[],"_links":{"self":[{"href":"https:\/\/www.noticiasperfil.com\/index\/wp-json\/wp\/v2\/posts\/118694","targetHints":{"allow":["GET"]}}],"collection":[{"href":"https:\/\/www.noticiasperfil.com\/index\/wp-json\/wp\/v2\/posts"}],"about":[{"href":"https:\/\/www.noticiasperfil.com\/index\/wp-json\/wp\/v2\/types\/post"}],"author":[{"embeddable":true,"href":"https:\/\/www.noticiasperfil.com\/index\/wp-json\/wp\/v2\/users\/1"}],"replies":[{"embeddable":true,"href":"https:\/\/www.noticiasperfil.com\/index\/wp-json\/wp\/v2\/comments?post=118694"}],"version-history":[{"count":1,"href":"https:\/\/www.noticiasperfil.com\/index\/wp-json\/wp\/v2\/posts\/118694\/revisions"}],"predecessor-version":[{"id":118699,"href":"https:\/\/www.noticiasperfil.com\/index\/wp-json\/wp\/v2\/posts\/118694\/revisions\/118699"}],"wp:featuredmedia":[{"embeddable":true,"href":"https:\/\/www.noticiasperfil.com\/index\/wp-json\/wp\/v2\/media\/118696"}],"wp:attachment":[{"href":"https:\/\/www.noticiasperfil.com\/index\/wp-json\/wp\/v2\/media?parent=118694"}],"wp:term":[{"taxonomy":"category","embeddable":true,"href":"https:\/\/www.noticiasperfil.com\/index\/wp-json\/wp\/v2\/categories?post=118694"},{"taxonomy":"post_tag","embeddable":true,"href":"https:\/\/www.noticiasperfil.com\/index\/wp-json\/wp\/v2\/tags?post=118694"}],"curies":[{"name":"wp","href":"https:\/\/api.w.org\/{rel}","templated":true}]}}