{"id":118759,"date":"2026-01-24T22:26:36","date_gmt":"2026-01-25T04:26:36","guid":{"rendered":"https:\/\/www.noticiasperfil.com\/index\/?p=118759"},"modified":"2026-01-24T22:26:42","modified_gmt":"2026-01-25T04:26:42","slug":"cge-promueve-la-cultura-de-la-privacidad-y-proteccion-de-la-informacion","status":"publish","type":"post","link":"https:\/\/www.noticiasperfil.com\/index\/2026\/01\/24\/cge-promueve-la-cultura-de-la-privacidad-y-proteccion-de-la-informacion\/","title":{"rendered":"CGE promueve la cultura de la privacidad y protecci\u00f3n de la informaci\u00f3n"},"content":{"rendered":"\n<figure class=\"wp-block-image alignwide size-large\"><img loading=\"lazy\" decoding=\"async\" width=\"640\" height=\"366\" data-attachment-id=\"118760\" data-permalink=\"https:\/\/www.noticiasperfil.com\/index\/2026\/01\/24\/cge-promueve-la-cultura-de-la-privacidad-y-proteccion-de-la-informacion\/cge-promueve-cultura-privacidad\/\" data-orig-file=\"https:\/\/i2.wp.com\/www.noticiasperfil.com\/index\/wp-content\/uploads\/2026\/01\/cge-promueve-cultura-privacidad.jpeg?fit=1600%2C1066&amp;ssl=1\" data-orig-size=\"1600,1066\" data-comments-opened=\"1\" data-image-meta=\"{&quot;aperture&quot;:&quot;0&quot;,&quot;credit&quot;:&quot;&quot;,&quot;camera&quot;:&quot;&quot;,&quot;caption&quot;:&quot;&quot;,&quot;created_timestamp&quot;:&quot;0&quot;,&quot;copyright&quot;:&quot;&quot;,&quot;focal_length&quot;:&quot;0&quot;,&quot;iso&quot;:&quot;0&quot;,&quot;shutter_speed&quot;:&quot;0&quot;,&quot;title&quot;:&quot;&quot;,&quot;orientation&quot;:&quot;0&quot;}\" data-image-title=\"cge-promueve-cultura-privacidad\" data-image-description=\"\" data-medium-file=\"https:\/\/i2.wp.com\/www.noticiasperfil.com\/index\/wp-content\/uploads\/2026\/01\/cge-promueve-cultura-privacidad.jpeg?fit=660%2C365&amp;ssl=1\" data-large-file=\"https:\/\/i2.wp.com\/www.noticiasperfil.com\/index\/wp-content\/uploads\/2026\/01\/cge-promueve-cultura-privacidad.jpeg?fit=640%2C366&amp;ssl=1\" src=\"https:\/\/i2.wp.com\/www.noticiasperfil.com\/index\/wp-content\/uploads\/2026\/01\/cge-promueve-cultura-privacidad.jpeg?resize=640%2C366&#038;ssl=1\" alt=\"\" class=\"wp-image-118760\" data-recalc-dims=\"1\"\/><\/figure>\n\n\n\n<p><\/p>\n\n\n\n<p>&gt;Con actividades enfocadas en el uso \u00e9tico y responsable de los datos.<\/p>\n\n\n\n<p><strong>Xalapa, Ver., s\u00e1bado 24 de enero de 2026.- <\/strong>Con motivo del D\u00eda Internacional de la Protecci\u00f3n de Datos Personales, la Contralor\u00eda General del Estado (CGE) desarrollar\u00e1 una agenda de actividades para fortalecer la cultura de la protecci\u00f3n de la informaci\u00f3n personal y promover el respeto a los derechos en esta materia.<\/p>\n\n\n\n<p>El 27 de enero se llevar\u00e1 a cabo la conferencia Principios, deberes, derechos y obligaciones en materia de datos personales, dirigida a servidoras y servidores p\u00fablicos del Instituto Veracruzano de las Mujeres, as\u00ed como al personal de los Centros de Atenci\u00f3n Integral para Mujeres del estado.<\/p>\n\n\n\n<p>A partir del d\u00eda 28, instalar\u00e1 m\u00f3dulos informativos e interactivos en sus instalaciones, con din\u00e1micas de sensibilizaci\u00f3n para generar mayor conciencia sobre la importancia de proteger los datos en el ejercicio de la funci\u00f3n p\u00fablica.<\/p>\n\n\n\n<p>Ese mismo d\u00eda, a las 10:00 horas, se impartir\u00e1 la conferencia virtual Derecho al olvido, dirigida a personas trabajadoras de la administraci\u00f3n p\u00fablica estatal y de los \u00f3rganos garantes en materia de protecci\u00f3n de datos personales.<\/p>\n\n\n\n<p>En esta actividad se abordar\u00e1n aspectos relevantes sobre el ejercicio de este derecho en el entorno digital y su impacto en la protecci\u00f3n de la informaci\u00f3n. Las personas interesadas en participar podr\u00e1n registrarse previamente a trav\u00e9s del enlace: <a href=\"http:\/\/dgt2.cgever.gob.mx\/RLCE\/\">http:\/\/dgt2.cgever.gob.mx\/RLCE\/<\/a>.<\/p>\n\n\n\n<p><\/p>\n","protected":false},"excerpt":{"rendered":"<p>&gt;Con actividades enfocadas en el uso \u00e9tico y responsable de los datos. Xalapa, Ver., s\u00e1bado 24 de enero de 2026.- Con motivo del D\u00eda Internacional de la Protecci\u00f3n de Datos Personales, la Contralor\u00eda General del Estado (CGE) desarrollar\u00e1 una agenda de actividades para fortalecer la cultura de la protecci\u00f3n de la informaci\u00f3n personal y promover el respeto a los derechos en esta materia. El 27 de enero se llevar\u00e1 a cabo la conferencia Principios, deberes, derechos y obligaciones en materia de datos personales, dirigida a servidoras y servidores p\u00fablicos del&hellip;<\/p>\n","protected":false},"author":1,"featured_media":118760,"comment_status":"open","ping_status":"closed","sticky":false,"template":"","format":"standard","meta":{"footnotes":""},"categories":[3,1],"tags":[],"class_list":["post-118759","post","type-post","status-publish","format-standard","has-post-thumbnail","hentry","category-destacadas","category-uncategorized"],"jetpack-related-posts":[],"_links":{"self":[{"href":"https:\/\/www.noticiasperfil.com\/index\/wp-json\/wp\/v2\/posts\/118759","targetHints":{"allow":["GET"]}}],"collection":[{"href":"https:\/\/www.noticiasperfil.com\/index\/wp-json\/wp\/v2\/posts"}],"about":[{"href":"https:\/\/www.noticiasperfil.com\/index\/wp-json\/wp\/v2\/types\/post"}],"author":[{"embeddable":true,"href":"https:\/\/www.noticiasperfil.com\/index\/wp-json\/wp\/v2\/users\/1"}],"replies":[{"embeddable":true,"href":"https:\/\/www.noticiasperfil.com\/index\/wp-json\/wp\/v2\/comments?post=118759"}],"version-history":[{"count":1,"href":"https:\/\/www.noticiasperfil.com\/index\/wp-json\/wp\/v2\/posts\/118759\/revisions"}],"predecessor-version":[{"id":118761,"href":"https:\/\/www.noticiasperfil.com\/index\/wp-json\/wp\/v2\/posts\/118759\/revisions\/118761"}],"wp:featuredmedia":[{"embeddable":true,"href":"https:\/\/www.noticiasperfil.com\/index\/wp-json\/wp\/v2\/media\/118760"}],"wp:attachment":[{"href":"https:\/\/www.noticiasperfil.com\/index\/wp-json\/wp\/v2\/media?parent=118759"}],"wp:term":[{"taxonomy":"category","embeddable":true,"href":"https:\/\/www.noticiasperfil.com\/index\/wp-json\/wp\/v2\/categories?post=118759"},{"taxonomy":"post_tag","embeddable":true,"href":"https:\/\/www.noticiasperfil.com\/index\/wp-json\/wp\/v2\/tags?post=118759"}],"curies":[{"name":"wp","href":"https:\/\/api.w.org\/{rel}","templated":true}]}}