{"id":118767,"date":"2026-01-24T22:35:46","date_gmt":"2026-01-25T04:35:46","guid":{"rendered":"https:\/\/www.noticiasperfil.com\/index\/?p=118767"},"modified":"2026-01-24T22:35:51","modified_gmt":"2026-01-25T04:35:51","slug":"veracruz-se-anticipa-a-riesgos-sanitarios-con-la-campana-contra-el-sarampion-rocio-nahle","status":"publish","type":"post","link":"https:\/\/www.noticiasperfil.com\/index\/2026\/01\/24\/veracruz-se-anticipa-a-riesgos-sanitarios-con-la-campana-contra-el-sarampion-rocio-nahle\/","title":{"rendered":"Veracruz se anticipa a riesgos sanitarios con la Campa\u00f1a contra el sarampi\u00f3n: Roc\u00edo Nahle"},"content":{"rendered":"\n<figure class=\"wp-block-gallery has-nested-images columns-default is-cropped wp-block-gallery-1 is-layout-flex wp-block-gallery-is-layout-flex\">\n<figure class=\"wp-block-image size-large\"><img loading=\"lazy\" decoding=\"async\" width=\"1280\" height=\"853\" data-attachment-id=\"118770\" data-permalink=\"https:\/\/www.noticiasperfil.com\/index\/2026\/01\/24\/veracruz-se-anticipa-a-riesgos-sanitarios-con-la-campana-contra-el-sarampion-rocio-nahle\/campana-sarampion2\/\" data-orig-file=\"https:\/\/i1.wp.com\/www.noticiasperfil.com\/index\/wp-content\/uploads\/2026\/01\/campana-sarampion2.jpeg?fit=1280%2C853&amp;ssl=1\" data-orig-size=\"1280,853\" data-comments-opened=\"1\" data-image-meta=\"{&quot;aperture&quot;:&quot;0&quot;,&quot;credit&quot;:&quot;&quot;,&quot;camera&quot;:&quot;&quot;,&quot;caption&quot;:&quot;&quot;,&quot;created_timestamp&quot;:&quot;0&quot;,&quot;copyright&quot;:&quot;&quot;,&quot;focal_length&quot;:&quot;0&quot;,&quot;iso&quot;:&quot;0&quot;,&quot;shutter_speed&quot;:&quot;0&quot;,&quot;title&quot;:&quot;&quot;,&quot;orientation&quot;:&quot;0&quot;}\" data-image-title=\"campana-sarampion2\" data-image-description=\"\" data-medium-file=\"https:\/\/i1.wp.com\/www.noticiasperfil.com\/index\/wp-content\/uploads\/2026\/01\/campana-sarampion2.jpeg?fit=660%2C365&amp;ssl=1\" data-large-file=\"https:\/\/i1.wp.com\/www.noticiasperfil.com\/index\/wp-content\/uploads\/2026\/01\/campana-sarampion2.jpeg?fit=640%2C366&amp;ssl=1\" data-id=\"118770\" src=\"https:\/\/i1.wp.com\/www.noticiasperfil.com\/index\/wp-content\/uploads\/2026\/01\/campana-sarampion2.jpeg?fit=640%2C366&amp;ssl=1\" alt=\"\" class=\"wp-image-118770\"\/><\/figure>\n\n\n\n<figure class=\"wp-block-image size-large\"><img loading=\"lazy\" decoding=\"async\" width=\"1280\" height=\"853\" data-attachment-id=\"118768\" data-permalink=\"https:\/\/www.noticiasperfil.com\/index\/2026\/01\/24\/veracruz-se-anticipa-a-riesgos-sanitarios-con-la-campana-contra-el-sarampion-rocio-nahle\/campana-sarampion1\/\" data-orig-file=\"https:\/\/i2.wp.com\/www.noticiasperfil.com\/index\/wp-content\/uploads\/2026\/01\/campana-sarampion1.jpeg?fit=1280%2C853&amp;ssl=1\" data-orig-size=\"1280,853\" data-comments-opened=\"1\" data-image-meta=\"{&quot;aperture&quot;:&quot;0&quot;,&quot;credit&quot;:&quot;&quot;,&quot;camera&quot;:&quot;&quot;,&quot;caption&quot;:&quot;&quot;,&quot;created_timestamp&quot;:&quot;0&quot;,&quot;copyright&quot;:&quot;&quot;,&quot;focal_length&quot;:&quot;0&quot;,&quot;iso&quot;:&quot;0&quot;,&quot;shutter_speed&quot;:&quot;0&quot;,&quot;title&quot;:&quot;&quot;,&quot;orientation&quot;:&quot;0&quot;}\" data-image-title=\"campana-sarampion1\" data-image-description=\"\" data-medium-file=\"https:\/\/i2.wp.com\/www.noticiasperfil.com\/index\/wp-content\/uploads\/2026\/01\/campana-sarampion1.jpeg?fit=660%2C365&amp;ssl=1\" data-large-file=\"https:\/\/i2.wp.com\/www.noticiasperfil.com\/index\/wp-content\/uploads\/2026\/01\/campana-sarampion1.jpeg?fit=640%2C366&amp;ssl=1\" data-id=\"118768\" src=\"https:\/\/i2.wp.com\/www.noticiasperfil.com\/index\/wp-content\/uploads\/2026\/01\/campana-sarampion1.jpeg?fit=640%2C366&amp;ssl=1\" alt=\"\" class=\"wp-image-118768\"\/><\/figure>\n\n\n\n<figure class=\"wp-block-image size-large\"><img loading=\"lazy\" decoding=\"async\" width=\"2560\" height=\"1709\" data-attachment-id=\"118769\" data-permalink=\"https:\/\/www.noticiasperfil.com\/index\/2026\/01\/24\/veracruz-se-anticipa-a-riesgos-sanitarios-con-la-campana-contra-el-sarampion-rocio-nahle\/campana-sarampion3\/\" data-orig-file=\"https:\/\/i2.wp.com\/www.noticiasperfil.com\/index\/wp-content\/uploads\/2026\/01\/campana-sarampion3-scaled.jpeg?fit=2560%2C1709&amp;ssl=1\" data-orig-size=\"2560,1709\" data-comments-opened=\"1\" data-image-meta=\"{&quot;aperture&quot;:&quot;0&quot;,&quot;credit&quot;:&quot;&quot;,&quot;camera&quot;:&quot;&quot;,&quot;caption&quot;:&quot;&quot;,&quot;created_timestamp&quot;:&quot;0&quot;,&quot;copyright&quot;:&quot;&quot;,&quot;focal_length&quot;:&quot;0&quot;,&quot;iso&quot;:&quot;0&quot;,&quot;shutter_speed&quot;:&quot;0&quot;,&quot;title&quot;:&quot;&quot;,&quot;orientation&quot;:&quot;0&quot;}\" data-image-title=\"campana-sarampion3\" data-image-description=\"\" data-medium-file=\"https:\/\/i2.wp.com\/www.noticiasperfil.com\/index\/wp-content\/uploads\/2026\/01\/campana-sarampion3-scaled.jpeg?fit=660%2C365&amp;ssl=1\" data-large-file=\"https:\/\/i2.wp.com\/www.noticiasperfil.com\/index\/wp-content\/uploads\/2026\/01\/campana-sarampion3-scaled.jpeg?fit=640%2C366&amp;ssl=1\" data-id=\"118769\" src=\"https:\/\/i2.wp.com\/www.noticiasperfil.com\/index\/wp-content\/uploads\/2026\/01\/campana-sarampion3-scaled.jpeg?fit=640%2C366&amp;ssl=1\" alt=\"\" class=\"wp-image-118769\" srcset=\"https:\/\/i2.wp.com\/www.noticiasperfil.com\/index\/wp-content\/uploads\/2026\/01\/campana-sarampion3-scaled.jpeg?w=2560&amp;ssl=1 2560w, https:\/\/i2.wp.com\/www.noticiasperfil.com\/index\/wp-content\/uploads\/2026\/01\/campana-sarampion3-scaled.jpeg?resize=1536%2C1025&amp;ssl=1 1536w, https:\/\/i2.wp.com\/www.noticiasperfil.com\/index\/wp-content\/uploads\/2026\/01\/campana-sarampion3-scaled.jpeg?resize=2048%2C1367&amp;ssl=1 2048w, https:\/\/i2.wp.com\/www.noticiasperfil.com\/index\/wp-content\/uploads\/2026\/01\/campana-sarampion3-scaled.jpeg?w=1280&amp;ssl=1 1280w, https:\/\/i2.wp.com\/www.noticiasperfil.com\/index\/wp-content\/uploads\/2026\/01\/campana-sarampion3-scaled.jpeg?w=1920&amp;ssl=1 1920w\" sizes=\"auto, (max-width: 640px) 100vw, 640px\" \/><\/figure>\n<\/figure>\n\n\n\n<blockquote class=\"wp-block-quote is-layout-flow wp-block-quote-is-layout-flow\">\n<p>Secretar\u00eda de Salud e IMSS-Bienestar coordinan acciones en las 11 jurisdicciones sanitarias.<\/p>\n<\/blockquote>\n\n\n\n<p><strong>San Andr\u00e9s Tuxtla, Ver., s\u00e1bado 24 de enero de 2026.-<\/strong> La gobernadora Roc\u00edo Nahle Garc\u00eda, junto con autoridades de salud estatal y federal, dio el arranque a la Campa\u00f1a estatal intensiva contra el sarampi\u00f3n, para evitar brotes o casos aislados en Veracruz mediante una cobertura total de vacunaci\u00f3n.<\/p>\n\n\n\n<p>Desde la regi\u00f3n de Los Tuxtlas, instruy\u00f3 garantizar el abasto de dosis en los 813 centros de salud y 60 hospitales p\u00fablicos, con una cobertura territorial sin excepciones. \u201cNo vamos a reaccionar tarde, vamos a prevenir\u201d, subray\u00f3.<\/p>\n\n\n\n<p>Remarc\u00f3 que la meta es proteger al 100 por ciento de la poblaci\u00f3n, con prioridad en ni\u00f1as y ni\u00f1os, especialmente quienes no completaron sus esquemas de vacunaci\u00f3n durante la contingencia por COVID-19, as\u00ed como en personas adultas que no cuenten con registro o certeza de haber recibido la dosis correspondiente.<\/p>\n\n\n\n<p>Asimismo, destac\u00f3 que, como titular del Ejecutivo estatal, su responsabilidad es asegurar el funcionamiento del sistema de salud mediante el suministro de insumos, la correcci\u00f3n de procesos administrativos y la facilitaci\u00f3n del trabajo del personal sanitario, para que pueda concentrarse en lo esencial.<\/p>\n\n\n\n<p>\u201cMe corresponde hacerles la vida m\u00e1s f\u00e1cil para que ustedes hagan lo m\u00e1s importante: cuidar la vida y la salud de las y los veracruzanos\u201d.<\/p>\n\n\n\n<p>La vacunaci\u00f3n se realiza de manera coordinada entre las 11 jurisdicciones sanitarias de la Secretar\u00eda de Salud y el IMSS-Bienestar, ya que \u201cla gente no distingue competencias; lo que exige son resultados\u201d.<\/p>\n\n\n\n<p>Durante su intervenci\u00f3n, la secretaria de Salud, Mariela Hern\u00e1ndez Garc\u00eda, se\u00f1al\u00f3 que la inoculaci\u00f3n es una de las acciones de salud p\u00fablica m\u00e1s efectivas para prevenir enfermedades y salvar vidas, por lo que esta campa\u00f1a reafirma el compromiso de Veracruz con la protecci\u00f3n de la poblaci\u00f3n, en especial de quienes no cuentan con seguridad social.<\/p>\n\n\n\n<p>Por su parte, el coordinador estatal del IMSS-Bienestar, Roberto Ramos Alor, explic\u00f3 que Veracruz se mantiene en alerta permanente y cuenta con un comit\u00e9 t\u00e9cnico-cient\u00edfico especializado para atender cualquier riesgo sanitario.<\/p>\n\n\n\n<p>En la Unidad Deportiva de San Andr\u00e9s Tuxtla, la Gobernadora fue recibida por los presidentes municipales de San Andr\u00e9s Tuxtla, Rafael Fararoni Maga\u00f1a; de Santiago Tuxtla, No\u00e9 Dom\u00ednguez Cadena; y de \u00c1ngel R. Cabada, Samantha S\u00e1nchez del Hoyo.<\/p>\n","protected":false},"excerpt":{"rendered":"<p>Secretar\u00eda de Salud e IMSS-Bienestar coordinan acciones en las 11 jurisdicciones sanitarias. San Andr\u00e9s Tuxtla, Ver., s\u00e1bado 24 de enero de 2026.- La gobernadora Roc\u00edo Nahle Garc\u00eda, junto con autoridades de salud estatal y federal, dio el arranque a la Campa\u00f1a estatal intensiva contra el sarampi\u00f3n, para evitar brotes o casos aislados en Veracruz mediante una cobertura total de vacunaci\u00f3n. Desde la regi\u00f3n de Los Tuxtlas, instruy\u00f3 garantizar el abasto de dosis en los 813 centros de salud y 60 hospitales p\u00fablicos, con una cobertura territorial sin excepciones. \u201cNo vamos&hellip;<\/p>\n","protected":false},"author":1,"featured_media":118769,"comment_status":"open","ping_status":"closed","sticky":false,"template":"","format":"standard","meta":{"footnotes":""},"categories":[3,10619],"tags":[],"class_list":["post-118767","post","type-post","status-publish","format-standard","has-post-thumbnail","hentry","category-destacadas","category-salud"],"jetpack-related-posts":[],"_links":{"self":[{"href":"https:\/\/www.noticiasperfil.com\/index\/wp-json\/wp\/v2\/posts\/118767","targetHints":{"allow":["GET"]}}],"collection":[{"href":"https:\/\/www.noticiasperfil.com\/index\/wp-json\/wp\/v2\/posts"}],"about":[{"href":"https:\/\/www.noticiasperfil.com\/index\/wp-json\/wp\/v2\/types\/post"}],"author":[{"embeddable":true,"href":"https:\/\/www.noticiasperfil.com\/index\/wp-json\/wp\/v2\/users\/1"}],"replies":[{"embeddable":true,"href":"https:\/\/www.noticiasperfil.com\/index\/wp-json\/wp\/v2\/comments?post=118767"}],"version-history":[{"count":1,"href":"https:\/\/www.noticiasperfil.com\/index\/wp-json\/wp\/v2\/posts\/118767\/revisions"}],"predecessor-version":[{"id":118771,"href":"https:\/\/www.noticiasperfil.com\/index\/wp-json\/wp\/v2\/posts\/118767\/revisions\/118771"}],"wp:featuredmedia":[{"embeddable":true,"href":"https:\/\/www.noticiasperfil.com\/index\/wp-json\/wp\/v2\/media\/118769"}],"wp:attachment":[{"href":"https:\/\/www.noticiasperfil.com\/index\/wp-json\/wp\/v2\/media?parent=118767"}],"wp:term":[{"taxonomy":"category","embeddable":true,"href":"https:\/\/www.noticiasperfil.com\/index\/wp-json\/wp\/v2\/categories?post=118767"},{"taxonomy":"post_tag","embeddable":true,"href":"https:\/\/www.noticiasperfil.com\/index\/wp-json\/wp\/v2\/tags?post=118767"}],"curies":[{"name":"wp","href":"https:\/\/api.w.org\/{rel}","templated":true}]}}