{"id":118773,"date":"2026-01-25T13:14:09","date_gmt":"2026-01-25T19:14:09","guid":{"rendered":"https:\/\/www.noticiasperfil.com\/index\/?p=118773"},"modified":"2026-01-25T13:14:12","modified_gmt":"2026-01-25T19:14:12","slug":"promociona-veracruz-en-fitur-sus-rutas-turisticas-rumbo-a-la-copa-mundial-fifa","status":"publish","type":"post","link":"https:\/\/www.noticiasperfil.com\/index\/2026\/01\/25\/promociona-veracruz-en-fitur-sus-rutas-turisticas-rumbo-a-la-copa-mundial-fifa\/","title":{"rendered":"Promociona Veracruz en FITUR sus rutas tur\u00edsticas rumbo a la Copa Mundial FIFA"},"content":{"rendered":"\n<figure class=\"wp-block-gallery has-nested-images columns-default is-cropped wp-block-gallery-1 is-layout-flex wp-block-gallery-is-layout-flex\">\n<figure class=\"wp-block-image size-large\"><img loading=\"lazy\" decoding=\"async\" width=\"1080\" height=\"718\" data-attachment-id=\"118777\" data-permalink=\"https:\/\/www.noticiasperfil.com\/index\/2026\/01\/25\/promociona-veracruz-en-fitur-sus-rutas-turisticas-rumbo-a-la-copa-mundial-fifa\/promociona-veracruz-fitur3\/\" data-orig-file=\"https:\/\/i2.wp.com\/www.noticiasperfil.com\/index\/wp-content\/uploads\/2026\/01\/promociona-veracruz-fitur3.jpeg?fit=1080%2C718&amp;ssl=1\" data-orig-size=\"1080,718\" data-comments-opened=\"1\" data-image-meta=\"{&quot;aperture&quot;:&quot;0&quot;,&quot;credit&quot;:&quot;&quot;,&quot;camera&quot;:&quot;&quot;,&quot;caption&quot;:&quot;&quot;,&quot;created_timestamp&quot;:&quot;0&quot;,&quot;copyright&quot;:&quot;&quot;,&quot;focal_length&quot;:&quot;0&quot;,&quot;iso&quot;:&quot;0&quot;,&quot;shutter_speed&quot;:&quot;0&quot;,&quot;title&quot;:&quot;&quot;,&quot;orientation&quot;:&quot;0&quot;}\" data-image-title=\"promociona-veracruz-fitur3\" data-image-description=\"\" data-medium-file=\"https:\/\/i2.wp.com\/www.noticiasperfil.com\/index\/wp-content\/uploads\/2026\/01\/promociona-veracruz-fitur3.jpeg?fit=660%2C365&amp;ssl=1\" data-large-file=\"https:\/\/i2.wp.com\/www.noticiasperfil.com\/index\/wp-content\/uploads\/2026\/01\/promociona-veracruz-fitur3.jpeg?fit=640%2C366&amp;ssl=1\" data-id=\"118777\" src=\"https:\/\/i2.wp.com\/www.noticiasperfil.com\/index\/wp-content\/uploads\/2026\/01\/promociona-veracruz-fitur3.jpeg?fit=640%2C366&amp;ssl=1\" alt=\"\" class=\"wp-image-118777\"\/><\/figure>\n\n\n\n<figure class=\"wp-block-image size-large\"><img loading=\"lazy\" decoding=\"async\" width=\"1079\" height=\"1278\" data-attachment-id=\"118776\" data-permalink=\"https:\/\/www.noticiasperfil.com\/index\/2026\/01\/25\/promociona-veracruz-en-fitur-sus-rutas-turisticas-rumbo-a-la-copa-mundial-fifa\/promociona-veracruz-fitur4\/\" data-orig-file=\"https:\/\/i0.wp.com\/www.noticiasperfil.com\/index\/wp-content\/uploads\/2026\/01\/promociona-veracruz-fitur4.jpeg?fit=1079%2C1278&amp;ssl=1\" data-orig-size=\"1079,1278\" data-comments-opened=\"1\" data-image-meta=\"{&quot;aperture&quot;:&quot;0&quot;,&quot;credit&quot;:&quot;&quot;,&quot;camera&quot;:&quot;&quot;,&quot;caption&quot;:&quot;&quot;,&quot;created_timestamp&quot;:&quot;0&quot;,&quot;copyright&quot;:&quot;&quot;,&quot;focal_length&quot;:&quot;0&quot;,&quot;iso&quot;:&quot;0&quot;,&quot;shutter_speed&quot;:&quot;0&quot;,&quot;title&quot;:&quot;&quot;,&quot;orientation&quot;:&quot;0&quot;}\" data-image-title=\"promociona-veracruz-fitur4\" data-image-description=\"\" data-medium-file=\"https:\/\/i0.wp.com\/www.noticiasperfil.com\/index\/wp-content\/uploads\/2026\/01\/promociona-veracruz-fitur4.jpeg?fit=660%2C365&amp;ssl=1\" data-large-file=\"https:\/\/i0.wp.com\/www.noticiasperfil.com\/index\/wp-content\/uploads\/2026\/01\/promociona-veracruz-fitur4.jpeg?fit=640%2C366&amp;ssl=1\" data-id=\"118776\" src=\"https:\/\/i0.wp.com\/www.noticiasperfil.com\/index\/wp-content\/uploads\/2026\/01\/promociona-veracruz-fitur4.jpeg?fit=640%2C366&amp;ssl=1\" alt=\"\" class=\"wp-image-118776\"\/><\/figure>\n\n\n\n<figure class=\"wp-block-image size-large\"><img loading=\"lazy\" decoding=\"async\" width=\"1280\" height=\"854\" data-attachment-id=\"118775\" data-permalink=\"https:\/\/www.noticiasperfil.com\/index\/2026\/01\/25\/promociona-veracruz-en-fitur-sus-rutas-turisticas-rumbo-a-la-copa-mundial-fifa\/promociona-veracruz-fitur\/\" data-orig-file=\"https:\/\/i0.wp.com\/www.noticiasperfil.com\/index\/wp-content\/uploads\/2026\/01\/promociona-veracruz-fitur.jpeg?fit=1280%2C854&amp;ssl=1\" data-orig-size=\"1280,854\" data-comments-opened=\"1\" data-image-meta=\"{&quot;aperture&quot;:&quot;0&quot;,&quot;credit&quot;:&quot;&quot;,&quot;camera&quot;:&quot;&quot;,&quot;caption&quot;:&quot;&quot;,&quot;created_timestamp&quot;:&quot;0&quot;,&quot;copyright&quot;:&quot;&quot;,&quot;focal_length&quot;:&quot;0&quot;,&quot;iso&quot;:&quot;0&quot;,&quot;shutter_speed&quot;:&quot;0&quot;,&quot;title&quot;:&quot;&quot;,&quot;orientation&quot;:&quot;0&quot;}\" data-image-title=\"promociona-veracruz-fitur\" data-image-description=\"\" data-medium-file=\"https:\/\/i0.wp.com\/www.noticiasperfil.com\/index\/wp-content\/uploads\/2026\/01\/promociona-veracruz-fitur.jpeg?fit=660%2C365&amp;ssl=1\" data-large-file=\"https:\/\/i0.wp.com\/www.noticiasperfil.com\/index\/wp-content\/uploads\/2026\/01\/promociona-veracruz-fitur.jpeg?fit=640%2C366&amp;ssl=1\" data-id=\"118775\" src=\"https:\/\/i0.wp.com\/www.noticiasperfil.com\/index\/wp-content\/uploads\/2026\/01\/promociona-veracruz-fitur.jpeg?fit=640%2C366&amp;ssl=1\" alt=\"\" class=\"wp-image-118775\"\/><\/figure>\n\n\n\n<figure class=\"wp-block-image size-large\"><img loading=\"lazy\" decoding=\"async\" width=\"1280\" height=\"854\" data-attachment-id=\"118774\" data-permalink=\"https:\/\/www.noticiasperfil.com\/index\/2026\/01\/25\/promociona-veracruz-en-fitur-sus-rutas-turisticas-rumbo-a-la-copa-mundial-fifa\/promociona-veracruz-fitur1\/\" data-orig-file=\"https:\/\/i1.wp.com\/www.noticiasperfil.com\/index\/wp-content\/uploads\/2026\/01\/promociona-veracruz-fitur1.jpeg?fit=1280%2C854&amp;ssl=1\" data-orig-size=\"1280,854\" data-comments-opened=\"1\" data-image-meta=\"{&quot;aperture&quot;:&quot;0&quot;,&quot;credit&quot;:&quot;&quot;,&quot;camera&quot;:&quot;&quot;,&quot;caption&quot;:&quot;&quot;,&quot;created_timestamp&quot;:&quot;0&quot;,&quot;copyright&quot;:&quot;&quot;,&quot;focal_length&quot;:&quot;0&quot;,&quot;iso&quot;:&quot;0&quot;,&quot;shutter_speed&quot;:&quot;0&quot;,&quot;title&quot;:&quot;&quot;,&quot;orientation&quot;:&quot;0&quot;}\" data-image-title=\"promociona-veracruz-fitur1\" data-image-description=\"\" data-medium-file=\"https:\/\/i1.wp.com\/www.noticiasperfil.com\/index\/wp-content\/uploads\/2026\/01\/promociona-veracruz-fitur1.jpeg?fit=660%2C365&amp;ssl=1\" data-large-file=\"https:\/\/i1.wp.com\/www.noticiasperfil.com\/index\/wp-content\/uploads\/2026\/01\/promociona-veracruz-fitur1.jpeg?fit=640%2C366&amp;ssl=1\" data-id=\"118774\" src=\"https:\/\/i1.wp.com\/www.noticiasperfil.com\/index\/wp-content\/uploads\/2026\/01\/promociona-veracruz-fitur1.jpeg?fit=640%2C366&amp;ssl=1\" alt=\"\" class=\"wp-image-118774\"\/><\/figure>\n<\/figure>\n\n\n\n<p><strong>Madrid, Espa\u00f1a, domingo 25 de enero de 2026.\u2013 <\/strong>En el marco de la Feria Internacional de Turismo (FITUR), Veracruz present\u00f3 una propuesta de rutas tur\u00edsticas ya consolidadas, dirigida a pa\u00edses participantes en la Copa Mundial FIFA 2026, como parte de la estrategia de promoci\u00f3n internacional para atraer visitantes y fortalecer la presencia de la entidad en mercados globales.<\/p>\n\n\n\n<p>El stand de Veracruz registr\u00f3 una amplia afluencia de visitantes, as\u00ed como el inter\u00e9s de representantes del sector tur\u00edstico y de medios especializados, como parte de las actividades de promoci\u00f3n desarrolladas durante el encuentro.<\/p>\n\n\n\n<p>El ministro de Industria y Turismo del Gobierno de Espa\u00f1a, Jordi Hereu Boher, visit\u00f3 el espacio de Veracruz, acompa\u00f1ado por la secretaria de Turismo del Gobierno de M\u00e9xico, Josefina Rodr\u00edguez Zamora, quienes conocieron la oferta tur\u00edstica, cultural y gastron\u00f3mica del estado.<\/p>\n\n\n\n<p>El secretario de Turismo, Igor Roj\u00ed L\u00f3pez, se\u00f1al\u00f3 que estos encuentros estrat\u00e9gicos han permitido posicionar a Veracruz como un destino competitivo y diverso, capaz de responder a las nuevas tendencias del mercado tur\u00edstico global, as\u00ed como favorecer alianzas comerciales, oportunidades de inversi\u00f3n y esquemas de promoci\u00f3n conjunta.<\/p>\n","protected":false},"excerpt":{"rendered":"<p>Madrid, Espa\u00f1a, domingo 25 de enero de 2026.\u2013 En el marco de la Feria Internacional de Turismo (FITUR), Veracruz present\u00f3 una propuesta de rutas tur\u00edsticas ya consolidadas, dirigida a pa\u00edses participantes en la Copa Mundial FIFA 2026, como parte de la estrategia de promoci\u00f3n internacional para atraer visitantes y fortalecer la presencia de la entidad en mercados globales. El stand de Veracruz registr\u00f3 una amplia afluencia de visitantes, as\u00ed como el inter\u00e9s de representantes del sector tur\u00edstico y de medios especializados, como parte de las actividades de promoci\u00f3n desarrolladas durante&hellip;<\/p>\n","protected":false},"author":1,"featured_media":118777,"comment_status":"open","ping_status":"closed","sticky":false,"template":"","format":"standard","meta":{"footnotes":""},"categories":[3,10618],"tags":[],"class_list":["post-118773","post","type-post","status-publish","format-standard","has-post-thumbnail","hentry","category-destacadas","category-eventos-culturales"],"jetpack-related-posts":[],"_links":{"self":[{"href":"https:\/\/www.noticiasperfil.com\/index\/wp-json\/wp\/v2\/posts\/118773","targetHints":{"allow":["GET"]}}],"collection":[{"href":"https:\/\/www.noticiasperfil.com\/index\/wp-json\/wp\/v2\/posts"}],"about":[{"href":"https:\/\/www.noticiasperfil.com\/index\/wp-json\/wp\/v2\/types\/post"}],"author":[{"embeddable":true,"href":"https:\/\/www.noticiasperfil.com\/index\/wp-json\/wp\/v2\/users\/1"}],"replies":[{"embeddable":true,"href":"https:\/\/www.noticiasperfil.com\/index\/wp-json\/wp\/v2\/comments?post=118773"}],"version-history":[{"count":1,"href":"https:\/\/www.noticiasperfil.com\/index\/wp-json\/wp\/v2\/posts\/118773\/revisions"}],"predecessor-version":[{"id":118778,"href":"https:\/\/www.noticiasperfil.com\/index\/wp-json\/wp\/v2\/posts\/118773\/revisions\/118778"}],"wp:featuredmedia":[{"embeddable":true,"href":"https:\/\/www.noticiasperfil.com\/index\/wp-json\/wp\/v2\/media\/118777"}],"wp:attachment":[{"href":"https:\/\/www.noticiasperfil.com\/index\/wp-json\/wp\/v2\/media?parent=118773"}],"wp:term":[{"taxonomy":"category","embeddable":true,"href":"https:\/\/www.noticiasperfil.com\/index\/wp-json\/wp\/v2\/categories?post=118773"},{"taxonomy":"post_tag","embeddable":true,"href":"https:\/\/www.noticiasperfil.com\/index\/wp-json\/wp\/v2\/tags?post=118773"}],"curies":[{"name":"wp","href":"https:\/\/api.w.org\/{rel}","templated":true}]}}