{"id":118779,"date":"2026-01-25T13:17:53","date_gmt":"2026-01-25T19:17:53","guid":{"rendered":"https:\/\/www.noticiasperfil.com\/index\/?p=118779"},"modified":"2026-01-25T13:17:56","modified_gmt":"2026-01-25T19:17:56","slug":"caev-rehabilita-potabilizadora-en-rodriguez-clara","status":"publish","type":"post","link":"https:\/\/www.noticiasperfil.com\/index\/2026\/01\/25\/caev-rehabilita-potabilizadora-en-rodriguez-clara\/","title":{"rendered":"CAEV rehabilita potabilizadora en Rodr\u00edguez Clara"},"content":{"rendered":"\n<figure class=\"wp-block-gallery has-nested-images columns-default is-cropped wp-block-gallery-1 is-layout-flex wp-block-gallery-is-layout-flex\">\n<figure class=\"wp-block-image size-large\"><img loading=\"lazy\" decoding=\"async\" width=\"1280\" height=\"853\" data-attachment-id=\"118785\" data-permalink=\"https:\/\/www.noticiasperfil.com\/index\/2026\/01\/25\/caev-rehabilita-potabilizadora-en-rodriguez-clara\/caev-rehabilita-potabilizadora-06\/\" data-orig-file=\"https:\/\/i1.wp.com\/www.noticiasperfil.com\/index\/wp-content\/uploads\/2026\/01\/caev-rehabilita-potabilizadora-06.jpg?fit=1280%2C853&amp;ssl=1\" data-orig-size=\"1280,853\" data-comments-opened=\"1\" data-image-meta=\"{&quot;aperture&quot;:&quot;0&quot;,&quot;credit&quot;:&quot;&quot;,&quot;camera&quot;:&quot;&quot;,&quot;caption&quot;:&quot;&quot;,&quot;created_timestamp&quot;:&quot;0&quot;,&quot;copyright&quot;:&quot;&quot;,&quot;focal_length&quot;:&quot;0&quot;,&quot;iso&quot;:&quot;0&quot;,&quot;shutter_speed&quot;:&quot;0&quot;,&quot;title&quot;:&quot;&quot;,&quot;orientation&quot;:&quot;0&quot;}\" data-image-title=\"caev-rehabilita-potabilizadora-06\" data-image-description=\"\" data-medium-file=\"https:\/\/i1.wp.com\/www.noticiasperfil.com\/index\/wp-content\/uploads\/2026\/01\/caev-rehabilita-potabilizadora-06.jpg?fit=660%2C365&amp;ssl=1\" data-large-file=\"https:\/\/i1.wp.com\/www.noticiasperfil.com\/index\/wp-content\/uploads\/2026\/01\/caev-rehabilita-potabilizadora-06.jpg?fit=640%2C366&amp;ssl=1\" data-id=\"118785\" src=\"https:\/\/i1.wp.com\/www.noticiasperfil.com\/index\/wp-content\/uploads\/2026\/01\/caev-rehabilita-potabilizadora-06.jpg?fit=640%2C366&amp;ssl=1\" alt=\"\" class=\"wp-image-118785\"\/><\/figure>\n\n\n\n<figure class=\"wp-block-image size-large\"><img loading=\"lazy\" decoding=\"async\" width=\"1280\" height=\"853\" data-attachment-id=\"118784\" data-permalink=\"https:\/\/www.noticiasperfil.com\/index\/2026\/01\/25\/caev-rehabilita-potabilizadora-en-rodriguez-clara\/caev-rehabilita-potabilizadora-05\/\" data-orig-file=\"https:\/\/i1.wp.com\/www.noticiasperfil.com\/index\/wp-content\/uploads\/2026\/01\/caev-rehabilita-potabilizadora-05.jpg?fit=1280%2C853&amp;ssl=1\" data-orig-size=\"1280,853\" data-comments-opened=\"1\" data-image-meta=\"{&quot;aperture&quot;:&quot;0&quot;,&quot;credit&quot;:&quot;&quot;,&quot;camera&quot;:&quot;&quot;,&quot;caption&quot;:&quot;&quot;,&quot;created_timestamp&quot;:&quot;0&quot;,&quot;copyright&quot;:&quot;&quot;,&quot;focal_length&quot;:&quot;0&quot;,&quot;iso&quot;:&quot;0&quot;,&quot;shutter_speed&quot;:&quot;0&quot;,&quot;title&quot;:&quot;&quot;,&quot;orientation&quot;:&quot;0&quot;}\" data-image-title=\"caev-rehabilita-potabilizadora-05\" data-image-description=\"\" data-medium-file=\"https:\/\/i1.wp.com\/www.noticiasperfil.com\/index\/wp-content\/uploads\/2026\/01\/caev-rehabilita-potabilizadora-05.jpg?fit=660%2C365&amp;ssl=1\" data-large-file=\"https:\/\/i1.wp.com\/www.noticiasperfil.com\/index\/wp-content\/uploads\/2026\/01\/caev-rehabilita-potabilizadora-05.jpg?fit=640%2C366&amp;ssl=1\" data-id=\"118784\" src=\"https:\/\/i1.wp.com\/www.noticiasperfil.com\/index\/wp-content\/uploads\/2026\/01\/caev-rehabilita-potabilizadora-05.jpg?fit=640%2C366&amp;ssl=1\" alt=\"\" class=\"wp-image-118784\"\/><\/figure>\n\n\n\n<figure class=\"wp-block-image size-large\"><img loading=\"lazy\" decoding=\"async\" width=\"1280\" height=\"853\" data-attachment-id=\"118783\" data-permalink=\"https:\/\/www.noticiasperfil.com\/index\/2026\/01\/25\/caev-rehabilita-potabilizadora-en-rodriguez-clara\/caev-rehabilita-potabilizadora-04\/\" data-orig-file=\"https:\/\/i1.wp.com\/www.noticiasperfil.com\/index\/wp-content\/uploads\/2026\/01\/caev-rehabilita-potabilizadora-04.jpg?fit=1280%2C853&amp;ssl=1\" data-orig-size=\"1280,853\" data-comments-opened=\"1\" data-image-meta=\"{&quot;aperture&quot;:&quot;0&quot;,&quot;credit&quot;:&quot;&quot;,&quot;camera&quot;:&quot;&quot;,&quot;caption&quot;:&quot;&quot;,&quot;created_timestamp&quot;:&quot;0&quot;,&quot;copyright&quot;:&quot;&quot;,&quot;focal_length&quot;:&quot;0&quot;,&quot;iso&quot;:&quot;0&quot;,&quot;shutter_speed&quot;:&quot;0&quot;,&quot;title&quot;:&quot;&quot;,&quot;orientation&quot;:&quot;0&quot;}\" data-image-title=\"caev-rehabilita-potabilizadora-04\" data-image-description=\"\" data-medium-file=\"https:\/\/i1.wp.com\/www.noticiasperfil.com\/index\/wp-content\/uploads\/2026\/01\/caev-rehabilita-potabilizadora-04.jpg?fit=660%2C365&amp;ssl=1\" data-large-file=\"https:\/\/i1.wp.com\/www.noticiasperfil.com\/index\/wp-content\/uploads\/2026\/01\/caev-rehabilita-potabilizadora-04.jpg?fit=640%2C366&amp;ssl=1\" data-id=\"118783\" src=\"https:\/\/i1.wp.com\/www.noticiasperfil.com\/index\/wp-content\/uploads\/2026\/01\/caev-rehabilita-potabilizadora-04.jpg?fit=640%2C366&amp;ssl=1\" alt=\"\" class=\"wp-image-118783\"\/><\/figure>\n\n\n\n<figure class=\"wp-block-image size-large\"><img loading=\"lazy\" decoding=\"async\" width=\"1280\" height=\"853\" data-attachment-id=\"118781\" data-permalink=\"https:\/\/www.noticiasperfil.com\/index\/2026\/01\/25\/caev-rehabilita-potabilizadora-en-rodriguez-clara\/caev-rehabilita-potabilizadora-02\/\" data-orig-file=\"https:\/\/i2.wp.com\/www.noticiasperfil.com\/index\/wp-content\/uploads\/2026\/01\/caev-rehabilita-potabilizadora-02.jpg?fit=1280%2C853&amp;ssl=1\" data-orig-size=\"1280,853\" data-comments-opened=\"1\" data-image-meta=\"{&quot;aperture&quot;:&quot;0&quot;,&quot;credit&quot;:&quot;&quot;,&quot;camera&quot;:&quot;&quot;,&quot;caption&quot;:&quot;&quot;,&quot;created_timestamp&quot;:&quot;0&quot;,&quot;copyright&quot;:&quot;&quot;,&quot;focal_length&quot;:&quot;0&quot;,&quot;iso&quot;:&quot;0&quot;,&quot;shutter_speed&quot;:&quot;0&quot;,&quot;title&quot;:&quot;&quot;,&quot;orientation&quot;:&quot;0&quot;}\" data-image-title=\"caev-rehabilita-potabilizadora-02\" data-image-description=\"\" data-medium-file=\"https:\/\/i2.wp.com\/www.noticiasperfil.com\/index\/wp-content\/uploads\/2026\/01\/caev-rehabilita-potabilizadora-02.jpg?fit=660%2C365&amp;ssl=1\" data-large-file=\"https:\/\/i2.wp.com\/www.noticiasperfil.com\/index\/wp-content\/uploads\/2026\/01\/caev-rehabilita-potabilizadora-02.jpg?fit=640%2C366&amp;ssl=1\" data-id=\"118781\" src=\"https:\/\/i2.wp.com\/www.noticiasperfil.com\/index\/wp-content\/uploads\/2026\/01\/caev-rehabilita-potabilizadora-02.jpg?fit=640%2C366&amp;ssl=1\" alt=\"\" class=\"wp-image-118781\"\/><\/figure>\n\n\n\n<figure class=\"wp-block-image size-large\"><img loading=\"lazy\" decoding=\"async\" width=\"1280\" height=\"853\" data-attachment-id=\"118780\" data-permalink=\"https:\/\/www.noticiasperfil.com\/index\/2026\/01\/25\/caev-rehabilita-potabilizadora-en-rodriguez-clara\/caev-rehabilita-potabilizadora-01\/\" data-orig-file=\"https:\/\/i0.wp.com\/www.noticiasperfil.com\/index\/wp-content\/uploads\/2026\/01\/caev-rehabilita-potabilizadora-01.jpg?fit=1280%2C853&amp;ssl=1\" data-orig-size=\"1280,853\" data-comments-opened=\"1\" data-image-meta=\"{&quot;aperture&quot;:&quot;0&quot;,&quot;credit&quot;:&quot;&quot;,&quot;camera&quot;:&quot;&quot;,&quot;caption&quot;:&quot;&quot;,&quot;created_timestamp&quot;:&quot;0&quot;,&quot;copyright&quot;:&quot;&quot;,&quot;focal_length&quot;:&quot;0&quot;,&quot;iso&quot;:&quot;0&quot;,&quot;shutter_speed&quot;:&quot;0&quot;,&quot;title&quot;:&quot;&quot;,&quot;orientation&quot;:&quot;0&quot;}\" data-image-title=\"caev-rehabilita-potabilizadora-01\" data-image-description=\"\" data-medium-file=\"https:\/\/i0.wp.com\/www.noticiasperfil.com\/index\/wp-content\/uploads\/2026\/01\/caev-rehabilita-potabilizadora-01.jpg?fit=660%2C365&amp;ssl=1\" data-large-file=\"https:\/\/i0.wp.com\/www.noticiasperfil.com\/index\/wp-content\/uploads\/2026\/01\/caev-rehabilita-potabilizadora-01.jpg?fit=640%2C366&amp;ssl=1\" data-id=\"118780\" src=\"https:\/\/i0.wp.com\/www.noticiasperfil.com\/index\/wp-content\/uploads\/2026\/01\/caev-rehabilita-potabilizadora-01.jpg?fit=640%2C366&amp;ssl=1\" alt=\"\" class=\"wp-image-118780\"\/><\/figure>\n<\/figure>\n\n\n\n<p><strong>Juan Rodr\u00edguez Clara, Ver., domingo 25 de enero de 2026.-<\/strong> La Comisi\u00f3n del Agua del Estado de Veracruz (CAEV) inici\u00f3 la rehabilitaci\u00f3n de la planta potabilizadora de este municipio, en cumplimiento de su compromiso con la recuperaci\u00f3n de la infraestructura hidr\u00e1ulica, garantizando el bienestar de la poblaci\u00f3n.<\/p>\n\n\n\n<p>La reconstrucci\u00f3n incluye la sustituci\u00f3n de equipos, el mantenimiento integral y la mejora de la infraestructura civil e h\u00eddrica; comprende la limpieza general de la potabilizadora, la impermeabilizaci\u00f3n de estructuras, la pintura de instalaciones y la reparaci\u00f3n del cableado el\u00e9ctrico, utilizando materiales de primera calidad.<\/p>\n\n\n\n<p>Para el mejoramiento exterior, se planean faenas de jardiner\u00eda y la construcci\u00f3n de accesos que faciliten y dignifiquen el entorno de la planta.<\/p>\n\n\n\n<p>Esta restauraci\u00f3n tiene como objetivo garantizar la capacidad suficiente de potabilizaci\u00f3n del agua y asegurar el abasto de agua limpia y de calidad para miles de familias de este municipio, ubicado en la regi\u00f3n del Papaloapan.<\/p>\n\n\n\n<figure class=\"wp-block-gallery has-nested-images columns-default is-cropped wp-block-gallery-2 is-layout-flex wp-block-gallery-is-layout-flex\">\n<figure class=\"wp-block-image size-large\"><img loading=\"lazy\" decoding=\"async\" width=\"1280\" height=\"854\" data-attachment-id=\"118786\" data-permalink=\"https:\/\/www.noticiasperfil.com\/index\/2026\/01\/25\/caev-rehabilita-potabilizadora-en-rodriguez-clara\/caev-rehabilita-potabilizadora-07\/\" data-orig-file=\"https:\/\/i0.wp.com\/www.noticiasperfil.com\/index\/wp-content\/uploads\/2026\/01\/caev-rehabilita-potabilizadora-07.jpg?fit=1280%2C854&amp;ssl=1\" data-orig-size=\"1280,854\" data-comments-opened=\"1\" data-image-meta=\"{&quot;aperture&quot;:&quot;0&quot;,&quot;credit&quot;:&quot;&quot;,&quot;camera&quot;:&quot;&quot;,&quot;caption&quot;:&quot;&quot;,&quot;created_timestamp&quot;:&quot;0&quot;,&quot;copyright&quot;:&quot;&quot;,&quot;focal_length&quot;:&quot;0&quot;,&quot;iso&quot;:&quot;0&quot;,&quot;shutter_speed&quot;:&quot;0&quot;,&quot;title&quot;:&quot;&quot;,&quot;orientation&quot;:&quot;0&quot;}\" data-image-title=\"caev-rehabilita-potabilizadora-07\" data-image-description=\"\" data-medium-file=\"https:\/\/i0.wp.com\/www.noticiasperfil.com\/index\/wp-content\/uploads\/2026\/01\/caev-rehabilita-potabilizadora-07.jpg?fit=660%2C365&amp;ssl=1\" data-large-file=\"https:\/\/i0.wp.com\/www.noticiasperfil.com\/index\/wp-content\/uploads\/2026\/01\/caev-rehabilita-potabilizadora-07.jpg?fit=640%2C366&amp;ssl=1\" data-id=\"118786\" src=\"https:\/\/i0.wp.com\/www.noticiasperfil.com\/index\/wp-content\/uploads\/2026\/01\/caev-rehabilita-potabilizadora-07.jpg?fit=640%2C366&amp;ssl=1\" alt=\"\" class=\"wp-image-118786\"\/><\/figure>\n\n\n\n<figure class=\"wp-block-image size-large\"><img loading=\"lazy\" decoding=\"async\" width=\"1280\" height=\"718\" data-attachment-id=\"118782\" data-permalink=\"https:\/\/www.noticiasperfil.com\/index\/2026\/01\/25\/caev-rehabilita-potabilizadora-en-rodriguez-clara\/caev-rehabilita-potabilizadora-03\/\" data-orig-file=\"https:\/\/i1.wp.com\/www.noticiasperfil.com\/index\/wp-content\/uploads\/2026\/01\/caev-rehabilita-potabilizadora-03.jpg?fit=1280%2C718&amp;ssl=1\" data-orig-size=\"1280,718\" data-comments-opened=\"1\" data-image-meta=\"{&quot;aperture&quot;:&quot;0&quot;,&quot;credit&quot;:&quot;&quot;,&quot;camera&quot;:&quot;&quot;,&quot;caption&quot;:&quot;&quot;,&quot;created_timestamp&quot;:&quot;0&quot;,&quot;copyright&quot;:&quot;&quot;,&quot;focal_length&quot;:&quot;0&quot;,&quot;iso&quot;:&quot;0&quot;,&quot;shutter_speed&quot;:&quot;0&quot;,&quot;title&quot;:&quot;&quot;,&quot;orientation&quot;:&quot;0&quot;}\" data-image-title=\"caev-rehabilita-potabilizadora-03\" data-image-description=\"\" data-medium-file=\"https:\/\/i1.wp.com\/www.noticiasperfil.com\/index\/wp-content\/uploads\/2026\/01\/caev-rehabilita-potabilizadora-03.jpg?fit=660%2C365&amp;ssl=1\" data-large-file=\"https:\/\/i1.wp.com\/www.noticiasperfil.com\/index\/wp-content\/uploads\/2026\/01\/caev-rehabilita-potabilizadora-03.jpg?fit=640%2C366&amp;ssl=1\" data-id=\"118782\" src=\"https:\/\/i1.wp.com\/www.noticiasperfil.com\/index\/wp-content\/uploads\/2026\/01\/caev-rehabilita-potabilizadora-03.jpg?fit=640%2C366&amp;ssl=1\" alt=\"\" class=\"wp-image-118782\" srcset=\"https:\/\/i1.wp.com\/www.noticiasperfil.com\/index\/wp-content\/uploads\/2026\/01\/caev-rehabilita-potabilizadora-03.jpg?w=1280&amp;ssl=1 1280w, https:\/\/i1.wp.com\/www.noticiasperfil.com\/index\/wp-content\/uploads\/2026\/01\/caev-rehabilita-potabilizadora-03.jpg?resize=500%2C280&amp;ssl=1 500w\" sizes=\"auto, (max-width: 640px) 100vw, 640px\" \/><\/figure>\n<\/figure>\n","protected":false},"excerpt":{"rendered":"<p>Juan Rodr\u00edguez Clara, Ver., domingo 25 de enero de 2026.- La Comisi\u00f3n del Agua del Estado de Veracruz (CAEV) inici\u00f3 la rehabilitaci\u00f3n de la planta potabilizadora de este municipio, en cumplimiento de su compromiso con la recuperaci\u00f3n de la infraestructura hidr\u00e1ulica, garantizando el bienestar de la poblaci\u00f3n. La reconstrucci\u00f3n incluye la sustituci\u00f3n de equipos, el mantenimiento integral y la mejora de la infraestructura civil e h\u00eddrica; comprende la limpieza general de la potabilizadora, la impermeabilizaci\u00f3n de estructuras, la pintura de instalaciones y la reparaci\u00f3n del cableado el\u00e9ctrico, utilizando materiales de&hellip;<\/p>\n","protected":false},"author":1,"featured_media":118781,"comment_status":"open","ping_status":"closed","sticky":false,"template":"","format":"standard","meta":{"footnotes":""},"categories":[3,10602],"tags":[],"class_list":["post-118779","post","type-post","status-publish","format-standard","has-post-thumbnail","hentry","category-destacadas","category-zona-sur"],"jetpack-related-posts":[],"_links":{"self":[{"href":"https:\/\/www.noticiasperfil.com\/index\/wp-json\/wp\/v2\/posts\/118779","targetHints":{"allow":["GET"]}}],"collection":[{"href":"https:\/\/www.noticiasperfil.com\/index\/wp-json\/wp\/v2\/posts"}],"about":[{"href":"https:\/\/www.noticiasperfil.com\/index\/wp-json\/wp\/v2\/types\/post"}],"author":[{"embeddable":true,"href":"https:\/\/www.noticiasperfil.com\/index\/wp-json\/wp\/v2\/users\/1"}],"replies":[{"embeddable":true,"href":"https:\/\/www.noticiasperfil.com\/index\/wp-json\/wp\/v2\/comments?post=118779"}],"version-history":[{"count":1,"href":"https:\/\/www.noticiasperfil.com\/index\/wp-json\/wp\/v2\/posts\/118779\/revisions"}],"predecessor-version":[{"id":118787,"href":"https:\/\/www.noticiasperfil.com\/index\/wp-json\/wp\/v2\/posts\/118779\/revisions\/118787"}],"wp:featuredmedia":[{"embeddable":true,"href":"https:\/\/www.noticiasperfil.com\/index\/wp-json\/wp\/v2\/media\/118781"}],"wp:attachment":[{"href":"https:\/\/www.noticiasperfil.com\/index\/wp-json\/wp\/v2\/media?parent=118779"}],"wp:term":[{"taxonomy":"category","embeddable":true,"href":"https:\/\/www.noticiasperfil.com\/index\/wp-json\/wp\/v2\/categories?post=118779"},{"taxonomy":"post_tag","embeddable":true,"href":"https:\/\/www.noticiasperfil.com\/index\/wp-json\/wp\/v2\/tags?post=118779"}],"curies":[{"name":"wp","href":"https:\/\/api.w.org\/{rel}","templated":true}]}}