{"id":118789,"date":"2026-01-26T19:18:02","date_gmt":"2026-01-27T01:18:02","guid":{"rendered":"https:\/\/www.noticiasperfil.com\/index\/?p=118789"},"modified":"2026-01-26T19:18:06","modified_gmt":"2026-01-27T01:18:06","slug":"impartiran-talleres-gratuitos-en-el-exconvento-betlehemita","status":"publish","type":"post","link":"https:\/\/www.noticiasperfil.com\/index\/2026\/01\/26\/impartiran-talleres-gratuitos-en-el-exconvento-betlehemita\/","title":{"rendered":"Impartir\u00e1n talleres gratuitos en el Exconvento Betlehemita"},"content":{"rendered":"\n<figure class=\"wp-block-image alignwide size-large\"><img loading=\"lazy\" decoding=\"async\" width=\"640\" height=\"366\" data-attachment-id=\"118790\" data-permalink=\"https:\/\/www.noticiasperfil.com\/index\/2026\/01\/26\/impartiran-talleres-gratuitos-en-el-exconvento-betlehemita\/talleres-gratuitos-1-1140x544\/\" data-orig-file=\"https:\/\/i1.wp.com\/www.noticiasperfil.com\/index\/wp-content\/uploads\/2026\/01\/Talleres-gratuitos-1-1140x544-1.jpg?fit=1140%2C544&amp;ssl=1\" data-orig-size=\"1140,544\" data-comments-opened=\"1\" data-image-meta=\"{&quot;aperture&quot;:&quot;0&quot;,&quot;credit&quot;:&quot;&quot;,&quot;camera&quot;:&quot;&quot;,&quot;caption&quot;:&quot;&quot;,&quot;created_timestamp&quot;:&quot;0&quot;,&quot;copyright&quot;:&quot;&quot;,&quot;focal_length&quot;:&quot;0&quot;,&quot;iso&quot;:&quot;0&quot;,&quot;shutter_speed&quot;:&quot;0&quot;,&quot;title&quot;:&quot;&quot;,&quot;orientation&quot;:&quot;0&quot;}\" data-image-title=\"Talleres-gratuitos-1-1140&amp;#215;544\" data-image-description=\"\" data-medium-file=\"https:\/\/i1.wp.com\/www.noticiasperfil.com\/index\/wp-content\/uploads\/2026\/01\/Talleres-gratuitos-1-1140x544-1.jpg?fit=660%2C365&amp;ssl=1\" data-large-file=\"https:\/\/i1.wp.com\/www.noticiasperfil.com\/index\/wp-content\/uploads\/2026\/01\/Talleres-gratuitos-1-1140x544-1.jpg?fit=640%2C366&amp;ssl=1\" src=\"https:\/\/i1.wp.com\/www.noticiasperfil.com\/index\/wp-content\/uploads\/2026\/01\/Talleres-gratuitos-1-1140x544-1.jpg?resize=640%2C366&#038;ssl=1\" alt=\"\" class=\"wp-image-118790\" data-recalc-dims=\"1\"\/><\/figure>\n\n\n\n<p><strong>Xalapa, Ver.- <\/strong>La Secretar\u00eda de Cultura de Veracruz (SECVER) invita a los talleres gratuitos que se impartir\u00e1n en el Centro Cultural Exconvento Betlehemita, a partir del martes 27 de enero en diferentes horarios.<\/p>\n\n\n\n<p>El taller Cuerpo expresa se realizar\u00e1 los martes y jueves del 27 de enero al 19 de febrero, en horario de 11:00 horas. Este espacio busca redescubrir la conexi\u00f3n con el cuerpo, explorando el movimiento como una herramienta para conectar con uno mismo, con el entorno y con las personas circundantes. Est\u00e1 dirigido a personas de nivel principiante interesadas en la danza, a partir de los 12 a\u00f1os.<\/p>\n\n\n\n<p>Las sesiones de este taller ser\u00e1n coordinadas por Mariana Rodr\u00edguez, estudiante de la licenciatura en ense\u00f1anza de las artes en la Universidad Veracruzana, quien ha participado en puestas en escena universitarias. Las personas interesadas pueden realizar su registro previo en <a href=\"https:\/\/bit.ly\/TallerCuerpoExpresa\">https:\/\/bit.ly\/TallerCuerpoExpresa<\/a>.<\/p>\n\n\n\n<p>Como parte de las actividades paralelas a la videoinstalaci\u00f3n performativa Somos Semilla, Ti Xinachmej, que se encuentra en la sala Ida Rodr\u00edguez Prampolini, se realizar\u00e1 el taller Dibujo expandido. Las identidades en los medios alternativos, el viernes 30 de enero a las 16:00 horas y el s\u00e1bado 31 de enero a las 11:00 horas.<\/p>\n\n\n\n<p>Impartido por la artista Guillermina Ortega, autora de la videoinstalaci\u00f3n, en este espacio se busca explorar el dibujo m\u00e1s all\u00e1 del papel convencional, incorporando materiales, texturas y elementos que remiten a la vida cotidiana y a la cultura tradicional como espacios de memoria.<\/p>\n\n\n\n<p>Esta pr\u00e1ctica permitir\u00e1 conectar el gesto art\u00edstico con lo org\u00e1nico y lo simb\u00f3lico, abriendo nuevas formas de pensar el territorio y la experiencia. El registro est\u00e1 disponible a trav\u00e9s del enlace <a href=\"https:\/\/bit.ly\/DibujoExpandido-GuillerminaO\">https:\/\/bit.ly\/DibujoExpandido-GuillerminaO<\/a>.<\/p>\n\n\n\n<p>Estos espacios de formaci\u00f3n abiertos al p\u00fablico buscan generar reflexi\u00f3n, di\u00e1logo y desarrollo art\u00edstico, as\u00ed como el fomento de la creatividad y el autoconocimiento de las y los participantes.<\/p>\n\n\n\n<p>Conoce m\u00e1s informaci\u00f3n sobre estos y otros eventos en las redes sociales del @ExCBetlehemita. Sigue las redes sociales de la @SECVERoficial para conocer todas las acciones que confirman por qu\u00e9 Veracruz est\u00e1 de moda.<\/p>\n\n\n\n<p><\/p>\n","protected":false},"excerpt":{"rendered":"<p>Xalapa, Ver.- La Secretar\u00eda de Cultura de Veracruz (SECVER) invita a los talleres gratuitos que se impartir\u00e1n en el Centro Cultural Exconvento Betlehemita, a partir del martes 27 de enero en diferentes horarios. El taller Cuerpo expresa se realizar\u00e1 los martes y jueves del 27 de enero al 19 de febrero, en horario de 11:00 horas. Este espacio busca redescubrir la conexi\u00f3n con el cuerpo, explorando el movimiento como una herramienta para conectar con uno mismo, con el entorno y con las personas circundantes. Est\u00e1 dirigido a personas de nivel&hellip;<\/p>\n","protected":false},"author":1,"featured_media":118790,"comment_status":"open","ping_status":"closed","sticky":false,"template":"","format":"standard","meta":{"footnotes":""},"categories":[3,10618],"tags":[],"class_list":["post-118789","post","type-post","status-publish","format-standard","has-post-thumbnail","hentry","category-destacadas","category-eventos-culturales"],"jetpack-related-posts":[],"_links":{"self":[{"href":"https:\/\/www.noticiasperfil.com\/index\/wp-json\/wp\/v2\/posts\/118789","targetHints":{"allow":["GET"]}}],"collection":[{"href":"https:\/\/www.noticiasperfil.com\/index\/wp-json\/wp\/v2\/posts"}],"about":[{"href":"https:\/\/www.noticiasperfil.com\/index\/wp-json\/wp\/v2\/types\/post"}],"author":[{"embeddable":true,"href":"https:\/\/www.noticiasperfil.com\/index\/wp-json\/wp\/v2\/users\/1"}],"replies":[{"embeddable":true,"href":"https:\/\/www.noticiasperfil.com\/index\/wp-json\/wp\/v2\/comments?post=118789"}],"version-history":[{"count":1,"href":"https:\/\/www.noticiasperfil.com\/index\/wp-json\/wp\/v2\/posts\/118789\/revisions"}],"predecessor-version":[{"id":118791,"href":"https:\/\/www.noticiasperfil.com\/index\/wp-json\/wp\/v2\/posts\/118789\/revisions\/118791"}],"wp:featuredmedia":[{"embeddable":true,"href":"https:\/\/www.noticiasperfil.com\/index\/wp-json\/wp\/v2\/media\/118790"}],"wp:attachment":[{"href":"https:\/\/www.noticiasperfil.com\/index\/wp-json\/wp\/v2\/media?parent=118789"}],"wp:term":[{"taxonomy":"category","embeddable":true,"href":"https:\/\/www.noticiasperfil.com\/index\/wp-json\/wp\/v2\/categories?post=118789"},{"taxonomy":"post_tag","embeddable":true,"href":"https:\/\/www.noticiasperfil.com\/index\/wp-json\/wp\/v2\/tags?post=118789"}],"curies":[{"name":"wp","href":"https:\/\/api.w.org\/{rel}","templated":true}]}}