{"id":118798,"date":"2026-01-26T19:46:52","date_gmt":"2026-01-27T01:46:52","guid":{"rendered":"https:\/\/www.noticiasperfil.com\/index\/?p=118798"},"modified":"2026-01-26T19:46:55","modified_gmt":"2026-01-27T01:46:55","slug":"alcaldesa-maryjose-gamboa-dispone-que-fuerza-municipal-de-tarea-este-en-alerta-permanente-por-frente-frio","status":"publish","type":"post","link":"https:\/\/www.noticiasperfil.com\/index\/2026\/01\/26\/alcaldesa-maryjose-gamboa-dispone-que-fuerza-municipal-de-tarea-este-en-alerta-permanente-por-frente-frio\/","title":{"rendered":"Alcaldesa Maryjose Gamboa dispone que Fuerza Municipal de Tarea est\u00e9 en alerta permanente por Frente Fr\u00edo"},"content":{"rendered":"\n<figure class=\"wp-block-image alignwide size-large\"><img loading=\"lazy\" decoding=\"async\" width=\"640\" height=\"366\" data-attachment-id=\"118799\" data-permalink=\"https:\/\/www.noticiasperfil.com\/index\/2026\/01\/26\/alcaldesa-maryjose-gamboa-dispone-que-fuerza-municipal-de-tarea-este-en-alerta-permanente-por-frente-frio\/alcaldesa-maryjose-gamboa\/\" data-orig-file=\"https:\/\/i2.wp.com\/www.noticiasperfil.com\/index\/wp-content\/uploads\/2026\/01\/alcaldesa-maryjose-gamboa.jpeg?fit=1550%2C1077&amp;ssl=1\" data-orig-size=\"1550,1077\" data-comments-opened=\"1\" data-image-meta=\"{&quot;aperture&quot;:&quot;0&quot;,&quot;credit&quot;:&quot;&quot;,&quot;camera&quot;:&quot;&quot;,&quot;caption&quot;:&quot;&quot;,&quot;created_timestamp&quot;:&quot;0&quot;,&quot;copyright&quot;:&quot;&quot;,&quot;focal_length&quot;:&quot;0&quot;,&quot;iso&quot;:&quot;0&quot;,&quot;shutter_speed&quot;:&quot;0&quot;,&quot;title&quot;:&quot;&quot;,&quot;orientation&quot;:&quot;0&quot;}\" data-image-title=\"alcaldesa-maryjose-gamboa\" data-image-description=\"\" data-medium-file=\"https:\/\/i2.wp.com\/www.noticiasperfil.com\/index\/wp-content\/uploads\/2026\/01\/alcaldesa-maryjose-gamboa.jpeg?fit=660%2C365&amp;ssl=1\" data-large-file=\"https:\/\/i2.wp.com\/www.noticiasperfil.com\/index\/wp-content\/uploads\/2026\/01\/alcaldesa-maryjose-gamboa.jpeg?fit=640%2C366&amp;ssl=1\" src=\"https:\/\/i2.wp.com\/www.noticiasperfil.com\/index\/wp-content\/uploads\/2026\/01\/alcaldesa-maryjose-gamboa.jpeg?resize=640%2C366&#038;ssl=1\" alt=\"\" class=\"wp-image-118799\" data-recalc-dims=\"1\"\/><\/figure>\n\n\n\n<p>La Alcaldesa de Boca del R\u00edo, Maryjose Gamboa Torales, inform\u00f3 que ante los efectos del Frente Fr\u00edo n\u00famero 30, la Fuerza de Tarea municipal se encuentra en alerta permanente, con el objetivo de salvaguardar la integridad de los boque\u00f1os y visitantes.<\/p>\n\n\n\n<p>De acuerdo con la Alerta Gris emitida por la autoridad estatal, se espera viento del norte fuerte sostenido y posibles rachas de entre 90 y 105 kil\u00f3metros por hora, por lo que se han reforzado las medidas preventivas en todo el municipio.<\/p>\n\n\n\n<p>La Presidenta Municipal reiter\u00f3 que la Fuerza de Tarea se mantiene atenta a los reportes ciudadanos, por lo que las direcciones de Protecci\u00f3n Civil, Polic\u00eda Municipal, Tr\u00e1nsito Municipal, Gobernaci\u00f3n, Alumbrado P\u00fablico, Limpia P\u00fablica, Mantenimiento Urbano y Comercio, adem\u00e1s de Bomberos Conurbados, permanecen en alerta permanente y trabajando de manera eficaz para garantizar la seguridad de la poblaci\u00f3n.<\/p>\n\n\n\n<p>Como medida preventiva se determin\u00f3 el cierre de playas, instal\u00e1ndose bandera roja para evitar el ingreso al mar y proteger a los ba\u00f1istas.<\/p>\n\n\n\n<p>Asimismo, en caso de que la fuerza del viento genere oleaje elevado sobre el bulevar Manuel \u00c1vila Camacho, se informar\u00e1 oportunamente sobre el cierre vial y los tramos comprendidos, priorizando la seguridad de los automovilistas.<\/p>\n\n\n\n<p>Se recuerda a la poblaci\u00f3n que, para cualquier emergencia, se encuentran disponibles los n\u00fameros 911 y los tel\u00e9fonos de Protecci\u00f3n Civil de Boca del R\u00edo al 9 86 23 23.<\/p>\n\n\n\n<p>Finalmente, la Alcaldesa Maryjose Gamboa Torales se\u00f1al\u00f3 que existe total coordinaci\u00f3n de esfuerzos y una respuesta organizada, con el objetivo de mantener la ciudad en orden y segura ante el paso del sistema frontal por el territorio boque\u00f1o.<\/p>\n","protected":false},"excerpt":{"rendered":"<p>La Alcaldesa de Boca del R\u00edo, Maryjose Gamboa Torales, inform\u00f3 que ante los efectos del Frente Fr\u00edo n\u00famero 30, la Fuerza de Tarea municipal se encuentra en alerta permanente, con el objetivo de salvaguardar la integridad de los boque\u00f1os y visitantes. De acuerdo con la Alerta Gris emitida por la autoridad estatal, se espera viento del norte fuerte sostenido y posibles rachas de entre 90 y 105 kil\u00f3metros por hora, por lo que se han reforzado las medidas preventivas en todo el municipio. La Presidenta Municipal reiter\u00f3 que la Fuerza&hellip;<\/p>\n","protected":false},"author":1,"featured_media":118799,"comment_status":"open","ping_status":"closed","sticky":false,"template":"","format":"standard","meta":{"footnotes":""},"categories":[10607,1],"tags":[],"class_list":["post-118798","post","type-post","status-publish","format-standard","has-post-thumbnail","hentry","category-deportes","category-uncategorized"],"jetpack-related-posts":[],"_links":{"self":[{"href":"https:\/\/www.noticiasperfil.com\/index\/wp-json\/wp\/v2\/posts\/118798","targetHints":{"allow":["GET"]}}],"collection":[{"href":"https:\/\/www.noticiasperfil.com\/index\/wp-json\/wp\/v2\/posts"}],"about":[{"href":"https:\/\/www.noticiasperfil.com\/index\/wp-json\/wp\/v2\/types\/post"}],"author":[{"embeddable":true,"href":"https:\/\/www.noticiasperfil.com\/index\/wp-json\/wp\/v2\/users\/1"}],"replies":[{"embeddable":true,"href":"https:\/\/www.noticiasperfil.com\/index\/wp-json\/wp\/v2\/comments?post=118798"}],"version-history":[{"count":2,"href":"https:\/\/www.noticiasperfil.com\/index\/wp-json\/wp\/v2\/posts\/118798\/revisions"}],"predecessor-version":[{"id":118801,"href":"https:\/\/www.noticiasperfil.com\/index\/wp-json\/wp\/v2\/posts\/118798\/revisions\/118801"}],"wp:featuredmedia":[{"embeddable":true,"href":"https:\/\/www.noticiasperfil.com\/index\/wp-json\/wp\/v2\/media\/118799"}],"wp:attachment":[{"href":"https:\/\/www.noticiasperfil.com\/index\/wp-json\/wp\/v2\/media?parent=118798"}],"wp:term":[{"taxonomy":"category","embeddable":true,"href":"https:\/\/www.noticiasperfil.com\/index\/wp-json\/wp\/v2\/categories?post=118798"},{"taxonomy":"post_tag","embeddable":true,"href":"https:\/\/www.noticiasperfil.com\/index\/wp-json\/wp\/v2\/tags?post=118798"}],"curies":[{"name":"wp","href":"https:\/\/api.w.org\/{rel}","templated":true}]}}