{"id":118836,"date":"2026-01-26T22:56:52","date_gmt":"2026-01-27T04:56:52","guid":{"rendered":"https:\/\/www.noticiasperfil.com\/index\/?p=118836"},"modified":"2026-01-26T22:57:33","modified_gmt":"2026-01-27T04:57:33","slug":"disponible-la-convocatoria-2026-del-programa-de-apoyo-al-empleo-en-veracruz","status":"publish","type":"post","link":"https:\/\/www.noticiasperfil.com\/index\/2026\/01\/26\/disponible-la-convocatoria-2026-del-programa-de-apoyo-al-empleo-en-veracruz\/","title":{"rendered":"Disponible la convocatoria 2026 del Programa de Apoyo al Empleo en Veracruz"},"content":{"rendered":"\n<p><strong>Xalapa, Ver., lunes 26 de enero de 2026.-<\/strong> La Secretar\u00eda de Trabajo, Previsi\u00f3n Social y Productividad (STPSP) abri\u00f3 la convocatoria del Programa de Apoyo al Empleo (PAE), estrategia orientada a impulsar la colocaci\u00f3n laboral, fortalecer habilidades productivas y mejorar la vinculaci\u00f3n entre personas buscadoras de empleo y el sector productivo.<\/p>\n\n\n\n<p>El programa est\u00e1 dirigido a personas mayores de 18 a\u00f1os que se encuentren desempleadas o subempleadas, a quienes se brindar\u00e1 atenci\u00f3n mediante esquemas que incluyen capacitaci\u00f3n para el trabajo, apoyos para la vinculaci\u00f3n con empresas y empleadores formales, as\u00ed como movilidad laboral, tanto interna como externa, bajo condiciones legales, seguras y ordenadas.<\/p>\n\n\n\n<p>Las personas interesadas podr\u00e1n consultar los requisitos y procedimientos en las oficinas del Servicio Nacional de Empleo en Veracruz, as\u00ed como a trav\u00e9s de los canales oficiales de la STPSP.<\/p>\n\n\n\n<p>La dependencia reitera que todos los servicios y apoyos del Programa de Apoyo al Empleo son completamente gratuitos, por lo que exhorta a la poblaci\u00f3n a no dejarse enga\u00f1ar por intermediarios, y reafirma su compromiso de acercar oportunidades laborales reales a las regiones del estado.<\/p>\n\n\n\n<p><a><\/a> El PAE 2026 forma parte de las acciones que impulsa la gobernadora Roc\u00edo Nahle Garc\u00eda para consolidar una pol\u00edtica laboral con enfoque social, territorial y de bienestar, orientada a garantizar el acceso a empleos dignos y con pleno respeto a los derechos laborales.<\/p>\n\n\n\n<figure class=\"wp-block-image size-full\"><img loading=\"lazy\" decoding=\"async\" width=\"1236\" height=\"1600\" data-attachment-id=\"118837\" data-permalink=\"https:\/\/www.noticiasperfil.com\/index\/2026\/01\/26\/disponible-la-convocatoria-2026-del-programa-de-apoyo-al-empleo-en-veracruz\/apoyo-empleo-veracruz\/\" data-orig-file=\"https:\/\/i1.wp.com\/www.noticiasperfil.com\/index\/wp-content\/uploads\/2026\/01\/apoyo-empleo-veracruz.jpeg?fit=1236%2C1600&amp;ssl=1\" data-orig-size=\"1236,1600\" data-comments-opened=\"1\" data-image-meta=\"{&quot;aperture&quot;:&quot;0&quot;,&quot;credit&quot;:&quot;&quot;,&quot;camera&quot;:&quot;&quot;,&quot;caption&quot;:&quot;&quot;,&quot;created_timestamp&quot;:&quot;0&quot;,&quot;copyright&quot;:&quot;&quot;,&quot;focal_length&quot;:&quot;0&quot;,&quot;iso&quot;:&quot;0&quot;,&quot;shutter_speed&quot;:&quot;0&quot;,&quot;title&quot;:&quot;&quot;,&quot;orientation&quot;:&quot;0&quot;}\" data-image-title=\"apoyo-empleo-veracruz\" data-image-description=\"\" data-medium-file=\"https:\/\/i1.wp.com\/www.noticiasperfil.com\/index\/wp-content\/uploads\/2026\/01\/apoyo-empleo-veracruz.jpeg?fit=660%2C365&amp;ssl=1\" data-large-file=\"https:\/\/i1.wp.com\/www.noticiasperfil.com\/index\/wp-content\/uploads\/2026\/01\/apoyo-empleo-veracruz.jpeg?fit=640%2C366&amp;ssl=1\" src=\"https:\/\/i1.wp.com\/www.noticiasperfil.com\/index\/wp-content\/uploads\/2026\/01\/apoyo-empleo-veracruz.jpeg?fit=1236%2C1600&amp;ssl=1\" alt=\"\" class=\"wp-image-118837\" srcset=\"https:\/\/i1.wp.com\/www.noticiasperfil.com\/index\/wp-content\/uploads\/2026\/01\/apoyo-empleo-veracruz.jpeg?w=1236&amp;ssl=1 1236w, https:\/\/i1.wp.com\/www.noticiasperfil.com\/index\/wp-content\/uploads\/2026\/01\/apoyo-empleo-veracruz.jpeg?resize=1187%2C1536&amp;ssl=1 1187w\" sizes=\"auto, (max-width: 640px) 100vw, 640px\" \/><\/figure>\n","protected":false},"excerpt":{"rendered":"<p>Xalapa, Ver., lunes 26 de enero de 2026.- La Secretar\u00eda de Trabajo, Previsi\u00f3n Social y Productividad (STPSP) abri\u00f3 la convocatoria del Programa de Apoyo al Empleo (PAE), estrategia orientada a impulsar la colocaci\u00f3n laboral, fortalecer habilidades productivas y mejorar la vinculaci\u00f3n entre personas buscadoras de empleo y el sector productivo. El programa est\u00e1 dirigido a personas mayores de 18 a\u00f1os que se encuentren desempleadas o subempleadas, a quienes se brindar\u00e1 atenci\u00f3n mediante esquemas que incluyen capacitaci\u00f3n para el trabajo, apoyos para la vinculaci\u00f3n con empresas y empleadores formales, as\u00ed como&hellip;<\/p>\n","protected":false},"author":1,"featured_media":118837,"comment_status":"open","ping_status":"closed","sticky":false,"template":"","format":"standard","meta":{"footnotes":""},"categories":[3,4],"tags":[],"class_list":["post-118836","post","type-post","status-publish","format-standard","has-post-thumbnail","hentry","category-destacadas","category-estatal"],"jetpack-related-posts":[],"_links":{"self":[{"href":"https:\/\/www.noticiasperfil.com\/index\/wp-json\/wp\/v2\/posts\/118836","targetHints":{"allow":["GET"]}}],"collection":[{"href":"https:\/\/www.noticiasperfil.com\/index\/wp-json\/wp\/v2\/posts"}],"about":[{"href":"https:\/\/www.noticiasperfil.com\/index\/wp-json\/wp\/v2\/types\/post"}],"author":[{"embeddable":true,"href":"https:\/\/www.noticiasperfil.com\/index\/wp-json\/wp\/v2\/users\/1"}],"replies":[{"embeddable":true,"href":"https:\/\/www.noticiasperfil.com\/index\/wp-json\/wp\/v2\/comments?post=118836"}],"version-history":[{"count":1,"href":"https:\/\/www.noticiasperfil.com\/index\/wp-json\/wp\/v2\/posts\/118836\/revisions"}],"predecessor-version":[{"id":118838,"href":"https:\/\/www.noticiasperfil.com\/index\/wp-json\/wp\/v2\/posts\/118836\/revisions\/118838"}],"wp:featuredmedia":[{"embeddable":true,"href":"https:\/\/www.noticiasperfil.com\/index\/wp-json\/wp\/v2\/media\/118837"}],"wp:attachment":[{"href":"https:\/\/www.noticiasperfil.com\/index\/wp-json\/wp\/v2\/media?parent=118836"}],"wp:term":[{"taxonomy":"category","embeddable":true,"href":"https:\/\/www.noticiasperfil.com\/index\/wp-json\/wp\/v2\/categories?post=118836"},{"taxonomy":"post_tag","embeddable":true,"href":"https:\/\/www.noticiasperfil.com\/index\/wp-json\/wp\/v2\/tags?post=118836"}],"curies":[{"name":"wp","href":"https:\/\/api.w.org\/{rel}","templated":true}]}}