{"id":118851,"date":"2026-01-27T19:55:15","date_gmt":"2026-01-28T01:55:15","guid":{"rendered":"https:\/\/www.noticiasperfil.com\/index\/?p=118851"},"modified":"2026-01-27T19:55:18","modified_gmt":"2026-01-28T01:55:18","slug":"este-viernes-proyeccion-y-conversatorio-del-filme-el-inicio-en-la-gacx","status":"publish","type":"post","link":"https:\/\/www.noticiasperfil.com\/index\/2026\/01\/27\/este-viernes-proyeccion-y-conversatorio-del-filme-el-inicio-en-la-gacx\/","title":{"rendered":"Este viernes, proyecci\u00f3n y conversatorio del filme El inicio en la GACX"},"content":{"rendered":"\n<figure class=\"wp-block-image alignwide size-full\"><img loading=\"lazy\" decoding=\"async\" width=\"1600\" height=\"1600\" data-attachment-id=\"118853\" data-permalink=\"https:\/\/www.noticiasperfil.com\/index\/2026\/01\/27\/este-viernes-proyeccion-y-conversatorio-del-filme-el-inicio-en-la-gacx\/conversatorio-filme\/\" data-orig-file=\"https:\/\/i1.wp.com\/www.noticiasperfil.com\/index\/wp-content\/uploads\/2026\/01\/conversatorio-filme.jpeg?fit=1600%2C1600&amp;ssl=1\" data-orig-size=\"1600,1600\" data-comments-opened=\"1\" data-image-meta=\"{&quot;aperture&quot;:&quot;0&quot;,&quot;credit&quot;:&quot;&quot;,&quot;camera&quot;:&quot;&quot;,&quot;caption&quot;:&quot;&quot;,&quot;created_timestamp&quot;:&quot;0&quot;,&quot;copyright&quot;:&quot;&quot;,&quot;focal_length&quot;:&quot;0&quot;,&quot;iso&quot;:&quot;0&quot;,&quot;shutter_speed&quot;:&quot;0&quot;,&quot;title&quot;:&quot;&quot;,&quot;orientation&quot;:&quot;0&quot;}\" data-image-title=\"conversatorio-filme\" data-image-description=\"\" data-medium-file=\"https:\/\/i1.wp.com\/www.noticiasperfil.com\/index\/wp-content\/uploads\/2026\/01\/conversatorio-filme.jpeg?fit=660%2C365&amp;ssl=1\" data-large-file=\"https:\/\/i1.wp.com\/www.noticiasperfil.com\/index\/wp-content\/uploads\/2026\/01\/conversatorio-filme.jpeg?fit=640%2C366&amp;ssl=1\" src=\"https:\/\/i1.wp.com\/www.noticiasperfil.com\/index\/wp-content\/uploads\/2026\/01\/conversatorio-filme.jpeg?fit=1600%2C1600&amp;ssl=1\" alt=\"\" class=\"wp-image-118853\" srcset=\"https:\/\/i1.wp.com\/www.noticiasperfil.com\/index\/wp-content\/uploads\/2026\/01\/conversatorio-filme.jpeg?w=1600&amp;ssl=1 1600w, https:\/\/i1.wp.com\/www.noticiasperfil.com\/index\/wp-content\/uploads\/2026\/01\/conversatorio-filme.jpeg?resize=1536%2C1536&amp;ssl=1 1536w, https:\/\/i1.wp.com\/www.noticiasperfil.com\/index\/wp-content\/uploads\/2026\/01\/conversatorio-filme.jpeg?w=1280&amp;ssl=1 1280w\" sizes=\"auto, (max-width: 640px) 100vw, 640px\" \/><\/figure>\n\n\n\n<p><strong>Xalapa, Ver., martes 27 de enero de 2026.-<\/strong> La Secretar\u00eda de Cultura de Veracruz (SECVER) invita a la proyecci\u00f3n y conversatorio del largometraje veracruzano El inicio, que se llevar\u00e1 a cabo el viernes 30 de enero, a las 18:00 horas, en el Auditorio de la Galer\u00eda de Arte Contempor\u00e1neo de Xalapa (GACX). La entrada es libre.<\/p>\n\n\n\n<p>El inicio (2025) es un filme de 113 minutos, producido en conjunto por R\u00fasticas Producciones, Foro Iberoamericano de Estudios Cinematogr\u00e1ficos, Xolo Films y Las \u00c1nimas Asociados XII. Est\u00e1 dirigido por Ricardo Braojos y fue realizado con el apoyo del Instituto Mexicano de Cinematograf\u00eda (IMCINE), a trav\u00e9s del programa Fomento al Cine Mexicano (FOCINE).<\/p>\n\n\n\n<p>La pel\u00edcula narra la historia del regreso de Pilar a la casa de su infancia, en la costa de Veracruz. All\u00ed encuentra su hogar en ruinas y a Luis, un viejo amigo que escribe en las paredes de las construcciones abandonadas. En la casa tambi\u00e9n se hospeda Miguel, un joven escritor paralizado por el miedo a no ser lo suficientemente bueno. Cada uno de ellos debe decidir entre aferrarse a su propio naufragio o abrirse a una nueva forma de vida, mientras las dunas contin\u00faan cubri\u00e9ndolo todo.<\/p>\n\n\n\n<p>Esta producci\u00f3n fue rodada en Playa Juan \u00c1ngel, Veracruz, con un equipo mayormente veracruzano, integrado por j\u00f3venes talentos egresados y creadores de Xalapa. Cuenta con clasificaci\u00f3n C (para mayores de 18 a\u00f1os), ya que aborda temas como las heridas emocionales, la p\u00e9rdida de sentido, el deseo de cambio y la posibilidad de reconstruirse despu\u00e9s de una crisis. Al finalizar la proyecci\u00f3n, se realizar\u00e1 un conversatorio con el equipo de la pel\u00edcula, que estar\u00e1 presente.<\/p>\n\n\n\n<p>La SECVER reitera su invitaci\u00f3n disfrutar de la proyecci\u00f3n y conocer m\u00e1s informaci\u00f3n sobre esta y otras actividades del recinto en las redes sociales del @GACXalapa. Sigue las redes sociales de la @SECVERoficial para conocer todas las acciones que confirman por qu\u00e9 #VeracruzEst\u00e1DeModa.<\/p>\n","protected":false},"excerpt":{"rendered":"<p>Xalapa, Ver., martes 27 de enero de 2026.- La Secretar\u00eda de Cultura de Veracruz (SECVER) invita a la proyecci\u00f3n y conversatorio del largometraje veracruzano El inicio, que se llevar\u00e1 a cabo el viernes 30 de enero, a las 18:00 horas, en el Auditorio de la Galer\u00eda de Arte Contempor\u00e1neo de Xalapa (GACX). La entrada es libre. El inicio (2025) es un filme de 113 minutos, producido en conjunto por R\u00fasticas Producciones, Foro Iberoamericano de Estudios Cinematogr\u00e1ficos, Xolo Films y Las \u00c1nimas Asociados XII. Est\u00e1 dirigido por Ricardo Braojos y fue&hellip;<\/p>\n","protected":false},"author":1,"featured_media":118853,"comment_status":"open","ping_status":"closed","sticky":false,"template":"","format":"standard","meta":{"footnotes":""},"categories":[3,10618],"tags":[],"class_list":["post-118851","post","type-post","status-publish","format-standard","has-post-thumbnail","hentry","category-destacadas","category-eventos-culturales"],"jetpack-related-posts":[],"_links":{"self":[{"href":"https:\/\/www.noticiasperfil.com\/index\/wp-json\/wp\/v2\/posts\/118851","targetHints":{"allow":["GET"]}}],"collection":[{"href":"https:\/\/www.noticiasperfil.com\/index\/wp-json\/wp\/v2\/posts"}],"about":[{"href":"https:\/\/www.noticiasperfil.com\/index\/wp-json\/wp\/v2\/types\/post"}],"author":[{"embeddable":true,"href":"https:\/\/www.noticiasperfil.com\/index\/wp-json\/wp\/v2\/users\/1"}],"replies":[{"embeddable":true,"href":"https:\/\/www.noticiasperfil.com\/index\/wp-json\/wp\/v2\/comments?post=118851"}],"version-history":[{"count":2,"href":"https:\/\/www.noticiasperfil.com\/index\/wp-json\/wp\/v2\/posts\/118851\/revisions"}],"predecessor-version":[{"id":118854,"href":"https:\/\/www.noticiasperfil.com\/index\/wp-json\/wp\/v2\/posts\/118851\/revisions\/118854"}],"wp:featuredmedia":[{"embeddable":true,"href":"https:\/\/www.noticiasperfil.com\/index\/wp-json\/wp\/v2\/media\/118853"}],"wp:attachment":[{"href":"https:\/\/www.noticiasperfil.com\/index\/wp-json\/wp\/v2\/media?parent=118851"}],"wp:term":[{"taxonomy":"category","embeddable":true,"href":"https:\/\/www.noticiasperfil.com\/index\/wp-json\/wp\/v2\/categories?post=118851"},{"taxonomy":"post_tag","embeddable":true,"href":"https:\/\/www.noticiasperfil.com\/index\/wp-json\/wp\/v2\/tags?post=118851"}],"curies":[{"name":"wp","href":"https:\/\/api.w.org\/{rel}","templated":true}]}}