{"id":118862,"date":"2026-01-27T20:04:07","date_gmt":"2026-01-28T02:04:07","guid":{"rendered":"https:\/\/www.noticiasperfil.com\/index\/?p=118862"},"modified":"2026-01-27T20:04:10","modified_gmt":"2026-01-28T02:04:10","slug":"veracruz-define-a-sus-mejores-ciclistas-en-la-etapa-estatal-rumbo-a-la-olimpiada-nacional","status":"publish","type":"post","link":"https:\/\/www.noticiasperfil.com\/index\/2026\/01\/27\/veracruz-define-a-sus-mejores-ciclistas-en-la-etapa-estatal-rumbo-a-la-olimpiada-nacional\/","title":{"rendered":"Veracruz define a sus mejores ciclistas en la etapa estatal rumbo a la Olimpiada Nacional"},"content":{"rendered":"\n<figure class=\"wp-block-gallery has-nested-images columns-default is-cropped wp-block-gallery-1 is-layout-flex wp-block-gallery-is-layout-flex\">\n<figure class=\"wp-block-image size-large\"><img loading=\"lazy\" decoding=\"async\" width=\"1600\" height=\"1066\" data-attachment-id=\"118867\" data-permalink=\"https:\/\/www.noticiasperfil.com\/index\/2026\/01\/27\/veracruz-define-a-sus-mejores-ciclistas-en-la-etapa-estatal-rumbo-a-la-olimpiada-nacional\/rumbo-olimpiada-nacional-01\/\" data-orig-file=\"https:\/\/i0.wp.com\/www.noticiasperfil.com\/index\/wp-content\/uploads\/2026\/01\/rumbo-olimpiada-nacional-01.jpg?fit=1600%2C1066&amp;ssl=1\" data-orig-size=\"1600,1066\" data-comments-opened=\"1\" data-image-meta=\"{&quot;aperture&quot;:&quot;0&quot;,&quot;credit&quot;:&quot;&quot;,&quot;camera&quot;:&quot;&quot;,&quot;caption&quot;:&quot;&quot;,&quot;created_timestamp&quot;:&quot;0&quot;,&quot;copyright&quot;:&quot;&quot;,&quot;focal_length&quot;:&quot;0&quot;,&quot;iso&quot;:&quot;0&quot;,&quot;shutter_speed&quot;:&quot;0&quot;,&quot;title&quot;:&quot;&quot;,&quot;orientation&quot;:&quot;0&quot;}\" data-image-title=\"rumbo-olimpiada-nacional-01\" data-image-description=\"\" data-medium-file=\"https:\/\/i0.wp.com\/www.noticiasperfil.com\/index\/wp-content\/uploads\/2026\/01\/rumbo-olimpiada-nacional-01.jpg?fit=660%2C365&amp;ssl=1\" data-large-file=\"https:\/\/i0.wp.com\/www.noticiasperfil.com\/index\/wp-content\/uploads\/2026\/01\/rumbo-olimpiada-nacional-01.jpg?fit=640%2C366&amp;ssl=1\" data-id=\"118867\" src=\"https:\/\/i0.wp.com\/www.noticiasperfil.com\/index\/wp-content\/uploads\/2026\/01\/rumbo-olimpiada-nacional-01.jpg?fit=640%2C366&amp;ssl=1\" alt=\"\" class=\"wp-image-118867\" srcset=\"https:\/\/i0.wp.com\/www.noticiasperfil.com\/index\/wp-content\/uploads\/2026\/01\/rumbo-olimpiada-nacional-01.jpg?w=1600&amp;ssl=1 1600w, https:\/\/i0.wp.com\/www.noticiasperfil.com\/index\/wp-content\/uploads\/2026\/01\/rumbo-olimpiada-nacional-01.jpg?resize=1536%2C1023&amp;ssl=1 1536w, https:\/\/i0.wp.com\/www.noticiasperfil.com\/index\/wp-content\/uploads\/2026\/01\/rumbo-olimpiada-nacional-01.jpg?w=1280&amp;ssl=1 1280w\" sizes=\"auto, (max-width: 640px) 100vw, 640px\" \/><\/figure>\n\n\n\n<figure class=\"wp-block-image size-large\"><img loading=\"lazy\" decoding=\"async\" width=\"1600\" height=\"1066\" data-attachment-id=\"118866\" data-permalink=\"https:\/\/www.noticiasperfil.com\/index\/2026\/01\/27\/veracruz-define-a-sus-mejores-ciclistas-en-la-etapa-estatal-rumbo-a-la-olimpiada-nacional\/rumbo-olimpiada-nacional-05\/\" data-orig-file=\"https:\/\/i2.wp.com\/www.noticiasperfil.com\/index\/wp-content\/uploads\/2026\/01\/rumbo-olimpiada-nacional-05.jpg?fit=1600%2C1066&amp;ssl=1\" data-orig-size=\"1600,1066\" data-comments-opened=\"1\" data-image-meta=\"{&quot;aperture&quot;:&quot;0&quot;,&quot;credit&quot;:&quot;&quot;,&quot;camera&quot;:&quot;&quot;,&quot;caption&quot;:&quot;&quot;,&quot;created_timestamp&quot;:&quot;0&quot;,&quot;copyright&quot;:&quot;&quot;,&quot;focal_length&quot;:&quot;0&quot;,&quot;iso&quot;:&quot;0&quot;,&quot;shutter_speed&quot;:&quot;0&quot;,&quot;title&quot;:&quot;&quot;,&quot;orientation&quot;:&quot;0&quot;}\" data-image-title=\"rumbo-olimpiada-nacional-05\" data-image-description=\"\" data-medium-file=\"https:\/\/i2.wp.com\/www.noticiasperfil.com\/index\/wp-content\/uploads\/2026\/01\/rumbo-olimpiada-nacional-05.jpg?fit=660%2C365&amp;ssl=1\" data-large-file=\"https:\/\/i2.wp.com\/www.noticiasperfil.com\/index\/wp-content\/uploads\/2026\/01\/rumbo-olimpiada-nacional-05.jpg?fit=640%2C366&amp;ssl=1\" data-id=\"118866\" src=\"https:\/\/i2.wp.com\/www.noticiasperfil.com\/index\/wp-content\/uploads\/2026\/01\/rumbo-olimpiada-nacional-05.jpg?fit=640%2C366&amp;ssl=1\" alt=\"\" class=\"wp-image-118866\" srcset=\"https:\/\/i2.wp.com\/www.noticiasperfil.com\/index\/wp-content\/uploads\/2026\/01\/rumbo-olimpiada-nacional-05.jpg?w=1600&amp;ssl=1 1600w, https:\/\/i2.wp.com\/www.noticiasperfil.com\/index\/wp-content\/uploads\/2026\/01\/rumbo-olimpiada-nacional-05.jpg?resize=1536%2C1023&amp;ssl=1 1536w, https:\/\/i2.wp.com\/www.noticiasperfil.com\/index\/wp-content\/uploads\/2026\/01\/rumbo-olimpiada-nacional-05.jpg?w=1280&amp;ssl=1 1280w\" sizes=\"auto, (max-width: 640px) 100vw, 640px\" \/><\/figure>\n\n\n\n<figure class=\"wp-block-image size-large\"><img loading=\"lazy\" decoding=\"async\" width=\"1600\" height=\"1066\" data-attachment-id=\"118865\" data-permalink=\"https:\/\/www.noticiasperfil.com\/index\/2026\/01\/27\/veracruz-define-a-sus-mejores-ciclistas-en-la-etapa-estatal-rumbo-a-la-olimpiada-nacional\/rumbo-olimpiada-nacional-04\/\" data-orig-file=\"https:\/\/i1.wp.com\/www.noticiasperfil.com\/index\/wp-content\/uploads\/2026\/01\/rumbo-olimpiada-nacional-04.jpg?fit=1600%2C1066&amp;ssl=1\" data-orig-size=\"1600,1066\" data-comments-opened=\"1\" data-image-meta=\"{&quot;aperture&quot;:&quot;0&quot;,&quot;credit&quot;:&quot;&quot;,&quot;camera&quot;:&quot;&quot;,&quot;caption&quot;:&quot;&quot;,&quot;created_timestamp&quot;:&quot;0&quot;,&quot;copyright&quot;:&quot;&quot;,&quot;focal_length&quot;:&quot;0&quot;,&quot;iso&quot;:&quot;0&quot;,&quot;shutter_speed&quot;:&quot;0&quot;,&quot;title&quot;:&quot;&quot;,&quot;orientation&quot;:&quot;0&quot;}\" data-image-title=\"rumbo-olimpiada-nacional-04\" data-image-description=\"\" data-medium-file=\"https:\/\/i1.wp.com\/www.noticiasperfil.com\/index\/wp-content\/uploads\/2026\/01\/rumbo-olimpiada-nacional-04.jpg?fit=660%2C365&amp;ssl=1\" data-large-file=\"https:\/\/i1.wp.com\/www.noticiasperfil.com\/index\/wp-content\/uploads\/2026\/01\/rumbo-olimpiada-nacional-04.jpg?fit=640%2C366&amp;ssl=1\" data-id=\"118865\" src=\"https:\/\/i1.wp.com\/www.noticiasperfil.com\/index\/wp-content\/uploads\/2026\/01\/rumbo-olimpiada-nacional-04.jpg?fit=640%2C366&amp;ssl=1\" alt=\"\" class=\"wp-image-118865\" srcset=\"https:\/\/i1.wp.com\/www.noticiasperfil.com\/index\/wp-content\/uploads\/2026\/01\/rumbo-olimpiada-nacional-04.jpg?w=1600&amp;ssl=1 1600w, https:\/\/i1.wp.com\/www.noticiasperfil.com\/index\/wp-content\/uploads\/2026\/01\/rumbo-olimpiada-nacional-04.jpg?resize=1536%2C1023&amp;ssl=1 1536w, https:\/\/i1.wp.com\/www.noticiasperfil.com\/index\/wp-content\/uploads\/2026\/01\/rumbo-olimpiada-nacional-04.jpg?w=1280&amp;ssl=1 1280w\" sizes=\"auto, (max-width: 640px) 100vw, 640px\" \/><\/figure>\n\n\n\n<figure class=\"wp-block-image size-large\"><img loading=\"lazy\" decoding=\"async\" width=\"1600\" height=\"1066\" data-attachment-id=\"118864\" data-permalink=\"https:\/\/www.noticiasperfil.com\/index\/2026\/01\/27\/veracruz-define-a-sus-mejores-ciclistas-en-la-etapa-estatal-rumbo-a-la-olimpiada-nacional\/rumbo-olimpiada-nacional-03\/\" data-orig-file=\"https:\/\/i0.wp.com\/www.noticiasperfil.com\/index\/wp-content\/uploads\/2026\/01\/rumbo-olimpiada-nacional-03.jpg?fit=1600%2C1066&amp;ssl=1\" data-orig-size=\"1600,1066\" data-comments-opened=\"1\" data-image-meta=\"{&quot;aperture&quot;:&quot;0&quot;,&quot;credit&quot;:&quot;&quot;,&quot;camera&quot;:&quot;&quot;,&quot;caption&quot;:&quot;&quot;,&quot;created_timestamp&quot;:&quot;0&quot;,&quot;copyright&quot;:&quot;&quot;,&quot;focal_length&quot;:&quot;0&quot;,&quot;iso&quot;:&quot;0&quot;,&quot;shutter_speed&quot;:&quot;0&quot;,&quot;title&quot;:&quot;&quot;,&quot;orientation&quot;:&quot;0&quot;}\" data-image-title=\"rumbo-olimpiada-nacional-03\" data-image-description=\"\" data-medium-file=\"https:\/\/i0.wp.com\/www.noticiasperfil.com\/index\/wp-content\/uploads\/2026\/01\/rumbo-olimpiada-nacional-03.jpg?fit=660%2C365&amp;ssl=1\" data-large-file=\"https:\/\/i0.wp.com\/www.noticiasperfil.com\/index\/wp-content\/uploads\/2026\/01\/rumbo-olimpiada-nacional-03.jpg?fit=640%2C366&amp;ssl=1\" data-id=\"118864\" src=\"https:\/\/i0.wp.com\/www.noticiasperfil.com\/index\/wp-content\/uploads\/2026\/01\/rumbo-olimpiada-nacional-03.jpg?fit=640%2C366&amp;ssl=1\" alt=\"\" class=\"wp-image-118864\" srcset=\"https:\/\/i0.wp.com\/www.noticiasperfil.com\/index\/wp-content\/uploads\/2026\/01\/rumbo-olimpiada-nacional-03.jpg?w=1600&amp;ssl=1 1600w, https:\/\/i0.wp.com\/www.noticiasperfil.com\/index\/wp-content\/uploads\/2026\/01\/rumbo-olimpiada-nacional-03.jpg?resize=1536%2C1023&amp;ssl=1 1536w, https:\/\/i0.wp.com\/www.noticiasperfil.com\/index\/wp-content\/uploads\/2026\/01\/rumbo-olimpiada-nacional-03.jpg?w=1280&amp;ssl=1 1280w\" sizes=\"auto, (max-width: 640px) 100vw, 640px\" \/><\/figure>\n\n\n\n<figure class=\"wp-block-image size-large\"><img loading=\"lazy\" decoding=\"async\" width=\"1600\" height=\"1066\" data-attachment-id=\"118863\" data-permalink=\"https:\/\/www.noticiasperfil.com\/index\/2026\/01\/27\/veracruz-define-a-sus-mejores-ciclistas-en-la-etapa-estatal-rumbo-a-la-olimpiada-nacional\/rumbo-olimpiada-nacional-02\/\" data-orig-file=\"https:\/\/i1.wp.com\/www.noticiasperfil.com\/index\/wp-content\/uploads\/2026\/01\/rumbo-olimpiada-nacional-02.jpg?fit=1600%2C1066&amp;ssl=1\" data-orig-size=\"1600,1066\" data-comments-opened=\"1\" data-image-meta=\"{&quot;aperture&quot;:&quot;0&quot;,&quot;credit&quot;:&quot;&quot;,&quot;camera&quot;:&quot;&quot;,&quot;caption&quot;:&quot;&quot;,&quot;created_timestamp&quot;:&quot;0&quot;,&quot;copyright&quot;:&quot;&quot;,&quot;focal_length&quot;:&quot;0&quot;,&quot;iso&quot;:&quot;0&quot;,&quot;shutter_speed&quot;:&quot;0&quot;,&quot;title&quot;:&quot;&quot;,&quot;orientation&quot;:&quot;0&quot;}\" data-image-title=\"rumbo-olimpiada-nacional-02\" data-image-description=\"\" data-medium-file=\"https:\/\/i1.wp.com\/www.noticiasperfil.com\/index\/wp-content\/uploads\/2026\/01\/rumbo-olimpiada-nacional-02.jpg?fit=660%2C365&amp;ssl=1\" data-large-file=\"https:\/\/i1.wp.com\/www.noticiasperfil.com\/index\/wp-content\/uploads\/2026\/01\/rumbo-olimpiada-nacional-02.jpg?fit=640%2C366&amp;ssl=1\" data-id=\"118863\" src=\"https:\/\/i1.wp.com\/www.noticiasperfil.com\/index\/wp-content\/uploads\/2026\/01\/rumbo-olimpiada-nacional-02.jpg?fit=640%2C366&amp;ssl=1\" alt=\"\" class=\"wp-image-118863\" srcset=\"https:\/\/i1.wp.com\/www.noticiasperfil.com\/index\/wp-content\/uploads\/2026\/01\/rumbo-olimpiada-nacional-02.jpg?w=1600&amp;ssl=1 1600w, https:\/\/i1.wp.com\/www.noticiasperfil.com\/index\/wp-content\/uploads\/2026\/01\/rumbo-olimpiada-nacional-02.jpg?resize=1536%2C1023&amp;ssl=1 1536w, https:\/\/i1.wp.com\/www.noticiasperfil.com\/index\/wp-content\/uploads\/2026\/01\/rumbo-olimpiada-nacional-02.jpg?w=1280&amp;ssl=1 1280w\" sizes=\"auto, (max-width: 640px) 100vw, 640px\" \/><\/figure>\n<\/figure>\n\n\n\n<p><a><\/a> <strong>Xalapa, Ver., martes 27 de enero de 2026.-<\/strong> La disciplina de ciclismo cumpli\u00f3 con su etapa Estatal rumbo a la Olimpiada Nacional 2026, tras celebrarse este fin de semana las pruebas de contrarreloj, ruta y monta\u00f1a, donde destac\u00f3 la actuaci\u00f3n de Ciara Ortiz Rojas, quien se posicion\u00f3 como una de las figuras al conquistar dos medallas de oro y una de plata en la categor\u00eda Cadete Femenil, en las modalidades de ruta, monta\u00f1a y contrarreloj, respectivamente.<\/p>\n\n\n\n<p>Las competencias se desarrollaron en diversos escenarios de Xalapa y los alrededores de Coatepec, donde cerca de 200 ciclistas se enfrentaron en busca de su clasificaci\u00f3n al Nacional Clasificatorio de Ciclismo, en las modalidades de contrarreloj, pista y monta\u00f1a.<\/p>\n\n\n\n<p>En estas exigentes pruebas tambi\u00e9n sobresalieron las actuaciones de Annett Legaspi Tapia, C\u00e9sar Mart\u00ednez Bustamante, Mateo Mill\u00e1n Demartini, Paola Z\u00e1rate Le\u00f3n, Sebasti\u00e1n Arg\u00fcelles Castellanos, Roberto Cornejo Gonz\u00e1lez, Bel\u00e9n Robles Gonzaga, M\u00eda Castro Bautista, Diego Gael V\u00e1zquez D\u00edaz, Sof\u00eda Torija Flores, Jennifer Navarro Gonz\u00e1lez, Natalia L\u00f3pez Valdovinos, Mayerli Fern\u00e1ndez P\u00e9rez, Ian Colorado L\u00f3pez, Uriel Landa Barrag\u00e1n, Aura Legaspi Tapia y Jes\u00fas Labastida Ram\u00edrez, quienes lograron dos preseas cada uno.<\/p>\n\n\n\n<p>Asimismo, subieron al podio al obtener al menos una medalla Fernando Castillo Mart\u00ednez, Keven Cesatti P\u00e9rez, El\u00edas Antonio Calder\u00f3n Licona, Grecia de Jes\u00fas Calixto, Isaac Torija Flores, Ander Hern\u00e1ndez Gast\u00e9lum y Yamileth Ju\u00e1rez Aponte, todos integrantes de la categor\u00eda Precadete, en ambas ramas.<\/p>\n\n\n\n<p>En la categor\u00eda Cadetes, tambi\u00e9n registraron destacadas actuaciones Santiago Ornelas Santamar\u00eda, Diego Manrique \u00c1lvarez, Mauricio Navarro Siliceo, Paul Polanco Rodr\u00edguez, Thomas Garc\u00eda M\u00e9ndez, Diana Espinoza Delgado y Allizon L\u00f3pez Blanco.<\/p>\n\n\n\n<p>Por su parte, en categor\u00eda Junior tuvieron una sobresaliente participaci\u00f3n al conquistar medallas en sus respectivas pruebas, destacando Carlos Mendoza Puentes, Fernando Tepancatl Bello, Emiliano V\u00e1zquez Fuentes, Romina Escalante Vega y Marisol Troncoso Valdez.<\/p>\n\n\n\n<p>Finalmente, en la categor\u00eda Sub-21, tanto en la rama femenil como varonil, se registr\u00f3 una destacada actuaci\u00f3n por parte de Mateo Mart\u00ednez Guzm\u00e1n, Oswaldo Guti\u00e9rrez Caraza, Jes\u00fas Garc\u00eda Ram\u00edrez, Maitreya Ahumada Torres, Paulina Jim\u00e9nez Barrientos y Diana Laura Quiroz Mart\u00ednez, quienes lograron subir al podio.<\/p>\n","protected":false},"excerpt":{"rendered":"<p>Xalapa, Ver., martes 27 de enero de 2026.- La disciplina de ciclismo cumpli\u00f3 con su etapa Estatal rumbo a la Olimpiada Nacional 2026, tras celebrarse este fin de semana las pruebas de contrarreloj, ruta y monta\u00f1a, donde destac\u00f3 la actuaci\u00f3n de Ciara Ortiz Rojas, quien se posicion\u00f3 como una de las figuras al conquistar dos medallas de oro y una de plata en la categor\u00eda Cadete Femenil, en las modalidades de ruta, monta\u00f1a y contrarreloj, respectivamente. Las competencias se desarrollaron en diversos escenarios de Xalapa y los alrededores de Coatepec,&hellip;<\/p>\n","protected":false},"author":1,"featured_media":118864,"comment_status":"open","ping_status":"closed","sticky":false,"template":"","format":"standard","meta":{"footnotes":""},"categories":[10607,3],"tags":[],"class_list":["post-118862","post","type-post","status-publish","format-standard","has-post-thumbnail","hentry","category-deportes","category-destacadas"],"jetpack-related-posts":[],"_links":{"self":[{"href":"https:\/\/www.noticiasperfil.com\/index\/wp-json\/wp\/v2\/posts\/118862","targetHints":{"allow":["GET"]}}],"collection":[{"href":"https:\/\/www.noticiasperfil.com\/index\/wp-json\/wp\/v2\/posts"}],"about":[{"href":"https:\/\/www.noticiasperfil.com\/index\/wp-json\/wp\/v2\/types\/post"}],"author":[{"embeddable":true,"href":"https:\/\/www.noticiasperfil.com\/index\/wp-json\/wp\/v2\/users\/1"}],"replies":[{"embeddable":true,"href":"https:\/\/www.noticiasperfil.com\/index\/wp-json\/wp\/v2\/comments?post=118862"}],"version-history":[{"count":1,"href":"https:\/\/www.noticiasperfil.com\/index\/wp-json\/wp\/v2\/posts\/118862\/revisions"}],"predecessor-version":[{"id":118868,"href":"https:\/\/www.noticiasperfil.com\/index\/wp-json\/wp\/v2\/posts\/118862\/revisions\/118868"}],"wp:featuredmedia":[{"embeddable":true,"href":"https:\/\/www.noticiasperfil.com\/index\/wp-json\/wp\/v2\/media\/118864"}],"wp:attachment":[{"href":"https:\/\/www.noticiasperfil.com\/index\/wp-json\/wp\/v2\/media?parent=118862"}],"wp:term":[{"taxonomy":"category","embeddable":true,"href":"https:\/\/www.noticiasperfil.com\/index\/wp-json\/wp\/v2\/categories?post=118862"},{"taxonomy":"post_tag","embeddable":true,"href":"https:\/\/www.noticiasperfil.com\/index\/wp-json\/wp\/v2\/tags?post=118862"}],"curies":[{"name":"wp","href":"https:\/\/api.w.org\/{rel}","templated":true}]}}