{"id":118946,"date":"2026-01-30T13:13:23","date_gmt":"2026-01-30T19:13:23","guid":{"rendered":"https:\/\/www.noticiasperfil.com\/index\/?p=118946"},"modified":"2026-01-30T13:13:27","modified_gmt":"2026-01-30T19:13:27","slug":"promueve-secver-produccion-literaria-local-de-orizaba-en-el-maev","status":"publish","type":"post","link":"https:\/\/www.noticiasperfil.com\/index\/2026\/01\/30\/promueve-secver-produccion-literaria-local-de-orizaba-en-el-maev\/","title":{"rendered":"Promueve SECVER producci\u00f3n literaria local de Orizaba en el MAEV"},"content":{"rendered":"\n<figure class=\"wp-block-image size-full\"><img loading=\"lazy\" decoding=\"async\" width=\"1600\" height=\"1600\" data-attachment-id=\"118947\" data-permalink=\"https:\/\/www.noticiasperfil.com\/index\/2026\/01\/30\/promueve-secver-produccion-literaria-local-de-orizaba-en-el-maev\/secver-produccion-literaria-local-orizaba-maev\/\" data-orig-file=\"https:\/\/i0.wp.com\/www.noticiasperfil.com\/index\/wp-content\/uploads\/2026\/01\/secver-produccion-literaria-local-orizaba-maev.jpeg?fit=1600%2C1600&amp;ssl=1\" data-orig-size=\"1600,1600\" data-comments-opened=\"1\" data-image-meta=\"{&quot;aperture&quot;:&quot;0&quot;,&quot;credit&quot;:&quot;&quot;,&quot;camera&quot;:&quot;&quot;,&quot;caption&quot;:&quot;&quot;,&quot;created_timestamp&quot;:&quot;0&quot;,&quot;copyright&quot;:&quot;&quot;,&quot;focal_length&quot;:&quot;0&quot;,&quot;iso&quot;:&quot;0&quot;,&quot;shutter_speed&quot;:&quot;0&quot;,&quot;title&quot;:&quot;&quot;,&quot;orientation&quot;:&quot;0&quot;}\" data-image-title=\"secver-produccion-literaria-local-orizaba-maev\" data-image-description=\"\" data-medium-file=\"https:\/\/i0.wp.com\/www.noticiasperfil.com\/index\/wp-content\/uploads\/2026\/01\/secver-produccion-literaria-local-orizaba-maev.jpeg?fit=660%2C365&amp;ssl=1\" data-large-file=\"https:\/\/i0.wp.com\/www.noticiasperfil.com\/index\/wp-content\/uploads\/2026\/01\/secver-produccion-literaria-local-orizaba-maev.jpeg?fit=640%2C366&amp;ssl=1\" src=\"https:\/\/i0.wp.com\/www.noticiasperfil.com\/index\/wp-content\/uploads\/2026\/01\/secver-produccion-literaria-local-orizaba-maev.jpeg?fit=1600%2C1600&amp;ssl=1\" alt=\"\" class=\"wp-image-118947\" srcset=\"https:\/\/i0.wp.com\/www.noticiasperfil.com\/index\/wp-content\/uploads\/2026\/01\/secver-produccion-literaria-local-orizaba-maev.jpeg?w=1600&amp;ssl=1 1600w, https:\/\/i0.wp.com\/www.noticiasperfil.com\/index\/wp-content\/uploads\/2026\/01\/secver-produccion-literaria-local-orizaba-maev.jpeg?resize=1536%2C1536&amp;ssl=1 1536w, https:\/\/i0.wp.com\/www.noticiasperfil.com\/index\/wp-content\/uploads\/2026\/01\/secver-produccion-literaria-local-orizaba-maev.jpeg?w=1280&amp;ssl=1 1280w\" sizes=\"auto, (max-width: 640px) 100vw, 640px\" \/><\/figure>\n\n\n\n<p> <strong>Xalapa, Ver.-<\/strong> La Secretar\u00eda de Cultura de Veracruz invita a la presentaci\u00f3n editorial de Versos Cincelados, el m\u00e1s reciente t\u00edtulo de la escritora Ana Laura Medell\u00edn Lozano, ma\u00f1ana a las 17:00 horas, en el Museo de Arte del Estado de Veracruz (MAEV) de Orizaba. La entrada es gratuita.<\/p>\n\n\n\n<p>Versos Cincelados es un volumen de poemas que da muestra del talento e inspiraci\u00f3n de la escritora y maestra de m\u00faltiples generaciones, quien a lo largo de 35 a\u00f1os ha compartido su pasi\u00f3n por el arte y la literatura.<\/p>\n\n\n\n<p>Medell\u00edn Lozano es egresada de Escuela Normal de Orizaba, fue supervisora en Orizaba, Camerino Z. Mendoza y Nogales; curs\u00f3 diplomados en Creaci\u00f3n Literaria en la Universidad Veracruzana y la Universidad Metropolitana; ha participado en Ferias del Libro de C\u00f3rdoba, Orizaba, Xalapa y Tlaxcala y pertenece al colectivo Mujeres poetas en el pa\u00eds de las nubes; tambi\u00e9n estudi\u00f3 pintura y escultura.<\/p>\n\n\n\n<p>La Plataforma de Opini\u00f3n y Expresi\u00f3n Magisterial A.C. le otorg\u00f3 el reconocimiento Maestra Em\u00e9rita de M\u00e9xico en 2022 como parte del XXIX aniversario de la asociaci\u00f3n, teniendo como sede el Palacio de Bellas Artes.<\/p>\n\n\n\n<p>Conoce m\u00e1s informaci\u00f3n sobre esta y otras actividades del recinto en las redes sociales del @MAEVorizaba. Sigue las redes sociales de la @SECVERoficial para conocer las acciones que confirman por qu\u00e9 Veracruz est\u00e1 de moda.<\/p>\n","protected":false},"excerpt":{"rendered":"<p>Xalapa, Ver.- La Secretar\u00eda de Cultura de Veracruz invita a la presentaci\u00f3n editorial de Versos Cincelados, el m\u00e1s reciente t\u00edtulo de la escritora Ana Laura Medell\u00edn Lozano, ma\u00f1ana a las 17:00 horas, en el Museo de Arte del Estado de Veracruz (MAEV) de Orizaba. La entrada es gratuita. Versos Cincelados es un volumen de poemas que da muestra del talento e inspiraci\u00f3n de la escritora y maestra de m\u00faltiples generaciones, quien a lo largo de 35 a\u00f1os ha compartido su pasi\u00f3n por el arte y la literatura. Medell\u00edn Lozano es&hellip;<\/p>\n","protected":false},"author":1,"featured_media":118947,"comment_status":"open","ping_status":"closed","sticky":false,"template":"","format":"standard","meta":{"footnotes":""},"categories":[3,10618],"tags":[],"class_list":["post-118946","post","type-post","status-publish","format-standard","has-post-thumbnail","hentry","category-destacadas","category-eventos-culturales"],"jetpack-related-posts":[],"_links":{"self":[{"href":"https:\/\/www.noticiasperfil.com\/index\/wp-json\/wp\/v2\/posts\/118946","targetHints":{"allow":["GET"]}}],"collection":[{"href":"https:\/\/www.noticiasperfil.com\/index\/wp-json\/wp\/v2\/posts"}],"about":[{"href":"https:\/\/www.noticiasperfil.com\/index\/wp-json\/wp\/v2\/types\/post"}],"author":[{"embeddable":true,"href":"https:\/\/www.noticiasperfil.com\/index\/wp-json\/wp\/v2\/users\/1"}],"replies":[{"embeddable":true,"href":"https:\/\/www.noticiasperfil.com\/index\/wp-json\/wp\/v2\/comments?post=118946"}],"version-history":[{"count":1,"href":"https:\/\/www.noticiasperfil.com\/index\/wp-json\/wp\/v2\/posts\/118946\/revisions"}],"predecessor-version":[{"id":118948,"href":"https:\/\/www.noticiasperfil.com\/index\/wp-json\/wp\/v2\/posts\/118946\/revisions\/118948"}],"wp:featuredmedia":[{"embeddable":true,"href":"https:\/\/www.noticiasperfil.com\/index\/wp-json\/wp\/v2\/media\/118947"}],"wp:attachment":[{"href":"https:\/\/www.noticiasperfil.com\/index\/wp-json\/wp\/v2\/media?parent=118946"}],"wp:term":[{"taxonomy":"category","embeddable":true,"href":"https:\/\/www.noticiasperfil.com\/index\/wp-json\/wp\/v2\/categories?post=118946"},{"taxonomy":"post_tag","embeddable":true,"href":"https:\/\/www.noticiasperfil.com\/index\/wp-json\/wp\/v2\/tags?post=118946"}],"curies":[{"name":"wp","href":"https:\/\/api.w.org\/{rel}","templated":true}]}}