{"id":118949,"date":"2026-01-30T13:23:35","date_gmt":"2026-01-30T19:23:35","guid":{"rendered":"https:\/\/www.noticiasperfil.com\/index\/?p=118949"},"modified":"2026-02-06T21:18:11","modified_gmt":"2026-02-07T03:18:11","slug":"el-transporte-es-un-derecho-ulua-operara-como-servicio-publico-del-estado","status":"publish","type":"post","link":"https:\/\/www.noticiasperfil.com\/index\/2026\/01\/30\/el-transporte-es-un-derecho-ulua-operara-como-servicio-publico-del-estado\/","title":{"rendered":"El transporte es un derecho: Ul\u00faa operar\u00e1 como servicio p\u00fablico del Estado"},"content":{"rendered":"\n<figure class=\"wp-block-image alignwide size-large\"><img loading=\"lazy\" decoding=\"async\" width=\"640\" height=\"366\" data-attachment-id=\"118950\" data-permalink=\"https:\/\/www.noticiasperfil.com\/index\/2026\/01\/30\/el-transporte-es-un-derecho-ulua-operara-como-servicio-publico-del-estado\/ulua-operara-servicio-publico\/\" data-orig-file=\"https:\/\/i1.wp.com\/www.noticiasperfil.com\/index\/wp-content\/uploads\/2026\/01\/ulua-operara-servicio-publico.jpeg?fit=1387%2C1429&amp;ssl=1\" data-orig-size=\"1387,1429\" data-comments-opened=\"1\" data-image-meta=\"{&quot;aperture&quot;:&quot;0&quot;,&quot;credit&quot;:&quot;&quot;,&quot;camera&quot;:&quot;&quot;,&quot;caption&quot;:&quot;&quot;,&quot;created_timestamp&quot;:&quot;0&quot;,&quot;copyright&quot;:&quot;&quot;,&quot;focal_length&quot;:&quot;0&quot;,&quot;iso&quot;:&quot;0&quot;,&quot;shutter_speed&quot;:&quot;0&quot;,&quot;title&quot;:&quot;&quot;,&quot;orientation&quot;:&quot;0&quot;}\" data-image-title=\"ulua-operara-servicio-publico\" data-image-description=\"\" data-medium-file=\"https:\/\/i1.wp.com\/www.noticiasperfil.com\/index\/wp-content\/uploads\/2026\/01\/ulua-operara-servicio-publico.jpeg?fit=660%2C365&amp;ssl=1\" data-large-file=\"https:\/\/i1.wp.com\/www.noticiasperfil.com\/index\/wp-content\/uploads\/2026\/01\/ulua-operara-servicio-publico.jpeg?fit=640%2C366&amp;ssl=1\" src=\"https:\/\/i1.wp.com\/www.noticiasperfil.com\/index\/wp-content\/uploads\/2026\/01\/ulua-operara-servicio-publico.jpeg?resize=640%2C366&#038;ssl=1\" alt=\"\" class=\"wp-image-118950\" data-recalc-dims=\"1\"\/><\/figure>\n\n\n\n<p><strong>Xalapa, Ver., viernes 30 de enero de 2026.-<\/strong> La gobernadora Roc\u00edo Nahle Garc\u00eda inform\u00f3 que, ante la suspensi\u00f3n parcial del servicio de transporte p\u00fablico en la zona conurbada Veracruz\u2013Boca del R\u00edo, implement\u00f3 medidas responsables y firmes para garantizar el derecho a la movilidad, priorizando en todo momento el inter\u00e9s de las y los usuarios.<\/p>\n\n\n\n<p>Reiter\u00f3 que no existe autorizaci\u00f3n para incremento alguno en la tarifa del transporte p\u00fablico concesionado, por lo que el servicio regular mantiene su costo de 9 pesos en Veracruz &#8211; Boca del R\u00edo conforme a lo establecido. Solo en Xalapa lo autorizado es de 12 pesos.<\/p>\n\n\n\n<p>Precis\u00f3 que el servicio Ul\u00faa, integrado por unidades nuevas adquiridas con recursos p\u00fablicos y con mejores condiciones de operaci\u00f3n, mantiene una tarifa de 15 pesos, la cual entrar\u00e1 en vigor una vez que el servicio se normalice.<\/p>\n\n\n\n<p>De manera emergente y temporal, mientras persista el paro de algunos concesionarios, los camiones Ul\u00faa operan de forma gratuita, a fin de evitar afectaciones a la poblaci\u00f3n y asegurar la continuidad del traslado hacia centros de trabajo, estudio y actividades cotidianas.<\/p>\n\n\n\n<p>En este contexto, el Gobierno del Estado determin\u00f3 que los camiones Ul\u00faa operen directamente como servicio p\u00fablico estatal, de forma paralela y complementaria al que brindan los concesionarios que decidan continuar prestando el servicio.<\/p>\n\n\n\n<p>La medida se adopta con respeto a los prestadores del transporte y privilegiando el di\u00e1logo; no obstante, se act\u00faa con la convicci\u00f3n de que la ciudadan\u00eda no puede ser afectada por decisiones unilaterales que interrumpan un servicio esencial.<\/p>\n\n\n\n<p>La titular del Ejecutivo subray\u00f3 que toda concesi\u00f3n conlleva una responsabilidad social, ya que el transporte p\u00fablico es un servicio indispensable y las rutas y vialidades son bienes p\u00fablicos cuya operaci\u00f3n debe responder al inter\u00e9s general.<\/p>\n\n\n\n<p>Como parte de esta estrategia, el Gobierno del Estado abri\u00f3 una convocatoria p\u00fablica para la contrataci\u00f3n de conductores, dirigida a mujeres y hombres, adem\u00e1s de capacitaci\u00f3n y condiciones laborales dignas que garanticen un trato respetuoso hacia las y los usuarios.<\/p>\n\n\n\n<p>La Gobernadora se\u00f1al\u00f3 que esta administraci\u00f3n act\u00faa con mesura y firmeza, asumiendo plenamente la responsabilidad del Estado para garantizar servicios p\u00fablicos eficientes, modernos y seguros.<\/p>\n\n\n\n<p>\u201cEl respeto es de ida y vuelta. Respetamos a los concesionarios, pero nuestra obligaci\u00f3n principal es con la gente. El Estado debe asumir su papel y garantizar la movilidad de las y los veracruzanos\u201d, expres\u00f3.<\/p>\n","protected":false},"excerpt":{"rendered":"<p>Xalapa, Ver., viernes 30 de enero de 2026.- La gobernadora Roc\u00edo Nahle Garc\u00eda inform\u00f3 que, ante la suspensi\u00f3n parcial del servicio de transporte p\u00fablico en la zona conurbada Veracruz\u2013Boca del R\u00edo, implement\u00f3 medidas responsables y firmes para garantizar el derecho a la movilidad, priorizando en todo momento el inter\u00e9s de las y los usuarios. Reiter\u00f3 que no existe autorizaci\u00f3n para incremento alguno en la tarifa del transporte p\u00fablico concesionado, por lo que el servicio regular mantiene su costo de 9 pesos en Veracruz &#8211; Boca del R\u00edo conforme a lo&hellip;<\/p>\n","protected":false},"author":1,"featured_media":118950,"comment_status":"open","ping_status":"closed","sticky":false,"template":"","format":"standard","meta":{"footnotes":""},"categories":[3,10647],"tags":[],"class_list":["post-118949","post","type-post","status-publish","format-standard","has-post-thumbnail","hentry","category-destacadas","category-zona-centro"],"jetpack-related-posts":[],"_links":{"self":[{"href":"https:\/\/www.noticiasperfil.com\/index\/wp-json\/wp\/v2\/posts\/118949","targetHints":{"allow":["GET"]}}],"collection":[{"href":"https:\/\/www.noticiasperfil.com\/index\/wp-json\/wp\/v2\/posts"}],"about":[{"href":"https:\/\/www.noticiasperfil.com\/index\/wp-json\/wp\/v2\/types\/post"}],"author":[{"embeddable":true,"href":"https:\/\/www.noticiasperfil.com\/index\/wp-json\/wp\/v2\/users\/1"}],"replies":[{"embeddable":true,"href":"https:\/\/www.noticiasperfil.com\/index\/wp-json\/wp\/v2\/comments?post=118949"}],"version-history":[{"count":1,"href":"https:\/\/www.noticiasperfil.com\/index\/wp-json\/wp\/v2\/posts\/118949\/revisions"}],"predecessor-version":[{"id":118951,"href":"https:\/\/www.noticiasperfil.com\/index\/wp-json\/wp\/v2\/posts\/118949\/revisions\/118951"}],"wp:featuredmedia":[{"embeddable":true,"href":"https:\/\/www.noticiasperfil.com\/index\/wp-json\/wp\/v2\/media\/118950"}],"wp:attachment":[{"href":"https:\/\/www.noticiasperfil.com\/index\/wp-json\/wp\/v2\/media?parent=118949"}],"wp:term":[{"taxonomy":"category","embeddable":true,"href":"https:\/\/www.noticiasperfil.com\/index\/wp-json\/wp\/v2\/categories?post=118949"},{"taxonomy":"post_tag","embeddable":true,"href":"https:\/\/www.noticiasperfil.com\/index\/wp-json\/wp\/v2\/tags?post=118949"}],"curies":[{"name":"wp","href":"https:\/\/api.w.org\/{rel}","templated":true}]}}