{"id":118962,"date":"2026-01-31T12:11:20","date_gmt":"2026-01-31T18:11:20","guid":{"rendered":"https:\/\/www.noticiasperfil.com\/index\/?p=118962"},"modified":"2026-02-06T21:18:11","modified_gmt":"2026-02-07T03:18:11","slug":"veracruz-entre-los-cuatro-estados-con-mayor-crecimiento-economico-del-pais","status":"publish","type":"post","link":"https:\/\/www.noticiasperfil.com\/index\/2026\/01\/31\/veracruz-entre-los-cuatro-estados-con-mayor-crecimiento-economico-del-pais\/","title":{"rendered":"Veracruz, entre los cuatro estados con mayor crecimiento econ\u00f3mico del pa\u00eds"},"content":{"rendered":"\n<figure class=\"wp-block-image alignwide size-large\"><img loading=\"lazy\" decoding=\"async\" width=\"640\" height=\"366\" data-attachment-id=\"118963\" data-permalink=\"https:\/\/www.noticiasperfil.com\/index\/2026\/01\/31\/veracruz-entre-los-cuatro-estados-con-mayor-crecimiento-economico-del-pais\/sedecop\/\" data-orig-file=\"https:\/\/i2.wp.com\/www.noticiasperfil.com\/index\/wp-content\/uploads\/2026\/02\/sedecop.jpg?fit=1920%2C1080&amp;ssl=1\" data-orig-size=\"1920,1080\" data-comments-opened=\"1\" data-image-meta=\"{&quot;aperture&quot;:&quot;0&quot;,&quot;credit&quot;:&quot;&quot;,&quot;camera&quot;:&quot;&quot;,&quot;caption&quot;:&quot;&quot;,&quot;created_timestamp&quot;:&quot;1770055321&quot;,&quot;copyright&quot;:&quot;&quot;,&quot;focal_length&quot;:&quot;0&quot;,&quot;iso&quot;:&quot;0&quot;,&quot;shutter_speed&quot;:&quot;0&quot;,&quot;title&quot;:&quot;&quot;,&quot;orientation&quot;:&quot;0&quot;}\" data-image-title=\"sedecop\" data-image-description=\"\" data-medium-file=\"https:\/\/i2.wp.com\/www.noticiasperfil.com\/index\/wp-content\/uploads\/2026\/02\/sedecop.jpg?fit=660%2C365&amp;ssl=1\" data-large-file=\"https:\/\/i2.wp.com\/www.noticiasperfil.com\/index\/wp-content\/uploads\/2026\/02\/sedecop.jpg?fit=640%2C366&amp;ssl=1\" src=\"https:\/\/i2.wp.com\/www.noticiasperfil.com\/index\/wp-content\/uploads\/2026\/02\/sedecop.jpg?resize=640%2C366&#038;ssl=1\" alt=\"\" class=\"wp-image-118963\" srcset=\"https:\/\/i2.wp.com\/www.noticiasperfil.com\/index\/wp-content\/uploads\/2026\/02\/sedecop.jpg?resize=840%2C480&amp;ssl=1 840w, https:\/\/i2.wp.com\/www.noticiasperfil.com\/index\/wp-content\/uploads\/2026\/02\/sedecop.jpg?zoom=2&amp;resize=840%2C480&amp;ssl=1 1680w\" sizes=\"auto, (max-width: 640px) 100vw, 640px\" data-recalc-dims=\"1\" \/><\/figure>\n\n\n\n<p> <strong>Xalapa, Ver.- <\/strong>La Secretar\u00eda de Desarrollo Econ\u00f3mico y Portuario (SEDECOP) inform\u00f3 que Veracruz se ubic\u00f3 en el cuarto lugar nacional en crecimiento econ\u00f3mico trimestral, al registrar un avance de 1.4 por ciento durante el tercer trimestre de 2025, de acuerdo con el Indicador Trimestral de la Actividad Econ\u00f3mica Estatal (ITAEE) del Instituto Nacional de Estad\u00edstica y Geograf\u00eda (INEGI).<\/p>\n\n\n\n<p>Este crecimiento se reflej\u00f3 principalmente en el sector industrial, cuyas actividades aumentaron 4 por ciento, lo que se traduce en mayor actividad productiva, mayor movimiento comercial y mejores oportunidades de empleo para las familias veracruzanas.<\/p>\n\n\n\n<p>En un contexto nacional complicado, donde varias entidades enfrentaron retrocesos econ\u00f3micos, Veracruz logr\u00f3 mantener una tendencia positiva, lo que fortalece la estabilidad local y brinda mayor certidumbre a quienes dependen del trabajo industrial, el comercio y los servicios.<\/p>\n\n\n\n<p>La gobernadora Roc\u00edo Nahle Garc\u00eda ha marcado la directriz para impulsar la producci\u00f3n, facilitar la inversi\u00f3n y apoyar a los sectores que generan empleo, con acciones que buscan que el crecimiento se sienta en los hogares y en las econom\u00edas locales.<\/p>\n\n\n\n<p>Si bien a\u00fan existen retos derivados del entorno econ\u00f3mico nacional e internacional, el crecimiento trimestral confirma que Veracruz avanza por una ruta de recuperaci\u00f3n gradual, con efectos directos en el ingreso, el empleo y el bienestar de la poblaci\u00f3n.<\/p>\n\n\n\n<p><\/p>\n","protected":false},"excerpt":{"rendered":"<p>Xalapa, Ver.- La Secretar\u00eda de Desarrollo Econ\u00f3mico y Portuario (SEDECOP) inform\u00f3 que Veracruz se ubic\u00f3 en el cuarto lugar nacional en crecimiento econ\u00f3mico trimestral, al registrar un avance de 1.4 por ciento durante el tercer trimestre de 2025, de acuerdo con el Indicador Trimestral de la Actividad Econ\u00f3mica Estatal (ITAEE) del Instituto Nacional de Estad\u00edstica y Geograf\u00eda (INEGI). Este crecimiento se reflej\u00f3 principalmente en el sector industrial, cuyas actividades aumentaron 4 por ciento, lo que se traduce en mayor actividad productiva, mayor movimiento comercial y mejores oportunidades de empleo para&hellip;<\/p>\n","protected":false},"author":1,"featured_media":118963,"comment_status":"open","ping_status":"closed","sticky":false,"template":"","format":"standard","meta":{"footnotes":""},"categories":[3,10647],"tags":[],"class_list":["post-118962","post","type-post","status-publish","format-standard","has-post-thumbnail","hentry","category-destacadas","category-zona-centro"],"jetpack-related-posts":[],"_links":{"self":[{"href":"https:\/\/www.noticiasperfil.com\/index\/wp-json\/wp\/v2\/posts\/118962","targetHints":{"allow":["GET"]}}],"collection":[{"href":"https:\/\/www.noticiasperfil.com\/index\/wp-json\/wp\/v2\/posts"}],"about":[{"href":"https:\/\/www.noticiasperfil.com\/index\/wp-json\/wp\/v2\/types\/post"}],"author":[{"embeddable":true,"href":"https:\/\/www.noticiasperfil.com\/index\/wp-json\/wp\/v2\/users\/1"}],"replies":[{"embeddable":true,"href":"https:\/\/www.noticiasperfil.com\/index\/wp-json\/wp\/v2\/comments?post=118962"}],"version-history":[{"count":1,"href":"https:\/\/www.noticiasperfil.com\/index\/wp-json\/wp\/v2\/posts\/118962\/revisions"}],"predecessor-version":[{"id":118964,"href":"https:\/\/www.noticiasperfil.com\/index\/wp-json\/wp\/v2\/posts\/118962\/revisions\/118964"}],"wp:featuredmedia":[{"embeddable":true,"href":"https:\/\/www.noticiasperfil.com\/index\/wp-json\/wp\/v2\/media\/118963"}],"wp:attachment":[{"href":"https:\/\/www.noticiasperfil.com\/index\/wp-json\/wp\/v2\/media?parent=118962"}],"wp:term":[{"taxonomy":"category","embeddable":true,"href":"https:\/\/www.noticiasperfil.com\/index\/wp-json\/wp\/v2\/categories?post=118962"},{"taxonomy":"post_tag","embeddable":true,"href":"https:\/\/www.noticiasperfil.com\/index\/wp-json\/wp\/v2\/tags?post=118962"}],"curies":[{"name":"wp","href":"https:\/\/api.w.org\/{rel}","templated":true}]}}