{"id":118972,"date":"2026-01-31T12:27:24","date_gmt":"2026-01-31T18:27:24","guid":{"rendered":"https:\/\/www.noticiasperfil.com\/index\/?p=118972"},"modified":"2026-02-02T12:32:53","modified_gmt":"2026-02-02T18:32:53","slug":"mas-de-230-elementos-resguardaran-las-fiestas-de-la-candelaria-ssp","status":"publish","type":"post","link":"https:\/\/www.noticiasperfil.com\/index\/2026\/01\/31\/mas-de-230-elementos-resguardaran-las-fiestas-de-la-candelaria-ssp\/","title":{"rendered":"M\u00e1s de 230 elementos resguardar\u00e1n las Fiestas de la Candelaria: SSP"},"content":{"rendered":"\n<figure class=\"wp-block-gallery has-nested-images columns-default is-cropped wp-block-gallery-1 is-layout-flex wp-block-gallery-is-layout-flex\">\n<figure class=\"wp-block-image size-large\"><img loading=\"lazy\" decoding=\"async\" width=\"1156\" height=\"867\" data-attachment-id=\"118976\" data-permalink=\"https:\/\/www.noticiasperfil.com\/index\/2026\/01\/31\/mas-de-230-elementos-resguardaran-las-fiestas-de-la-candelaria-ssp\/resguardaran-fiestas-candelaria2\/\" data-orig-file=\"https:\/\/i0.wp.com\/www.noticiasperfil.com\/index\/wp-content\/uploads\/2026\/02\/resguardaran-fiestas-candelaria2.jpeg?fit=1156%2C867&amp;ssl=1\" data-orig-size=\"1156,867\" data-comments-opened=\"1\" data-image-meta=\"{&quot;aperture&quot;:&quot;0&quot;,&quot;credit&quot;:&quot;&quot;,&quot;camera&quot;:&quot;&quot;,&quot;caption&quot;:&quot;&quot;,&quot;created_timestamp&quot;:&quot;0&quot;,&quot;copyright&quot;:&quot;&quot;,&quot;focal_length&quot;:&quot;0&quot;,&quot;iso&quot;:&quot;0&quot;,&quot;shutter_speed&quot;:&quot;0&quot;,&quot;title&quot;:&quot;&quot;,&quot;orientation&quot;:&quot;0&quot;}\" data-image-title=\"resguardaran-fiestas-candelaria2\" data-image-description=\"\" data-medium-file=\"https:\/\/i0.wp.com\/www.noticiasperfil.com\/index\/wp-content\/uploads\/2026\/02\/resguardaran-fiestas-candelaria2.jpeg?fit=660%2C365&amp;ssl=1\" data-large-file=\"https:\/\/i0.wp.com\/www.noticiasperfil.com\/index\/wp-content\/uploads\/2026\/02\/resguardaran-fiestas-candelaria2.jpeg?fit=640%2C366&amp;ssl=1\" data-id=\"118976\" src=\"https:\/\/i0.wp.com\/www.noticiasperfil.com\/index\/wp-content\/uploads\/2026\/02\/resguardaran-fiestas-candelaria2.jpeg?fit=640%2C366&amp;ssl=1\" alt=\"\" class=\"wp-image-118976\"\/><\/figure>\n\n\n\n<figure class=\"wp-block-image size-large\"><img loading=\"lazy\" decoding=\"async\" width=\"1156\" height=\"867\" data-attachment-id=\"118975\" data-permalink=\"https:\/\/www.noticiasperfil.com\/index\/2026\/01\/31\/mas-de-230-elementos-resguardaran-las-fiestas-de-la-candelaria-ssp\/resguardaran-fiestas-candelaria3\/\" data-orig-file=\"https:\/\/i1.wp.com\/www.noticiasperfil.com\/index\/wp-content\/uploads\/2026\/02\/resguardaran-fiestas-candelaria3.jpeg?fit=1156%2C867&amp;ssl=1\" data-orig-size=\"1156,867\" data-comments-opened=\"1\" data-image-meta=\"{&quot;aperture&quot;:&quot;0&quot;,&quot;credit&quot;:&quot;&quot;,&quot;camera&quot;:&quot;&quot;,&quot;caption&quot;:&quot;&quot;,&quot;created_timestamp&quot;:&quot;0&quot;,&quot;copyright&quot;:&quot;&quot;,&quot;focal_length&quot;:&quot;0&quot;,&quot;iso&quot;:&quot;0&quot;,&quot;shutter_speed&quot;:&quot;0&quot;,&quot;title&quot;:&quot;&quot;,&quot;orientation&quot;:&quot;0&quot;}\" data-image-title=\"resguardaran-fiestas-candelaria3\" data-image-description=\"\" data-medium-file=\"https:\/\/i1.wp.com\/www.noticiasperfil.com\/index\/wp-content\/uploads\/2026\/02\/resguardaran-fiestas-candelaria3.jpeg?fit=660%2C365&amp;ssl=1\" data-large-file=\"https:\/\/i1.wp.com\/www.noticiasperfil.com\/index\/wp-content\/uploads\/2026\/02\/resguardaran-fiestas-candelaria3.jpeg?fit=640%2C366&amp;ssl=1\" data-id=\"118975\" src=\"https:\/\/i1.wp.com\/www.noticiasperfil.com\/index\/wp-content\/uploads\/2026\/02\/resguardaran-fiestas-candelaria3.jpeg?fit=640%2C366&amp;ssl=1\" alt=\"\" class=\"wp-image-118975\"\/><\/figure>\n\n\n\n<figure class=\"wp-block-image size-large\"><img loading=\"lazy\" decoding=\"async\" width=\"1280\" height=\"960\" data-attachment-id=\"118974\" data-permalink=\"https:\/\/www.noticiasperfil.com\/index\/2026\/01\/31\/mas-de-230-elementos-resguardaran-las-fiestas-de-la-candelaria-ssp\/resguardaran-fiestas-candelaria4\/\" data-orig-file=\"https:\/\/i0.wp.com\/www.noticiasperfil.com\/index\/wp-content\/uploads\/2026\/02\/resguardaran-fiestas-candelaria4.jpeg?fit=1280%2C960&amp;ssl=1\" data-orig-size=\"1280,960\" data-comments-opened=\"1\" data-image-meta=\"{&quot;aperture&quot;:&quot;0&quot;,&quot;credit&quot;:&quot;&quot;,&quot;camera&quot;:&quot;&quot;,&quot;caption&quot;:&quot;&quot;,&quot;created_timestamp&quot;:&quot;0&quot;,&quot;copyright&quot;:&quot;&quot;,&quot;focal_length&quot;:&quot;0&quot;,&quot;iso&quot;:&quot;0&quot;,&quot;shutter_speed&quot;:&quot;0&quot;,&quot;title&quot;:&quot;&quot;,&quot;orientation&quot;:&quot;0&quot;}\" data-image-title=\"resguardaran-fiestas-candelaria4\" data-image-description=\"\" data-medium-file=\"https:\/\/i0.wp.com\/www.noticiasperfil.com\/index\/wp-content\/uploads\/2026\/02\/resguardaran-fiestas-candelaria4.jpeg?fit=660%2C365&amp;ssl=1\" data-large-file=\"https:\/\/i0.wp.com\/www.noticiasperfil.com\/index\/wp-content\/uploads\/2026\/02\/resguardaran-fiestas-candelaria4.jpeg?fit=640%2C366&amp;ssl=1\" data-id=\"118974\" src=\"https:\/\/i0.wp.com\/www.noticiasperfil.com\/index\/wp-content\/uploads\/2026\/02\/resguardaran-fiestas-candelaria4.jpeg?fit=640%2C366&amp;ssl=1\" alt=\"\" class=\"wp-image-118974\"\/><\/figure>\n\n\n\n<figure class=\"wp-block-image size-large\"><img loading=\"lazy\" decoding=\"async\" width=\"1600\" height=\"1204\" data-attachment-id=\"118973\" data-permalink=\"https:\/\/www.noticiasperfil.com\/index\/2026\/01\/31\/mas-de-230-elementos-resguardaran-las-fiestas-de-la-candelaria-ssp\/resguardaran-fiestas-candelaria1\/\" data-orig-file=\"https:\/\/i2.wp.com\/www.noticiasperfil.com\/index\/wp-content\/uploads\/2026\/02\/resguardaran-fiestas-candelaria1.jpeg?fit=1600%2C1204&amp;ssl=1\" data-orig-size=\"1600,1204\" data-comments-opened=\"1\" data-image-meta=\"{&quot;aperture&quot;:&quot;0&quot;,&quot;credit&quot;:&quot;&quot;,&quot;camera&quot;:&quot;&quot;,&quot;caption&quot;:&quot;&quot;,&quot;created_timestamp&quot;:&quot;0&quot;,&quot;copyright&quot;:&quot;&quot;,&quot;focal_length&quot;:&quot;0&quot;,&quot;iso&quot;:&quot;0&quot;,&quot;shutter_speed&quot;:&quot;0&quot;,&quot;title&quot;:&quot;&quot;,&quot;orientation&quot;:&quot;0&quot;}\" data-image-title=\"resguardaran-fiestas-candelaria1\" data-image-description=\"\" data-medium-file=\"https:\/\/i2.wp.com\/www.noticiasperfil.com\/index\/wp-content\/uploads\/2026\/02\/resguardaran-fiestas-candelaria1.jpeg?fit=660%2C365&amp;ssl=1\" data-large-file=\"https:\/\/i2.wp.com\/www.noticiasperfil.com\/index\/wp-content\/uploads\/2026\/02\/resguardaran-fiestas-candelaria1.jpeg?fit=640%2C366&amp;ssl=1\" data-id=\"118973\" src=\"https:\/\/i2.wp.com\/www.noticiasperfil.com\/index\/wp-content\/uploads\/2026\/02\/resguardaran-fiestas-candelaria1.jpeg?fit=640%2C366&amp;ssl=1\" alt=\"\" class=\"wp-image-118973\" srcset=\"https:\/\/i2.wp.com\/www.noticiasperfil.com\/index\/wp-content\/uploads\/2026\/02\/resguardaran-fiestas-candelaria1.jpeg?w=1600&amp;ssl=1 1600w, https:\/\/i2.wp.com\/www.noticiasperfil.com\/index\/wp-content\/uploads\/2026\/02\/resguardaran-fiestas-candelaria1.jpeg?resize=1536%2C1156&amp;ssl=1 1536w, https:\/\/i2.wp.com\/www.noticiasperfil.com\/index\/wp-content\/uploads\/2026\/02\/resguardaran-fiestas-candelaria1.jpeg?w=1280&amp;ssl=1 1280w\" sizes=\"auto, (max-width: 640px) 100vw, 640px\" \/><\/figure>\n<\/figure>\n\n\n\n<p><strong>Tlacotalpan, Ver.- <\/strong>Para preservar el orden p\u00fablico y proteger la integridad de la poblaci\u00f3n local, as\u00ed como de visitantes y turistas durante las Fiestas de la Candelaria, la Secretar\u00eda de Seguridad P\u00fablica, en coordinaci\u00f3n con autoridades federales y municipales, implementar\u00e1 un Dispositivo Integral de Seguridad.<\/p>\n\n\n\n<p>Para el desarrollo de las actividades previas y de la celebraci\u00f3n principal del 02 de febrero, se desplegar\u00e1n 230 elementos operativos de la Polic\u00eda Estatal y de la Direcci\u00f3n General de Tr\u00e1nsito y Seguridad Vial, quienes mantendr\u00e1n presencia permanente en los principales puntos de afluencia.<\/p>\n\n\n\n<p>El operativo tiene como finalidad prevenir la comisi\u00f3n de delitos, fortalecer las acciones de vigilancia, proximidad social y atenci\u00f3n a emergencias, as\u00ed como garantizar la seguridad vial, a fin de que las actividades culturales, religiosas y recreativas propias de esta festividad se lleven a cabo en un entorno seguro y ordenado.<\/p>\n\n\n\n<p>Como parte de las acciones, se desplegar\u00e1n patrullas, motocicletas, ambulancias, bicicletas, equinos, binomios caninos, embarcaciones menores y acuamotos, adem\u00e1s de drones y un helic\u00f3ptero, lo que permitir\u00e1 una cobertura terrestre, fluvial y a\u00e9rea.<\/p>\n\n\n\n<p>El dispositivo ser\u00e1 reforzado por personal de la Polic\u00eda Estatal de Caminos, la Polic\u00eda Tur\u00edstica y C\u00edvica, y de las Unidades Canina, Montada, Fluvial y Lacustre; por las secretar\u00edas de Marina y de la Defensa Nacional, as\u00ed como la Guardia Nacional, quienes de manera complementaria mantendr\u00e1n vigilancia continua en los foros culturales y espacios art\u00edsticos.<\/p>\n\n\n\n<p>El Gobierno de Veracruz exhorta a la ciudadan\u00eda y a los visitantes a respetar las indicaciones del personal de seguridad y tr\u00e1nsito, as\u00ed como a reportar cualquier situaci\u00f3n de riesgo a la l\u00ednea de emergencias 911.<\/p>\n","protected":false},"excerpt":{"rendered":"<p>Tlacotalpan, Ver.- Para preservar el orden p\u00fablico y proteger la integridad de la poblaci\u00f3n local, as\u00ed como de visitantes y turistas durante las Fiestas de la Candelaria, la Secretar\u00eda de Seguridad P\u00fablica, en coordinaci\u00f3n con autoridades federales y municipales, implementar\u00e1 un Dispositivo Integral de Seguridad. Para el desarrollo de las actividades previas y de la celebraci\u00f3n principal del 02 de febrero, se desplegar\u00e1n 230 elementos operativos de la Polic\u00eda Estatal y de la Direcci\u00f3n General de Tr\u00e1nsito y Seguridad Vial, quienes mantendr\u00e1n presencia permanente en los principales puntos de afluencia.&hellip;<\/p>\n","protected":false},"author":1,"featured_media":118975,"comment_status":"open","ping_status":"closed","sticky":false,"template":"","format":"standard","meta":{"footnotes":""},"categories":[3,13],"tags":[],"class_list":["post-118972","post","type-post","status-publish","format-standard","has-post-thumbnail","hentry","category-destacadas","category-seguridad"],"jetpack-related-posts":[],"_links":{"self":[{"href":"https:\/\/www.noticiasperfil.com\/index\/wp-json\/wp\/v2\/posts\/118972","targetHints":{"allow":["GET"]}}],"collection":[{"href":"https:\/\/www.noticiasperfil.com\/index\/wp-json\/wp\/v2\/posts"}],"about":[{"href":"https:\/\/www.noticiasperfil.com\/index\/wp-json\/wp\/v2\/types\/post"}],"author":[{"embeddable":true,"href":"https:\/\/www.noticiasperfil.com\/index\/wp-json\/wp\/v2\/users\/1"}],"replies":[{"embeddable":true,"href":"https:\/\/www.noticiasperfil.com\/index\/wp-json\/wp\/v2\/comments?post=118972"}],"version-history":[{"count":1,"href":"https:\/\/www.noticiasperfil.com\/index\/wp-json\/wp\/v2\/posts\/118972\/revisions"}],"predecessor-version":[{"id":118977,"href":"https:\/\/www.noticiasperfil.com\/index\/wp-json\/wp\/v2\/posts\/118972\/revisions\/118977"}],"wp:featuredmedia":[{"embeddable":true,"href":"https:\/\/www.noticiasperfil.com\/index\/wp-json\/wp\/v2\/media\/118975"}],"wp:attachment":[{"href":"https:\/\/www.noticiasperfil.com\/index\/wp-json\/wp\/v2\/media?parent=118972"}],"wp:term":[{"taxonomy":"category","embeddable":true,"href":"https:\/\/www.noticiasperfil.com\/index\/wp-json\/wp\/v2\/categories?post=118972"},{"taxonomy":"post_tag","embeddable":true,"href":"https:\/\/www.noticiasperfil.com\/index\/wp-json\/wp\/v2\/tags?post=118972"}],"curies":[{"name":"wp","href":"https:\/\/api.w.org\/{rel}","templated":true}]}}