{"id":118994,"date":"2026-01-17T12:52:58","date_gmt":"2026-01-17T18:52:58","guid":{"rendered":"https:\/\/www.noticiasperfil.com\/index\/?p=118994"},"modified":"2026-02-02T12:55:33","modified_gmt":"2026-02-02T18:55:33","slug":"entrega-sev-118-ordenes-de-presentacion-a-docentes-de-educacion-basica","status":"publish","type":"post","link":"https:\/\/www.noticiasperfil.com\/index\/2026\/01\/17\/entrega-sev-118-ordenes-de-presentacion-a-docentes-de-educacion-basica\/","title":{"rendered":"Entrega SEV 118 \u00f3rdenes de presentaci\u00f3n a docentes de educaci\u00f3n b\u00e1sica"},"content":{"rendered":"\n<figure class=\"wp-block-gallery has-nested-images columns-default is-cropped wp-block-gallery-1 is-layout-flex wp-block-gallery-is-layout-flex\">\n<figure class=\"wp-block-image size-large\"><img loading=\"lazy\" decoding=\"async\" width=\"1280\" height=\"853\" data-attachment-id=\"118998\" data-permalink=\"https:\/\/www.noticiasperfil.com\/index\/2026\/01\/17\/entrega-sev-118-ordenes-de-presentacion-a-docentes-de-educacion-basica\/sev-ordenes-presentacion-docentes4\/\" data-orig-file=\"https:\/\/i2.wp.com\/www.noticiasperfil.com\/index\/wp-content\/uploads\/2026\/02\/sev-ordenes-presentacion-docentes4.jpeg?fit=1280%2C853&amp;ssl=1\" data-orig-size=\"1280,853\" data-comments-opened=\"1\" data-image-meta=\"{&quot;aperture&quot;:&quot;0&quot;,&quot;credit&quot;:&quot;&quot;,&quot;camera&quot;:&quot;&quot;,&quot;caption&quot;:&quot;&quot;,&quot;created_timestamp&quot;:&quot;0&quot;,&quot;copyright&quot;:&quot;&quot;,&quot;focal_length&quot;:&quot;0&quot;,&quot;iso&quot;:&quot;0&quot;,&quot;shutter_speed&quot;:&quot;0&quot;,&quot;title&quot;:&quot;&quot;,&quot;orientation&quot;:&quot;0&quot;}\" data-image-title=\"sev-ordenes-presentacion-docentes4\" data-image-description=\"\" data-medium-file=\"https:\/\/i2.wp.com\/www.noticiasperfil.com\/index\/wp-content\/uploads\/2026\/02\/sev-ordenes-presentacion-docentes4.jpeg?fit=660%2C365&amp;ssl=1\" data-large-file=\"https:\/\/i2.wp.com\/www.noticiasperfil.com\/index\/wp-content\/uploads\/2026\/02\/sev-ordenes-presentacion-docentes4.jpeg?fit=640%2C366&amp;ssl=1\" data-id=\"118998\" src=\"https:\/\/i2.wp.com\/www.noticiasperfil.com\/index\/wp-content\/uploads\/2026\/02\/sev-ordenes-presentacion-docentes4.jpeg?fit=640%2C366&amp;ssl=1\" alt=\"\" class=\"wp-image-118998\"\/><\/figure>\n\n\n\n<figure class=\"wp-block-image size-large\"><img loading=\"lazy\" decoding=\"async\" width=\"1280\" height=\"853\" data-attachment-id=\"118997\" data-permalink=\"https:\/\/www.noticiasperfil.com\/index\/2026\/01\/17\/entrega-sev-118-ordenes-de-presentacion-a-docentes-de-educacion-basica\/sev-ordenes-presentacion-docentes3\/\" data-orig-file=\"https:\/\/i2.wp.com\/www.noticiasperfil.com\/index\/wp-content\/uploads\/2026\/02\/sev-ordenes-presentacion-docentes3.jpeg?fit=1280%2C853&amp;ssl=1\" data-orig-size=\"1280,853\" data-comments-opened=\"1\" data-image-meta=\"{&quot;aperture&quot;:&quot;0&quot;,&quot;credit&quot;:&quot;&quot;,&quot;camera&quot;:&quot;&quot;,&quot;caption&quot;:&quot;&quot;,&quot;created_timestamp&quot;:&quot;0&quot;,&quot;copyright&quot;:&quot;&quot;,&quot;focal_length&quot;:&quot;0&quot;,&quot;iso&quot;:&quot;0&quot;,&quot;shutter_speed&quot;:&quot;0&quot;,&quot;title&quot;:&quot;&quot;,&quot;orientation&quot;:&quot;0&quot;}\" data-image-title=\"sev-ordenes-presentacion-docentes3\" data-image-description=\"\" data-medium-file=\"https:\/\/i2.wp.com\/www.noticiasperfil.com\/index\/wp-content\/uploads\/2026\/02\/sev-ordenes-presentacion-docentes3.jpeg?fit=660%2C365&amp;ssl=1\" data-large-file=\"https:\/\/i2.wp.com\/www.noticiasperfil.com\/index\/wp-content\/uploads\/2026\/02\/sev-ordenes-presentacion-docentes3.jpeg?fit=640%2C366&amp;ssl=1\" data-id=\"118997\" src=\"https:\/\/i2.wp.com\/www.noticiasperfil.com\/index\/wp-content\/uploads\/2026\/02\/sev-ordenes-presentacion-docentes3.jpeg?fit=640%2C366&amp;ssl=1\" alt=\"\" class=\"wp-image-118997\"\/><\/figure>\n\n\n\n<figure class=\"wp-block-image size-large\"><img loading=\"lazy\" decoding=\"async\" width=\"1280\" height=\"853\" data-attachment-id=\"118996\" data-permalink=\"https:\/\/www.noticiasperfil.com\/index\/2026\/01\/17\/entrega-sev-118-ordenes-de-presentacion-a-docentes-de-educacion-basica\/sev-ordenes-presentacion-docentes2\/\" data-orig-file=\"https:\/\/i1.wp.com\/www.noticiasperfil.com\/index\/wp-content\/uploads\/2026\/02\/sev-ordenes-presentacion-docentes2.jpeg?fit=1280%2C853&amp;ssl=1\" data-orig-size=\"1280,853\" data-comments-opened=\"1\" data-image-meta=\"{&quot;aperture&quot;:&quot;0&quot;,&quot;credit&quot;:&quot;&quot;,&quot;camera&quot;:&quot;&quot;,&quot;caption&quot;:&quot;&quot;,&quot;created_timestamp&quot;:&quot;0&quot;,&quot;copyright&quot;:&quot;&quot;,&quot;focal_length&quot;:&quot;0&quot;,&quot;iso&quot;:&quot;0&quot;,&quot;shutter_speed&quot;:&quot;0&quot;,&quot;title&quot;:&quot;&quot;,&quot;orientation&quot;:&quot;0&quot;}\" data-image-title=\"sev-ordenes-presentacion-docentes2\" data-image-description=\"\" data-medium-file=\"https:\/\/i1.wp.com\/www.noticiasperfil.com\/index\/wp-content\/uploads\/2026\/02\/sev-ordenes-presentacion-docentes2.jpeg?fit=660%2C365&amp;ssl=1\" data-large-file=\"https:\/\/i1.wp.com\/www.noticiasperfil.com\/index\/wp-content\/uploads\/2026\/02\/sev-ordenes-presentacion-docentes2.jpeg?fit=640%2C366&amp;ssl=1\" data-id=\"118996\" src=\"https:\/\/i1.wp.com\/www.noticiasperfil.com\/index\/wp-content\/uploads\/2026\/02\/sev-ordenes-presentacion-docentes2.jpeg?fit=640%2C366&amp;ssl=1\" alt=\"\" class=\"wp-image-118996\"\/><\/figure>\n\n\n\n<figure class=\"wp-block-image size-large\"><img loading=\"lazy\" decoding=\"async\" width=\"1280\" height=\"853\" data-attachment-id=\"118995\" data-permalink=\"https:\/\/www.noticiasperfil.com\/index\/2026\/01\/17\/entrega-sev-118-ordenes-de-presentacion-a-docentes-de-educacion-basica\/sev-ordenes-presentacion-docentes1\/\" data-orig-file=\"https:\/\/i2.wp.com\/www.noticiasperfil.com\/index\/wp-content\/uploads\/2026\/02\/sev-ordenes-presentacion-docentes1.jpeg?fit=1280%2C853&amp;ssl=1\" data-orig-size=\"1280,853\" data-comments-opened=\"1\" data-image-meta=\"{&quot;aperture&quot;:&quot;0&quot;,&quot;credit&quot;:&quot;&quot;,&quot;camera&quot;:&quot;&quot;,&quot;caption&quot;:&quot;&quot;,&quot;created_timestamp&quot;:&quot;0&quot;,&quot;copyright&quot;:&quot;&quot;,&quot;focal_length&quot;:&quot;0&quot;,&quot;iso&quot;:&quot;0&quot;,&quot;shutter_speed&quot;:&quot;0&quot;,&quot;title&quot;:&quot;&quot;,&quot;orientation&quot;:&quot;0&quot;}\" data-image-title=\"sev-ordenes-presentacion-docentes1\" data-image-description=\"\" data-medium-file=\"https:\/\/i2.wp.com\/www.noticiasperfil.com\/index\/wp-content\/uploads\/2026\/02\/sev-ordenes-presentacion-docentes1.jpeg?fit=660%2C365&amp;ssl=1\" data-large-file=\"https:\/\/i2.wp.com\/www.noticiasperfil.com\/index\/wp-content\/uploads\/2026\/02\/sev-ordenes-presentacion-docentes1.jpeg?fit=640%2C366&amp;ssl=1\" data-id=\"118995\" src=\"https:\/\/i2.wp.com\/www.noticiasperfil.com\/index\/wp-content\/uploads\/2026\/02\/sev-ordenes-presentacion-docentes1.jpeg?fit=640%2C366&amp;ssl=1\" alt=\"\" class=\"wp-image-118995\"\/><\/figure>\n<\/figure>\n\n\n\n<p><strong>Emiliano Zapata, Ver., s\u00e1bado 17 de enero de 2026<\/strong>.- En apego a la normatividad vigente, la Secretar\u00eda de Educaci\u00f3n de Veracruz (SEV) entreg\u00f3 118 \u00f3rdenes de presentaci\u00f3n a docentes de educaci\u00f3n b\u00e1sica, de las cuales 107 son definitivas y 11 temporales, correspondientes al ciclo escolar 2025-2026.<\/p>\n\n\n\n<p>El proceso se realiz\u00f3 mediante la Unidad del Sistema para la Carrera de las Maestras y los Maestros (USICAMM), con la participaci\u00f3n de la Oficial\u00eda Mayor y la Direcci\u00f3n de Recursos Humanos.<\/p>\n\n\n\n<p>La titular de la SEV, Claudia Tello Espinosa, destac\u00f3 la labor docente en los aprendizajes de ni\u00f1as, ni\u00f1os, adolescentes y j\u00f3venes, as\u00ed como la noble tarea que desempe\u00f1an para garantizar el derecho a la educaci\u00f3n.<\/p>\n\n\n\n<p>Ante autoridades municipales, legislativas, sindicales y ejidales, resalt\u00f3 que para la asignaci\u00f3n de plazas, cambios de centro de trabajo y \u00f3rdenes de presentaci\u00f3n \u201cno hay privilegios ni atajos; ahora hay certeza jur\u00eddica y respeto a la dignidad profesional del magisterio\u201d.<\/p>\n\n\n\n<p>Exhort\u00f3 a las maestras y los maestros a cumplir cabalmente con sus jornadas laborales, acercarse a las madres y padres de familia, y mantener un trato respetuoso hacia la ni\u00f1ez y la adolescencia, ya que su bienestar integral es prioridad.<\/p>\n\n\n\n<p><\/p>\n","protected":false},"excerpt":{"rendered":"<p>Emiliano Zapata, Ver., s\u00e1bado 17 de enero de 2026.- En apego a la normatividad vigente, la Secretar\u00eda de Educaci\u00f3n de Veracruz (SEV) entreg\u00f3 118 \u00f3rdenes de presentaci\u00f3n a docentes de educaci\u00f3n b\u00e1sica, de las cuales 107 son definitivas y 11 temporales, correspondientes al ciclo escolar 2025-2026. El proceso se realiz\u00f3 mediante la Unidad del Sistema para la Carrera de las Maestras y los Maestros (USICAMM), con la participaci\u00f3n de la Oficial\u00eda Mayor y la Direcci\u00f3n de Recursos Humanos. La titular de la SEV, Claudia Tello Espinosa, destac\u00f3 la labor docente&hellip;<\/p>\n","protected":false},"author":1,"featured_media":118998,"comment_status":"open","ping_status":"closed","sticky":false,"template":"","format":"standard","meta":{"footnotes":""},"categories":[3,10617],"tags":[],"class_list":["post-118994","post","type-post","status-publish","format-standard","has-post-thumbnail","hentry","category-destacadas","category-sev"],"jetpack-related-posts":[],"_links":{"self":[{"href":"https:\/\/www.noticiasperfil.com\/index\/wp-json\/wp\/v2\/posts\/118994","targetHints":{"allow":["GET"]}}],"collection":[{"href":"https:\/\/www.noticiasperfil.com\/index\/wp-json\/wp\/v2\/posts"}],"about":[{"href":"https:\/\/www.noticiasperfil.com\/index\/wp-json\/wp\/v2\/types\/post"}],"author":[{"embeddable":true,"href":"https:\/\/www.noticiasperfil.com\/index\/wp-json\/wp\/v2\/users\/1"}],"replies":[{"embeddable":true,"href":"https:\/\/www.noticiasperfil.com\/index\/wp-json\/wp\/v2\/comments?post=118994"}],"version-history":[{"count":1,"href":"https:\/\/www.noticiasperfil.com\/index\/wp-json\/wp\/v2\/posts\/118994\/revisions"}],"predecessor-version":[{"id":118999,"href":"https:\/\/www.noticiasperfil.com\/index\/wp-json\/wp\/v2\/posts\/118994\/revisions\/118999"}],"wp:featuredmedia":[{"embeddable":true,"href":"https:\/\/www.noticiasperfil.com\/index\/wp-json\/wp\/v2\/media\/118998"}],"wp:attachment":[{"href":"https:\/\/www.noticiasperfil.com\/index\/wp-json\/wp\/v2\/media?parent=118994"}],"wp:term":[{"taxonomy":"category","embeddable":true,"href":"https:\/\/www.noticiasperfil.com\/index\/wp-json\/wp\/v2\/categories?post=118994"},{"taxonomy":"post_tag","embeddable":true,"href":"https:\/\/www.noticiasperfil.com\/index\/wp-json\/wp\/v2\/tags?post=118994"}],"curies":[{"name":"wp","href":"https:\/\/api.w.org\/{rel}","templated":true}]}}