{"id":119000,"date":"2026-01-17T12:57:17","date_gmt":"2026-01-17T18:57:17","guid":{"rendered":"https:\/\/www.noticiasperfil.com\/index\/?p=119000"},"modified":"2026-02-02T13:02:26","modified_gmt":"2026-02-02T19:02:26","slug":"anuncian-programa-domingo-de-descacharrizacion-en-la-ciudad-de-veracruz","status":"publish","type":"post","link":"https:\/\/www.noticiasperfil.com\/index\/2026\/01\/17\/anuncian-programa-domingo-de-descacharrizacion-en-la-ciudad-de-veracruz\/","title":{"rendered":"Anuncian programa \u201cDomingo de Descacharrizaci\u00f3n\u201d en la ciudad de Veracruz"},"content":{"rendered":"\n<figure class=\"wp-block-gallery has-nested-images columns-default is-cropped wp-block-gallery-1 is-layout-flex wp-block-gallery-is-layout-flex\">\n<figure class=\"wp-block-image size-large\"><img loading=\"lazy\" decoding=\"async\" width=\"1516\" height=\"1116\" data-attachment-id=\"119002\" data-permalink=\"https:\/\/www.noticiasperfil.com\/index\/2026\/01\/17\/anuncian-programa-domingo-de-descacharrizacion-en-la-ciudad-de-veracruz\/domingo-descacharrizacion1\/\" data-orig-file=\"https:\/\/i0.wp.com\/www.noticiasperfil.com\/index\/wp-content\/uploads\/2026\/02\/domingo-descacharrizacion1.jpeg?fit=1516%2C1116&amp;ssl=1\" data-orig-size=\"1516,1116\" data-comments-opened=\"1\" data-image-meta=\"{&quot;aperture&quot;:&quot;0&quot;,&quot;credit&quot;:&quot;&quot;,&quot;camera&quot;:&quot;&quot;,&quot;caption&quot;:&quot;&quot;,&quot;created_timestamp&quot;:&quot;0&quot;,&quot;copyright&quot;:&quot;&quot;,&quot;focal_length&quot;:&quot;0&quot;,&quot;iso&quot;:&quot;0&quot;,&quot;shutter_speed&quot;:&quot;0&quot;,&quot;title&quot;:&quot;&quot;,&quot;orientation&quot;:&quot;0&quot;}\" data-image-title=\"domingo-descacharrizacion1\" data-image-description=\"\" data-medium-file=\"https:\/\/i0.wp.com\/www.noticiasperfil.com\/index\/wp-content\/uploads\/2026\/02\/domingo-descacharrizacion1.jpeg?fit=660%2C365&amp;ssl=1\" data-large-file=\"https:\/\/i0.wp.com\/www.noticiasperfil.com\/index\/wp-content\/uploads\/2026\/02\/domingo-descacharrizacion1.jpeg?fit=640%2C366&amp;ssl=1\" data-id=\"119002\" src=\"https:\/\/i0.wp.com\/www.noticiasperfil.com\/index\/wp-content\/uploads\/2026\/02\/domingo-descacharrizacion1.jpeg?fit=640%2C366&amp;ssl=1\" alt=\"\" class=\"wp-image-119002\" srcset=\"https:\/\/i0.wp.com\/www.noticiasperfil.com\/index\/wp-content\/uploads\/2026\/02\/domingo-descacharrizacion1.jpeg?w=1516&amp;ssl=1 1516w, https:\/\/i0.wp.com\/www.noticiasperfil.com\/index\/wp-content\/uploads\/2026\/02\/domingo-descacharrizacion1.jpeg?w=1280&amp;ssl=1 1280w\" sizes=\"auto, (max-width: 640px) 100vw, 640px\" \/><\/figure>\n\n\n\n<figure class=\"wp-block-image size-large\"><img loading=\"lazy\" decoding=\"async\" width=\"1280\" height=\"854\" data-attachment-id=\"119001\" data-permalink=\"https:\/\/www.noticiasperfil.com\/index\/2026\/01\/17\/anuncian-programa-domingo-de-descacharrizacion-en-la-ciudad-de-veracruz\/domingo-descacharrizacion2\/\" data-orig-file=\"https:\/\/i2.wp.com\/www.noticiasperfil.com\/index\/wp-content\/uploads\/2026\/02\/domingo-descacharrizacion2.jpeg?fit=1280%2C854&amp;ssl=1\" data-orig-size=\"1280,854\" data-comments-opened=\"1\" data-image-meta=\"{&quot;aperture&quot;:&quot;0&quot;,&quot;credit&quot;:&quot;&quot;,&quot;camera&quot;:&quot;&quot;,&quot;caption&quot;:&quot;&quot;,&quot;created_timestamp&quot;:&quot;0&quot;,&quot;copyright&quot;:&quot;&quot;,&quot;focal_length&quot;:&quot;0&quot;,&quot;iso&quot;:&quot;0&quot;,&quot;shutter_speed&quot;:&quot;0&quot;,&quot;title&quot;:&quot;&quot;,&quot;orientation&quot;:&quot;0&quot;}\" data-image-title=\"domingo-descacharrizacion2\" data-image-description=\"\" data-medium-file=\"https:\/\/i2.wp.com\/www.noticiasperfil.com\/index\/wp-content\/uploads\/2026\/02\/domingo-descacharrizacion2.jpeg?fit=660%2C365&amp;ssl=1\" data-large-file=\"https:\/\/i2.wp.com\/www.noticiasperfil.com\/index\/wp-content\/uploads\/2026\/02\/domingo-descacharrizacion2.jpeg?fit=640%2C366&amp;ssl=1\" data-id=\"119001\" src=\"https:\/\/i2.wp.com\/www.noticiasperfil.com\/index\/wp-content\/uploads\/2026\/02\/domingo-descacharrizacion2.jpeg?fit=640%2C366&amp;ssl=1\" alt=\"\" class=\"wp-image-119001\"\/><\/figure>\n<\/figure>\n\n\n\n<p>***La primera brigada de limpieza estar\u00e1 en el fraccionamiento Floresta recibiendo material de desecho y residuos s\u00f3lidos urbanos este 18 de enero de 9:00 a 13:00 horas<\/p>\n\n\n\n<p>El H. Ayuntamiento de Veracruz reactiva, mediante el programa \u201cDomingo de Descacharrizaci\u00f3n\u201d, una estrategia de limpieza urbana y de salud comunitaria, para evitar la acumulaci\u00f3n de material de desecho y objetos en desuso en patios, bald\u00edos o en la v\u00eda p\u00fablica.<\/p>\n\n\n\n<p>Este domingo 18 de enero, una brigada encabezada por la alcaldesa Rosa Mar\u00eda Hern\u00e1ndez Espejo atender\u00e1 a la ciudadan\u00eda en la calle Floresta Norte esquina Paseo los Robles, en el fraccionamiento Floresta, en un horario de 9:00 a 13:00 horas, donde se recibir\u00e1n muebles, llantas, electr\u00f3nicos y otros residuos s\u00f3lidos urbanos.<\/p>\n\n\n\n<p>Impulsar estas jornadas, olvidadas por anteriores administraciones y en las que participan diversas \u00e1reas municipales, forma parte del compromiso de la actual administraci\u00f3n por fortalecer las acciones de limpieza urbana y mejorar la calidad de vida de las y los ciudadanos, mediante esquemas de atenci\u00f3n directa en las colonias.<\/p>\n\n\n\n<p>El programa se desarrollar\u00e1 de manera continua en distintas colonias, barrios y fraccionamientos de la ciudad de Veracruz, con el prop\u00f3sito de acercar los servicios municipales a la poblaci\u00f3n, fomentar la participaci\u00f3n ciudadana, prevenir riesgos sanitarios y contribuir al cuidado del medio ambiente.<\/p>\n\n\n\n<p><\/p>\n","protected":false},"excerpt":{"rendered":"<p>***La primera brigada de limpieza estar\u00e1 en el fraccionamiento Floresta recibiendo material de desecho y residuos s\u00f3lidos urbanos este 18 de enero de 9:00 a 13:00 horas El H. Ayuntamiento de Veracruz reactiva, mediante el programa \u201cDomingo de Descacharrizaci\u00f3n\u201d, una estrategia de limpieza urbana y de salud comunitaria, para evitar la acumulaci\u00f3n de material de desecho y objetos en desuso en patios, bald\u00edos o en la v\u00eda p\u00fablica. Este domingo 18 de enero, una brigada encabezada por la alcaldesa Rosa Mar\u00eda Hern\u00e1ndez Espejo atender\u00e1 a la ciudadan\u00eda en la calle&hellip;<\/p>\n","protected":false},"author":1,"featured_media":119002,"comment_status":"open","ping_status":"closed","sticky":false,"template":"","format":"standard","meta":{"footnotes":""},"categories":[3,1],"tags":[],"class_list":["post-119000","post","type-post","status-publish","format-standard","has-post-thumbnail","hentry","category-destacadas","category-uncategorized"],"jetpack-related-posts":[],"_links":{"self":[{"href":"https:\/\/www.noticiasperfil.com\/index\/wp-json\/wp\/v2\/posts\/119000","targetHints":{"allow":["GET"]}}],"collection":[{"href":"https:\/\/www.noticiasperfil.com\/index\/wp-json\/wp\/v2\/posts"}],"about":[{"href":"https:\/\/www.noticiasperfil.com\/index\/wp-json\/wp\/v2\/types\/post"}],"author":[{"embeddable":true,"href":"https:\/\/www.noticiasperfil.com\/index\/wp-json\/wp\/v2\/users\/1"}],"replies":[{"embeddable":true,"href":"https:\/\/www.noticiasperfil.com\/index\/wp-json\/wp\/v2\/comments?post=119000"}],"version-history":[{"count":1,"href":"https:\/\/www.noticiasperfil.com\/index\/wp-json\/wp\/v2\/posts\/119000\/revisions"}],"predecessor-version":[{"id":119003,"href":"https:\/\/www.noticiasperfil.com\/index\/wp-json\/wp\/v2\/posts\/119000\/revisions\/119003"}],"wp:featuredmedia":[{"embeddable":true,"href":"https:\/\/www.noticiasperfil.com\/index\/wp-json\/wp\/v2\/media\/119002"}],"wp:attachment":[{"href":"https:\/\/www.noticiasperfil.com\/index\/wp-json\/wp\/v2\/media?parent=119000"}],"wp:term":[{"taxonomy":"category","embeddable":true,"href":"https:\/\/www.noticiasperfil.com\/index\/wp-json\/wp\/v2\/categories?post=119000"},{"taxonomy":"post_tag","embeddable":true,"href":"https:\/\/www.noticiasperfil.com\/index\/wp-json\/wp\/v2\/tags?post=119000"}],"curies":[{"name":"wp","href":"https:\/\/api.w.org\/{rel}","templated":true}]}}