{"id":119004,"date":"2026-02-01T14:54:32","date_gmt":"2026-02-01T20:54:32","guid":{"rendered":"https:\/\/www.noticiasperfil.com\/index\/?p=119004"},"modified":"2026-02-02T14:57:05","modified_gmt":"2026-02-02T20:57:05","slug":"con-actividades-deportivas-en-preescolares-impulsa-sev-el-desarrollo-de-habilidades-y-capacidades","status":"publish","type":"post","link":"https:\/\/www.noticiasperfil.com\/index\/2026\/02\/01\/con-actividades-deportivas-en-preescolares-impulsa-sev-el-desarrollo-de-habilidades-y-capacidades\/","title":{"rendered":"Con actividades deportivas en preescolares, impulsa SEV el desarrollo de habilidades y capacidades"},"content":{"rendered":"\n<figure class=\"wp-block-gallery has-nested-images columns-default is-cropped wp-block-gallery-1 is-layout-flex wp-block-gallery-is-layout-flex\">\n<figure class=\"wp-block-image size-large\"><img loading=\"lazy\" decoding=\"async\" width=\"1280\" height=\"854\" data-attachment-id=\"119008\" data-permalink=\"https:\/\/www.noticiasperfil.com\/index\/2026\/02\/01\/con-actividades-deportivas-en-preescolares-impulsa-sev-el-desarrollo-de-habilidades-y-capacidades\/sev-desarrollo-habilidades-capacidades1\/\" data-orig-file=\"https:\/\/i1.wp.com\/www.noticiasperfil.com\/index\/wp-content\/uploads\/2026\/02\/sev-desarrollo-habilidades-capacidades1.jpeg?fit=1280%2C854&amp;ssl=1\" data-orig-size=\"1280,854\" data-comments-opened=\"1\" data-image-meta=\"{&quot;aperture&quot;:&quot;0&quot;,&quot;credit&quot;:&quot;&quot;,&quot;camera&quot;:&quot;&quot;,&quot;caption&quot;:&quot;&quot;,&quot;created_timestamp&quot;:&quot;0&quot;,&quot;copyright&quot;:&quot;&quot;,&quot;focal_length&quot;:&quot;0&quot;,&quot;iso&quot;:&quot;0&quot;,&quot;shutter_speed&quot;:&quot;0&quot;,&quot;title&quot;:&quot;&quot;,&quot;orientation&quot;:&quot;0&quot;}\" data-image-title=\"sev-desarrollo-habilidades-capacidades1\" data-image-description=\"\" data-medium-file=\"https:\/\/i1.wp.com\/www.noticiasperfil.com\/index\/wp-content\/uploads\/2026\/02\/sev-desarrollo-habilidades-capacidades1.jpeg?fit=660%2C365&amp;ssl=1\" data-large-file=\"https:\/\/i1.wp.com\/www.noticiasperfil.com\/index\/wp-content\/uploads\/2026\/02\/sev-desarrollo-habilidades-capacidades1.jpeg?fit=640%2C366&amp;ssl=1\" data-id=\"119008\" src=\"https:\/\/i1.wp.com\/www.noticiasperfil.com\/index\/wp-content\/uploads\/2026\/02\/sev-desarrollo-habilidades-capacidades1.jpeg?fit=640%2C366&amp;ssl=1\" alt=\"\" class=\"wp-image-119008\"\/><\/figure>\n\n\n\n<figure class=\"wp-block-image size-large\"><img loading=\"lazy\" decoding=\"async\" width=\"1280\" height=\"854\" data-attachment-id=\"119007\" data-permalink=\"https:\/\/www.noticiasperfil.com\/index\/2026\/02\/01\/con-actividades-deportivas-en-preescolares-impulsa-sev-el-desarrollo-de-habilidades-y-capacidades\/sev-desarrollo-habilidades-capacidades4\/\" data-orig-file=\"https:\/\/i1.wp.com\/www.noticiasperfil.com\/index\/wp-content\/uploads\/2026\/02\/sev-desarrollo-habilidades-capacidades4.jpeg?fit=1280%2C854&amp;ssl=1\" data-orig-size=\"1280,854\" data-comments-opened=\"1\" data-image-meta=\"{&quot;aperture&quot;:&quot;0&quot;,&quot;credit&quot;:&quot;&quot;,&quot;camera&quot;:&quot;&quot;,&quot;caption&quot;:&quot;&quot;,&quot;created_timestamp&quot;:&quot;0&quot;,&quot;copyright&quot;:&quot;&quot;,&quot;focal_length&quot;:&quot;0&quot;,&quot;iso&quot;:&quot;0&quot;,&quot;shutter_speed&quot;:&quot;0&quot;,&quot;title&quot;:&quot;&quot;,&quot;orientation&quot;:&quot;0&quot;}\" data-image-title=\"sev-desarrollo-habilidades-capacidades4\" data-image-description=\"\" data-medium-file=\"https:\/\/i1.wp.com\/www.noticiasperfil.com\/index\/wp-content\/uploads\/2026\/02\/sev-desarrollo-habilidades-capacidades4.jpeg?fit=660%2C365&amp;ssl=1\" data-large-file=\"https:\/\/i1.wp.com\/www.noticiasperfil.com\/index\/wp-content\/uploads\/2026\/02\/sev-desarrollo-habilidades-capacidades4.jpeg?fit=640%2C366&amp;ssl=1\" data-id=\"119007\" src=\"https:\/\/i1.wp.com\/www.noticiasperfil.com\/index\/wp-content\/uploads\/2026\/02\/sev-desarrollo-habilidades-capacidades4.jpeg?fit=640%2C366&amp;ssl=1\" alt=\"\" class=\"wp-image-119007\"\/><\/figure>\n\n\n\n<figure class=\"wp-block-image size-large\"><img loading=\"lazy\" decoding=\"async\" width=\"1280\" height=\"854\" data-attachment-id=\"119006\" data-permalink=\"https:\/\/www.noticiasperfil.com\/index\/2026\/02\/01\/con-actividades-deportivas-en-preescolares-impulsa-sev-el-desarrollo-de-habilidades-y-capacidades\/sev-desarrollo-habilidades-capacidades3\/\" data-orig-file=\"https:\/\/i1.wp.com\/www.noticiasperfil.com\/index\/wp-content\/uploads\/2026\/02\/sev-desarrollo-habilidades-capacidades3.jpeg?fit=1280%2C854&amp;ssl=1\" data-orig-size=\"1280,854\" data-comments-opened=\"1\" data-image-meta=\"{&quot;aperture&quot;:&quot;0&quot;,&quot;credit&quot;:&quot;&quot;,&quot;camera&quot;:&quot;&quot;,&quot;caption&quot;:&quot;&quot;,&quot;created_timestamp&quot;:&quot;0&quot;,&quot;copyright&quot;:&quot;&quot;,&quot;focal_length&quot;:&quot;0&quot;,&quot;iso&quot;:&quot;0&quot;,&quot;shutter_speed&quot;:&quot;0&quot;,&quot;title&quot;:&quot;&quot;,&quot;orientation&quot;:&quot;0&quot;}\" data-image-title=\"sev-desarrollo-habilidades-capacidades3\" data-image-description=\"\" data-medium-file=\"https:\/\/i1.wp.com\/www.noticiasperfil.com\/index\/wp-content\/uploads\/2026\/02\/sev-desarrollo-habilidades-capacidades3.jpeg?fit=660%2C365&amp;ssl=1\" data-large-file=\"https:\/\/i1.wp.com\/www.noticiasperfil.com\/index\/wp-content\/uploads\/2026\/02\/sev-desarrollo-habilidades-capacidades3.jpeg?fit=640%2C366&amp;ssl=1\" data-id=\"119006\" src=\"https:\/\/i1.wp.com\/www.noticiasperfil.com\/index\/wp-content\/uploads\/2026\/02\/sev-desarrollo-habilidades-capacidades3.jpeg?fit=640%2C366&amp;ssl=1\" alt=\"\" class=\"wp-image-119006\"\/><\/figure>\n\n\n\n<figure class=\"wp-block-image size-large\"><img loading=\"lazy\" decoding=\"async\" width=\"1280\" height=\"854\" data-attachment-id=\"119005\" data-permalink=\"https:\/\/www.noticiasperfil.com\/index\/2026\/02\/01\/con-actividades-deportivas-en-preescolares-impulsa-sev-el-desarrollo-de-habilidades-y-capacidades\/sev-desarrollo-habilidades-capacidades2\/\" data-orig-file=\"https:\/\/i0.wp.com\/www.noticiasperfil.com\/index\/wp-content\/uploads\/2026\/02\/sev-desarrollo-habilidades-capacidades2.jpeg?fit=1280%2C854&amp;ssl=1\" data-orig-size=\"1280,854\" data-comments-opened=\"1\" data-image-meta=\"{&quot;aperture&quot;:&quot;0&quot;,&quot;credit&quot;:&quot;&quot;,&quot;camera&quot;:&quot;&quot;,&quot;caption&quot;:&quot;&quot;,&quot;created_timestamp&quot;:&quot;0&quot;,&quot;copyright&quot;:&quot;&quot;,&quot;focal_length&quot;:&quot;0&quot;,&quot;iso&quot;:&quot;0&quot;,&quot;shutter_speed&quot;:&quot;0&quot;,&quot;title&quot;:&quot;&quot;,&quot;orientation&quot;:&quot;0&quot;}\" data-image-title=\"sev-desarrollo-habilidades-capacidades2\" data-image-description=\"\" data-medium-file=\"https:\/\/i0.wp.com\/www.noticiasperfil.com\/index\/wp-content\/uploads\/2026\/02\/sev-desarrollo-habilidades-capacidades2.jpeg?fit=660%2C365&amp;ssl=1\" data-large-file=\"https:\/\/i0.wp.com\/www.noticiasperfil.com\/index\/wp-content\/uploads\/2026\/02\/sev-desarrollo-habilidades-capacidades2.jpeg?fit=640%2C366&amp;ssl=1\" data-id=\"119005\" src=\"https:\/\/i0.wp.com\/www.noticiasperfil.com\/index\/wp-content\/uploads\/2026\/02\/sev-desarrollo-habilidades-capacidades2.jpeg?fit=640%2C366&amp;ssl=1\" alt=\"\" class=\"wp-image-119005\"\/><\/figure>\n<\/figure>\n\n\n\n<p><strong>Xalapa, Ver., domingo 01 de febrero de 2026.\u2013<\/strong> Con la participaci\u00f3n de 475 estudiantes de 20 escuelas, la Secretar\u00eda de Educaci\u00f3n de Veracruz (SEV) llev\u00f3 a cabo Exatlones Escolares en Actopan y Xalapa, actividades que contribuyeron al desarrollo de habilidades f\u00edsicas y socioemocionales de la ni\u00f1ez en edad preescolar.<\/p>\n\n\n\n<p>El primero se realiz\u00f3 en el campo de b\u00e9isbol Chico Dom\u00ednguez, en Actopan, con la participaci\u00f3n de 237 ni\u00f1as y ni\u00f1os de 12 escuelas; el segundo, en el Complejo Deportivo Omega, en Xalapa, con la asistencia de 238 menores de ocho planteles.<\/p>\n\n\n\n<p>Al realizar ejercicios f\u00edsicos como reptar, deslizarse, caminar, correr, saltar, lanzar, empujar, driblar, girar, doblarse y estirarse, los participantes desarrollan habilidades motrices fundamentales, as\u00ed como la conciencia corporal, la coordinaci\u00f3n, el equilibrio, la agilidad, la fuerza y la orientaci\u00f3n espacial, a trav\u00e9s de juegos, exploraci\u00f3n y expresi\u00f3n corporal.<\/p>\n\n\n\n<p>Madres y padres de familia tambi\u00e9n deben motivar a sus hijos e hijas a realizar actividades f\u00edsicas, e incluso buscar un deporte o disciplina de su preferencia para fortalecer sus destrezas motoras.<\/p>\n","protected":false},"excerpt":{"rendered":"<p>Xalapa, Ver., domingo 01 de febrero de 2026.\u2013 Con la participaci\u00f3n de 475 estudiantes de 20 escuelas, la Secretar\u00eda de Educaci\u00f3n de Veracruz (SEV) llev\u00f3 a cabo Exatlones Escolares en Actopan y Xalapa, actividades que contribuyeron al desarrollo de habilidades f\u00edsicas y socioemocionales de la ni\u00f1ez en edad preescolar. El primero se realiz\u00f3 en el campo de b\u00e9isbol Chico Dom\u00ednguez, en Actopan, con la participaci\u00f3n de 237 ni\u00f1as y ni\u00f1os de 12 escuelas; el segundo, en el Complejo Deportivo Omega, en Xalapa, con la asistencia de 238 menores de ocho&hellip;<\/p>\n","protected":false},"author":1,"featured_media":119008,"comment_status":"open","ping_status":"closed","sticky":false,"template":"","format":"standard","meta":{"footnotes":""},"categories":[3,10617],"tags":[],"class_list":["post-119004","post","type-post","status-publish","format-standard","has-post-thumbnail","hentry","category-destacadas","category-sev"],"jetpack-related-posts":[],"_links":{"self":[{"href":"https:\/\/www.noticiasperfil.com\/index\/wp-json\/wp\/v2\/posts\/119004","targetHints":{"allow":["GET"]}}],"collection":[{"href":"https:\/\/www.noticiasperfil.com\/index\/wp-json\/wp\/v2\/posts"}],"about":[{"href":"https:\/\/www.noticiasperfil.com\/index\/wp-json\/wp\/v2\/types\/post"}],"author":[{"embeddable":true,"href":"https:\/\/www.noticiasperfil.com\/index\/wp-json\/wp\/v2\/users\/1"}],"replies":[{"embeddable":true,"href":"https:\/\/www.noticiasperfil.com\/index\/wp-json\/wp\/v2\/comments?post=119004"}],"version-history":[{"count":1,"href":"https:\/\/www.noticiasperfil.com\/index\/wp-json\/wp\/v2\/posts\/119004\/revisions"}],"predecessor-version":[{"id":119009,"href":"https:\/\/www.noticiasperfil.com\/index\/wp-json\/wp\/v2\/posts\/119004\/revisions\/119009"}],"wp:featuredmedia":[{"embeddable":true,"href":"https:\/\/www.noticiasperfil.com\/index\/wp-json\/wp\/v2\/media\/119008"}],"wp:attachment":[{"href":"https:\/\/www.noticiasperfil.com\/index\/wp-json\/wp\/v2\/media?parent=119004"}],"wp:term":[{"taxonomy":"category","embeddable":true,"href":"https:\/\/www.noticiasperfil.com\/index\/wp-json\/wp\/v2\/categories?post=119004"},{"taxonomy":"post_tag","embeddable":true,"href":"https:\/\/www.noticiasperfil.com\/index\/wp-json\/wp\/v2\/tags?post=119004"}],"curies":[{"name":"wp","href":"https:\/\/api.w.org\/{rel}","templated":true}]}}