{"id":119016,"date":"2026-02-01T15:00:59","date_gmt":"2026-02-01T21:00:59","guid":{"rendered":"https:\/\/www.noticiasperfil.com\/index\/?p=119016"},"modified":"2026-02-02T15:05:25","modified_gmt":"2026-02-02T21:05:25","slug":"alerta-permanente-por-frente-frio-32-hay-afectaciones-menores-alcaldesa-maryjose-gamboa","status":"publish","type":"post","link":"https:\/\/www.noticiasperfil.com\/index\/2026\/02\/01\/alerta-permanente-por-frente-frio-32-hay-afectaciones-menores-alcaldesa-maryjose-gamboa\/","title":{"rendered":"Alerta permanente por Frente Fr\u00edo 32; hay afectaciones menores: alcaldesa Maryjose Gamboa"},"content":{"rendered":"\n<figure class=\"wp-block-gallery has-nested-images columns-default is-cropped wp-block-gallery-1 is-layout-flex wp-block-gallery-is-layout-flex\">\n<figure class=\"wp-block-image size-large\"><img loading=\"lazy\" decoding=\"async\" width=\"1200\" height=\"1600\" data-attachment-id=\"119019\" data-permalink=\"https:\/\/www.noticiasperfil.com\/index\/2026\/02\/01\/alerta-permanente-por-frente-frio-32-hay-afectaciones-menores-alcaldesa-maryjose-gamboa\/alerta-permanente-frente-frio3\/\" data-orig-file=\"https:\/\/i1.wp.com\/www.noticiasperfil.com\/index\/wp-content\/uploads\/2026\/02\/alerta-permanente-frente-frio3.jpeg?fit=1200%2C1600&amp;ssl=1\" data-orig-size=\"1200,1600\" data-comments-opened=\"1\" data-image-meta=\"{&quot;aperture&quot;:&quot;0&quot;,&quot;credit&quot;:&quot;&quot;,&quot;camera&quot;:&quot;&quot;,&quot;caption&quot;:&quot;&quot;,&quot;created_timestamp&quot;:&quot;0&quot;,&quot;copyright&quot;:&quot;&quot;,&quot;focal_length&quot;:&quot;0&quot;,&quot;iso&quot;:&quot;0&quot;,&quot;shutter_speed&quot;:&quot;0&quot;,&quot;title&quot;:&quot;&quot;,&quot;orientation&quot;:&quot;0&quot;}\" data-image-title=\"alerta-permanente-frente-frio3\" data-image-description=\"\" data-medium-file=\"https:\/\/i1.wp.com\/www.noticiasperfil.com\/index\/wp-content\/uploads\/2026\/02\/alerta-permanente-frente-frio3.jpeg?fit=660%2C365&amp;ssl=1\" data-large-file=\"https:\/\/i1.wp.com\/www.noticiasperfil.com\/index\/wp-content\/uploads\/2026\/02\/alerta-permanente-frente-frio3.jpeg?fit=640%2C366&amp;ssl=1\" data-id=\"119019\" src=\"https:\/\/i1.wp.com\/www.noticiasperfil.com\/index\/wp-content\/uploads\/2026\/02\/alerta-permanente-frente-frio3.jpeg?fit=640%2C366&amp;ssl=1\" alt=\"\" class=\"wp-image-119019\" srcset=\"https:\/\/i1.wp.com\/www.noticiasperfil.com\/index\/wp-content\/uploads\/2026\/02\/alerta-permanente-frente-frio3.jpeg?w=1200&amp;ssl=1 1200w, https:\/\/i1.wp.com\/www.noticiasperfil.com\/index\/wp-content\/uploads\/2026\/02\/alerta-permanente-frente-frio3.jpeg?resize=1152%2C1536&amp;ssl=1 1152w\" sizes=\"auto, (max-width: 640px) 100vw, 640px\" \/><\/figure>\n\n\n\n<figure class=\"wp-block-image size-large\"><img loading=\"lazy\" decoding=\"async\" width=\"1280\" height=\"720\" data-attachment-id=\"119018\" data-permalink=\"https:\/\/www.noticiasperfil.com\/index\/2026\/02\/01\/alerta-permanente-por-frente-frio-32-hay-afectaciones-menores-alcaldesa-maryjose-gamboa\/alerta-permanente-frente-frio2\/\" data-orig-file=\"https:\/\/i2.wp.com\/www.noticiasperfil.com\/index\/wp-content\/uploads\/2026\/02\/alerta-permanente-frente-frio2.jpeg?fit=1280%2C720&amp;ssl=1\" data-orig-size=\"1280,720\" data-comments-opened=\"1\" data-image-meta=\"{&quot;aperture&quot;:&quot;0&quot;,&quot;credit&quot;:&quot;&quot;,&quot;camera&quot;:&quot;&quot;,&quot;caption&quot;:&quot;&quot;,&quot;created_timestamp&quot;:&quot;0&quot;,&quot;copyright&quot;:&quot;&quot;,&quot;focal_length&quot;:&quot;0&quot;,&quot;iso&quot;:&quot;0&quot;,&quot;shutter_speed&quot;:&quot;0&quot;,&quot;title&quot;:&quot;&quot;,&quot;orientation&quot;:&quot;0&quot;}\" data-image-title=\"alerta-permanente-frente-frio2\" data-image-description=\"\" data-medium-file=\"https:\/\/i2.wp.com\/www.noticiasperfil.com\/index\/wp-content\/uploads\/2026\/02\/alerta-permanente-frente-frio2.jpeg?fit=660%2C365&amp;ssl=1\" data-large-file=\"https:\/\/i2.wp.com\/www.noticiasperfil.com\/index\/wp-content\/uploads\/2026\/02\/alerta-permanente-frente-frio2.jpeg?fit=640%2C366&amp;ssl=1\" data-id=\"119018\" src=\"https:\/\/i2.wp.com\/www.noticiasperfil.com\/index\/wp-content\/uploads\/2026\/02\/alerta-permanente-frente-frio2.jpeg?fit=640%2C366&amp;ssl=1\" alt=\"\" class=\"wp-image-119018\" srcset=\"https:\/\/i2.wp.com\/www.noticiasperfil.com\/index\/wp-content\/uploads\/2026\/02\/alerta-permanente-frente-frio2.jpeg?w=1280&amp;ssl=1 1280w, https:\/\/i2.wp.com\/www.noticiasperfil.com\/index\/wp-content\/uploads\/2026\/02\/alerta-permanente-frente-frio2.jpeg?resize=500%2C280&amp;ssl=1 500w\" sizes=\"auto, (max-width: 640px) 100vw, 640px\" \/><\/figure>\n\n\n\n<figure class=\"wp-block-image size-large\"><img loading=\"lazy\" decoding=\"async\" width=\"1280\" height=\"720\" data-attachment-id=\"119017\" data-permalink=\"https:\/\/www.noticiasperfil.com\/index\/2026\/02\/01\/alerta-permanente-por-frente-frio-32-hay-afectaciones-menores-alcaldesa-maryjose-gamboa\/alerta-permanente-frente-frio1\/\" data-orig-file=\"https:\/\/i2.wp.com\/www.noticiasperfil.com\/index\/wp-content\/uploads\/2026\/02\/alerta-permanente-frente-frio1.jpeg?fit=1280%2C720&amp;ssl=1\" data-orig-size=\"1280,720\" data-comments-opened=\"1\" data-image-meta=\"{&quot;aperture&quot;:&quot;0&quot;,&quot;credit&quot;:&quot;&quot;,&quot;camera&quot;:&quot;&quot;,&quot;caption&quot;:&quot;&quot;,&quot;created_timestamp&quot;:&quot;0&quot;,&quot;copyright&quot;:&quot;&quot;,&quot;focal_length&quot;:&quot;0&quot;,&quot;iso&quot;:&quot;0&quot;,&quot;shutter_speed&quot;:&quot;0&quot;,&quot;title&quot;:&quot;&quot;,&quot;orientation&quot;:&quot;0&quot;}\" data-image-title=\"alerta-permanente-frente-frio1\" data-image-description=\"\" data-medium-file=\"https:\/\/i2.wp.com\/www.noticiasperfil.com\/index\/wp-content\/uploads\/2026\/02\/alerta-permanente-frente-frio1.jpeg?fit=660%2C365&amp;ssl=1\" data-large-file=\"https:\/\/i2.wp.com\/www.noticiasperfil.com\/index\/wp-content\/uploads\/2026\/02\/alerta-permanente-frente-frio1.jpeg?fit=640%2C366&amp;ssl=1\" data-id=\"119017\" src=\"https:\/\/i2.wp.com\/www.noticiasperfil.com\/index\/wp-content\/uploads\/2026\/02\/alerta-permanente-frente-frio1.jpeg?fit=640%2C366&amp;ssl=1\" alt=\"\" class=\"wp-image-119017\" srcset=\"https:\/\/i2.wp.com\/www.noticiasperfil.com\/index\/wp-content\/uploads\/2026\/02\/alerta-permanente-frente-frio1.jpeg?w=1280&amp;ssl=1 1280w, https:\/\/i2.wp.com\/www.noticiasperfil.com\/index\/wp-content\/uploads\/2026\/02\/alerta-permanente-frente-frio1.jpeg?resize=500%2C280&amp;ssl=1 500w\" sizes=\"auto, (max-width: 640px) 100vw, 640px\" \/><\/figure>\n<\/figure>\n\n\n\n<p>La Alcaldesa de Boca del R\u00edo, Maryjose Gamboa Torales, inform\u00f3 que, ante el paso del Frente Fr\u00edo n\u00famero 32 por el municipio, la Fuerza Municipal de Tarea se encuentra en estado de alerta permanente y que afortunadamente s\u00f3lo se registran afectaciones menores, manteni\u00e9ndose activos los protocolos preventivos.<\/p>\n\n\n\n<p>De acuerdo con datos del Departamento de Hidrometeorolog\u00eda del Organismo Cuenca Centro de la Comisi\u00f3n Nacional del Agua (Conagua), se han registrado rachas de viento de hasta 99.6 kil\u00f3metros por hora en la zona Bah\u00eda Sur Veracruz\u2013ASIPONA.<\/p>\n\n\n\n<p>La Direcci\u00f3n de Protecci\u00f3n Civil Municipal inform\u00f3 que se atendi\u00f3 de manera oportuna un reporte por cables ca\u00eddos, el cual fue solucionado a la brevedad para evitar riesgos a la poblaci\u00f3n.<\/p>\n\n\n\n<p>Personal de la dependencia municipal se encuentra realizando recorridos constantes a lo largo y ancho de la ciudad, as\u00ed como en la zona de playas, reforzando la presencia de Protecci\u00f3n Civil y avisando a locales y visitantes que no est\u00e1 permitido introducirse al mar, debido al fuerte oleaje.<\/p>\n\n\n\n<p>La Fuerza Municipal de Tarea, integrada por las direcciones de Protecci\u00f3n Civil, Polic\u00eda Municipal, Tr\u00e1nsito Municipal, Gobernaci\u00f3n, Alumbrado P\u00fablico, Limpia P\u00fablica, Mantenimiento Urbano y Comercio, adem\u00e1s de Bomberos Conurbados, contin\u00faan trabajando de manera coordinada y est\u00e1 atenta a los reportes ciudadanos.<\/p>\n\n\n\n<p>Se recuerda a la poblaci\u00f3n que, para cualquier emergencia, se encuentran disponibles los n\u00fameros 911 y los tel\u00e9fonos de Protecci\u00f3n Civil de Boca del R\u00edo al 9 86 23 23.<\/p>\n\n\n\n<p>Finalmente, la Presidenta Municipal, Maryjose Gamboa Torales, reiter\u00f3 el llamado a la ciudadan\u00eda a atender las recomendaciones preventivas ante la presencia del frente fr\u00edo, con el objetivo de evitar cualquier contingencia, as\u00ed como a mantenerse informada a trav\u00e9s de las redes sociales oficiales del Ayuntamiento, en las que se difunden avisos y recomendaciones adicionales.<\/p>\n","protected":false},"excerpt":{"rendered":"<p>La Alcaldesa de Boca del R\u00edo, Maryjose Gamboa Torales, inform\u00f3 que, ante el paso del Frente Fr\u00edo n\u00famero 32 por el municipio, la Fuerza Municipal de Tarea se encuentra en estado de alerta permanente y que afortunadamente s\u00f3lo se registran afectaciones menores, manteni\u00e9ndose activos los protocolos preventivos. De acuerdo con datos del Departamento de Hidrometeorolog\u00eda del Organismo Cuenca Centro de la Comisi\u00f3n Nacional del Agua (Conagua), se han registrado rachas de viento de hasta 99.6 kil\u00f3metros por hora en la zona Bah\u00eda Sur Veracruz\u2013ASIPONA. La Direcci\u00f3n de Protecci\u00f3n Civil Municipal&hellip;<\/p>\n","protected":false},"author":1,"featured_media":119018,"comment_status":"open","ping_status":"closed","sticky":false,"template":"","format":"standard","meta":{"footnotes":""},"categories":[3,1],"tags":[],"class_list":["post-119016","post","type-post","status-publish","format-standard","has-post-thumbnail","hentry","category-destacadas","category-uncategorized"],"jetpack-related-posts":[],"_links":{"self":[{"href":"https:\/\/www.noticiasperfil.com\/index\/wp-json\/wp\/v2\/posts\/119016","targetHints":{"allow":["GET"]}}],"collection":[{"href":"https:\/\/www.noticiasperfil.com\/index\/wp-json\/wp\/v2\/posts"}],"about":[{"href":"https:\/\/www.noticiasperfil.com\/index\/wp-json\/wp\/v2\/types\/post"}],"author":[{"embeddable":true,"href":"https:\/\/www.noticiasperfil.com\/index\/wp-json\/wp\/v2\/users\/1"}],"replies":[{"embeddable":true,"href":"https:\/\/www.noticiasperfil.com\/index\/wp-json\/wp\/v2\/comments?post=119016"}],"version-history":[{"count":1,"href":"https:\/\/www.noticiasperfil.com\/index\/wp-json\/wp\/v2\/posts\/119016\/revisions"}],"predecessor-version":[{"id":119020,"href":"https:\/\/www.noticiasperfil.com\/index\/wp-json\/wp\/v2\/posts\/119016\/revisions\/119020"}],"wp:featuredmedia":[{"embeddable":true,"href":"https:\/\/www.noticiasperfil.com\/index\/wp-json\/wp\/v2\/media\/119018"}],"wp:attachment":[{"href":"https:\/\/www.noticiasperfil.com\/index\/wp-json\/wp\/v2\/media?parent=119016"}],"wp:term":[{"taxonomy":"category","embeddable":true,"href":"https:\/\/www.noticiasperfil.com\/index\/wp-json\/wp\/v2\/categories?post=119016"},{"taxonomy":"post_tag","embeddable":true,"href":"https:\/\/www.noticiasperfil.com\/index\/wp-json\/wp\/v2\/tags?post=119016"}],"curies":[{"name":"wp","href":"https:\/\/api.w.org\/{rel}","templated":true}]}}