{"id":119103,"date":"2026-02-03T19:26:38","date_gmt":"2026-02-04T01:26:38","guid":{"rendered":"https:\/\/www.noticiasperfil.com\/index\/?p=119103"},"modified":"2026-02-03T19:26:41","modified_gmt":"2026-02-04T01:26:41","slug":"orquesta-de-camara-de-amadeus-engalana-a-tlacotalpan-con-homenaje-a-agustin-lara","status":"publish","type":"post","link":"https:\/\/www.noticiasperfil.com\/index\/2026\/02\/03\/orquesta-de-camara-de-amadeus-engalana-a-tlacotalpan-con-homenaje-a-agustin-lara\/","title":{"rendered":"Orquesta de C\u00e1mara de Amadeus engalana a Tlacotalpan con homenaje a Agust\u00edn Lara"},"content":{"rendered":"\n<figure class=\"wp-block-gallery has-nested-images columns-default is-cropped wp-block-gallery-1 is-layout-flex wp-block-gallery-is-layout-flex\">\n<figure class=\"wp-block-image size-large\"><img loading=\"lazy\" decoding=\"async\" width=\"1280\" height=\"853\" data-attachment-id=\"119106\" data-permalink=\"https:\/\/www.noticiasperfil.com\/index\/2026\/02\/03\/orquesta-de-camara-de-amadeus-engalana-a-tlacotalpan-con-homenaje-a-agustin-lara\/camara-amadeus-engalana-tlacotalpan2\/\" data-orig-file=\"https:\/\/i1.wp.com\/www.noticiasperfil.com\/index\/wp-content\/uploads\/2026\/02\/camara-amadeus-engalana-tlacotalpan2.jpeg?fit=1280%2C853&amp;ssl=1\" data-orig-size=\"1280,853\" data-comments-opened=\"1\" data-image-meta=\"{&quot;aperture&quot;:&quot;0&quot;,&quot;credit&quot;:&quot;&quot;,&quot;camera&quot;:&quot;&quot;,&quot;caption&quot;:&quot;&quot;,&quot;created_timestamp&quot;:&quot;0&quot;,&quot;copyright&quot;:&quot;&quot;,&quot;focal_length&quot;:&quot;0&quot;,&quot;iso&quot;:&quot;0&quot;,&quot;shutter_speed&quot;:&quot;0&quot;,&quot;title&quot;:&quot;&quot;,&quot;orientation&quot;:&quot;0&quot;}\" data-image-title=\"camara-amadeus-engalana-tlacotalpan2\" data-image-description=\"\" data-medium-file=\"https:\/\/i1.wp.com\/www.noticiasperfil.com\/index\/wp-content\/uploads\/2026\/02\/camara-amadeus-engalana-tlacotalpan2.jpeg?fit=660%2C365&amp;ssl=1\" data-large-file=\"https:\/\/i1.wp.com\/www.noticiasperfil.com\/index\/wp-content\/uploads\/2026\/02\/camara-amadeus-engalana-tlacotalpan2.jpeg?fit=640%2C366&amp;ssl=1\" data-id=\"119106\" src=\"https:\/\/i1.wp.com\/www.noticiasperfil.com\/index\/wp-content\/uploads\/2026\/02\/camara-amadeus-engalana-tlacotalpan2.jpeg?fit=640%2C366&amp;ssl=1\" alt=\"\" class=\"wp-image-119106\"\/><\/figure>\n\n\n\n<figure class=\"wp-block-image size-large\"><img loading=\"lazy\" decoding=\"async\" width=\"2560\" height=\"1709\" data-attachment-id=\"119105\" data-permalink=\"https:\/\/www.noticiasperfil.com\/index\/2026\/02\/03\/orquesta-de-camara-de-amadeus-engalana-a-tlacotalpan-con-homenaje-a-agustin-lara\/camara-amadeus-engalana-tlacotalpan\/\" data-orig-file=\"https:\/\/i0.wp.com\/www.noticiasperfil.com\/index\/wp-content\/uploads\/2026\/02\/camara-amadeus-engalana-tlacotalpan-scaled.jpeg?fit=2560%2C1709&amp;ssl=1\" data-orig-size=\"2560,1709\" data-comments-opened=\"1\" data-image-meta=\"{&quot;aperture&quot;:&quot;0&quot;,&quot;credit&quot;:&quot;&quot;,&quot;camera&quot;:&quot;&quot;,&quot;caption&quot;:&quot;&quot;,&quot;created_timestamp&quot;:&quot;0&quot;,&quot;copyright&quot;:&quot;&quot;,&quot;focal_length&quot;:&quot;0&quot;,&quot;iso&quot;:&quot;0&quot;,&quot;shutter_speed&quot;:&quot;0&quot;,&quot;title&quot;:&quot;&quot;,&quot;orientation&quot;:&quot;0&quot;}\" data-image-title=\"camara-amadeus-engalana-tlacotalpan\" data-image-description=\"\" data-medium-file=\"https:\/\/i0.wp.com\/www.noticiasperfil.com\/index\/wp-content\/uploads\/2026\/02\/camara-amadeus-engalana-tlacotalpan-scaled.jpeg?fit=660%2C365&amp;ssl=1\" data-large-file=\"https:\/\/i0.wp.com\/www.noticiasperfil.com\/index\/wp-content\/uploads\/2026\/02\/camara-amadeus-engalana-tlacotalpan-scaled.jpeg?fit=640%2C366&amp;ssl=1\" data-id=\"119105\" src=\"https:\/\/i0.wp.com\/www.noticiasperfil.com\/index\/wp-content\/uploads\/2026\/02\/camara-amadeus-engalana-tlacotalpan-scaled.jpeg?fit=640%2C366&amp;ssl=1\" alt=\"\" class=\"wp-image-119105\" srcset=\"https:\/\/i0.wp.com\/www.noticiasperfil.com\/index\/wp-content\/uploads\/2026\/02\/camara-amadeus-engalana-tlacotalpan-scaled.jpeg?w=2560&amp;ssl=1 2560w, https:\/\/i0.wp.com\/www.noticiasperfil.com\/index\/wp-content\/uploads\/2026\/02\/camara-amadeus-engalana-tlacotalpan-scaled.jpeg?resize=1536%2C1025&amp;ssl=1 1536w, https:\/\/i0.wp.com\/www.noticiasperfil.com\/index\/wp-content\/uploads\/2026\/02\/camara-amadeus-engalana-tlacotalpan-scaled.jpeg?resize=2048%2C1367&amp;ssl=1 2048w, https:\/\/i0.wp.com\/www.noticiasperfil.com\/index\/wp-content\/uploads\/2026\/02\/camara-amadeus-engalana-tlacotalpan-scaled.jpeg?w=1280&amp;ssl=1 1280w, https:\/\/i0.wp.com\/www.noticiasperfil.com\/index\/wp-content\/uploads\/2026\/02\/camara-amadeus-engalana-tlacotalpan-scaled.jpeg?w=1920&amp;ssl=1 1920w\" sizes=\"auto, (max-width: 640px) 100vw, 640px\" \/><\/figure>\n<\/figure>\n\n\n\n<p><strong>Tlacotalpan, Ver., lunes 02 de febrero de 2026.\u2013<\/strong> La Plaza de Los Jarochos se colm\u00f3 de m\u00fasica, alegr\u00eda y convivencia con la presencia de la gobernadora Roc\u00edo Nahle Garc\u00eda, quien asisti\u00f3 al concierto ofrecido por la Orquesta de C\u00e1mara de Amadeus, originaria de R\u00edo Blanco, en el marco de las fiestas de La Candelaria.<\/p>\n\n\n\n<p>La velada adquiri\u00f3 un car\u00e1cter especial con el homenaje dedicado a Agust\u00edn Lara, El Flaco de Oro, a trav\u00e9s de la interpretaci\u00f3n de melod\u00edas emblem\u00e1ticas como Noche de ronda, Solamente una vez, Amor de mis amores, Las cuerdas de mi guitarra y Pi\u00e9nsalo bien, a cargo del tenor Israel Ram\u00edrez y la soprano Mary Joice Mumentey.<\/p>\n\n\n\n<p>Las interpretaciones fueron recibidas con prolongados aplausos por el p\u00fablico congregado y culminaron con Veracruz, pieza que cerr\u00f3 la noche con un emotivo reconocimiento a la identidad jarocha.<\/p>\n\n\n\n<p>Agust\u00edn Lara es una figura profundamente vinculada a la identidad de Tlacotalpan, no solo por haber nacido en esta tierra, sino porque su obra llev\u00f3 el nombre y el esp\u00edritu del pueblo al coraz\u00f3n de M\u00e9xico y del mundo, consolid\u00e1ndose como un referente cultural que los tlacotalpe\u00f1os reconocen como propio.<\/p>\n\n\n\n<p>Previo al inicio del concierto, la Gobernadora salud\u00f3 a las y los asistentes y se tom\u00f3 fotograf\u00edas con el p\u00fablico, compartiendo momentos de cercan\u00eda en un ambiente festivo que refleja el esp\u00edritu comunitario de estas celebraciones.<\/p>\n","protected":false},"excerpt":{"rendered":"<p>Tlacotalpan, Ver., lunes 02 de febrero de 2026.\u2013 La Plaza de Los Jarochos se colm\u00f3 de m\u00fasica, alegr\u00eda y convivencia con la presencia de la gobernadora Roc\u00edo Nahle Garc\u00eda, quien asisti\u00f3 al concierto ofrecido por la Orquesta de C\u00e1mara de Amadeus, originaria de R\u00edo Blanco, en el marco de las fiestas de La Candelaria. La velada adquiri\u00f3 un car\u00e1cter especial con el homenaje dedicado a Agust\u00edn Lara, El Flaco de Oro, a trav\u00e9s de la interpretaci\u00f3n de melod\u00edas emblem\u00e1ticas como Noche de ronda, Solamente una vez, Amor de mis amores,&hellip;<\/p>\n","protected":false},"author":1,"featured_media":119105,"comment_status":"open","ping_status":"closed","sticky":false,"template":"","format":"standard","meta":{"footnotes":""},"categories":[3,10618],"tags":[],"class_list":["post-119103","post","type-post","status-publish","format-standard","has-post-thumbnail","hentry","category-destacadas","category-eventos-culturales"],"jetpack-related-posts":[],"_links":{"self":[{"href":"https:\/\/www.noticiasperfil.com\/index\/wp-json\/wp\/v2\/posts\/119103","targetHints":{"allow":["GET"]}}],"collection":[{"href":"https:\/\/www.noticiasperfil.com\/index\/wp-json\/wp\/v2\/posts"}],"about":[{"href":"https:\/\/www.noticiasperfil.com\/index\/wp-json\/wp\/v2\/types\/post"}],"author":[{"embeddable":true,"href":"https:\/\/www.noticiasperfil.com\/index\/wp-json\/wp\/v2\/users\/1"}],"replies":[{"embeddable":true,"href":"https:\/\/www.noticiasperfil.com\/index\/wp-json\/wp\/v2\/comments?post=119103"}],"version-history":[{"count":2,"href":"https:\/\/www.noticiasperfil.com\/index\/wp-json\/wp\/v2\/posts\/119103\/revisions"}],"predecessor-version":[{"id":119107,"href":"https:\/\/www.noticiasperfil.com\/index\/wp-json\/wp\/v2\/posts\/119103\/revisions\/119107"}],"wp:featuredmedia":[{"embeddable":true,"href":"https:\/\/www.noticiasperfil.com\/index\/wp-json\/wp\/v2\/media\/119105"}],"wp:attachment":[{"href":"https:\/\/www.noticiasperfil.com\/index\/wp-json\/wp\/v2\/media?parent=119103"}],"wp:term":[{"taxonomy":"category","embeddable":true,"href":"https:\/\/www.noticiasperfil.com\/index\/wp-json\/wp\/v2\/categories?post=119103"},{"taxonomy":"post_tag","embeddable":true,"href":"https:\/\/www.noticiasperfil.com\/index\/wp-json\/wp\/v2\/tags?post=119103"}],"curies":[{"name":"wp","href":"https:\/\/api.w.org\/{rel}","templated":true}]}}