{"id":119111,"date":"2026-02-03T19:58:31","date_gmt":"2026-02-04T01:58:31","guid":{"rendered":"https:\/\/www.noticiasperfil.com\/index\/?p=119111"},"modified":"2026-02-03T19:58:34","modified_gmt":"2026-02-04T01:58:34","slug":"van-13-casos-de-sarampion-y-cero-defunciones","status":"publish","type":"post","link":"https:\/\/www.noticiasperfil.com\/index\/2026\/02\/03\/van-13-casos-de-sarampion-y-cero-defunciones\/","title":{"rendered":"Van 13 casos de sarampi\u00f3n y cero defunciones"},"content":{"rendered":"\n<p>*Van 13 casos de sarampi\u00f3n y cero defunciones<br>*Ya vienen un mill\u00f3n de vacunas para Veracruz<br>*Destaca la gobernadora<\/p>\n\n\n\n<p>XALAPA, VER.- La gobernadora Norma Roc\u00edo Nahle Garc\u00eda, confirm\u00f3 13 casos de sarampi\u00f3n y cero defunciones.<br>Destac\u00f3 que solicit\u00f3 un mill\u00f3n de vacunas m\u00e1s \u00abya nos las confirmaron y han estado llegando vacunas para que se apliquen en todas las jurisdicciones sanitarias\u00bb.<br>En conferencia de prensa, la gobernadora Norma Roc\u00edo Nahle Garc\u00eda, precis\u00f3 que se han aplicado 41 mil 270 vacunas y 152 mil a ni\u00f1os\u00bb.<br>Refiri\u00f3 que Veracruz arranc\u00f3 con una campa\u00f1a de vacunaci\u00f3n \u00abprecisamente ante el brote de sarampi\u00f3n\u00bb.<br>La gobernadora Norma Roc\u00edo Nahle Garc\u00eda, dijo desconocer en donde se detectaron los casos de sarampi\u00f3n\u00bb.<\/p>\n","protected":false},"excerpt":{"rendered":"<p>*Van 13 casos de sarampi\u00f3n y cero defunciones*Ya vienen un mill\u00f3n de vacunas para Veracruz*Destaca la gobernadora XALAPA, VER.- La gobernadora Norma Roc\u00edo Nahle Garc\u00eda, confirm\u00f3 13 casos de sarampi\u00f3n y cero defunciones.Destac\u00f3 que solicit\u00f3 un mill\u00f3n de vacunas m\u00e1s \u00abya nos las confirmaron y han estado llegando vacunas para que se apliquen en todas las jurisdicciones sanitarias\u00bb.En conferencia de prensa, la gobernadora Norma Roc\u00edo Nahle Garc\u00eda, precis\u00f3 que se han aplicado 41 mil 270 vacunas y 152 mil a ni\u00f1os\u00bb.Refiri\u00f3 que Veracruz arranc\u00f3 con una campa\u00f1a de vacunaci\u00f3n \u00abprecisamente&hellip;<\/p>\n","protected":false},"author":1,"featured_media":119112,"comment_status":"open","ping_status":"closed","sticky":false,"template":"","format":"standard","meta":{"footnotes":""},"categories":[3,10619],"tags":[],"class_list":["post-119111","post","type-post","status-publish","format-standard","has-post-thumbnail","hentry","category-destacadas","category-salud"],"jetpack-related-posts":[],"_links":{"self":[{"href":"https:\/\/www.noticiasperfil.com\/index\/wp-json\/wp\/v2\/posts\/119111","targetHints":{"allow":["GET"]}}],"collection":[{"href":"https:\/\/www.noticiasperfil.com\/index\/wp-json\/wp\/v2\/posts"}],"about":[{"href":"https:\/\/www.noticiasperfil.com\/index\/wp-json\/wp\/v2\/types\/post"}],"author":[{"embeddable":true,"href":"https:\/\/www.noticiasperfil.com\/index\/wp-json\/wp\/v2\/users\/1"}],"replies":[{"embeddable":true,"href":"https:\/\/www.noticiasperfil.com\/index\/wp-json\/wp\/v2\/comments?post=119111"}],"version-history":[{"count":1,"href":"https:\/\/www.noticiasperfil.com\/index\/wp-json\/wp\/v2\/posts\/119111\/revisions"}],"predecessor-version":[{"id":119113,"href":"https:\/\/www.noticiasperfil.com\/index\/wp-json\/wp\/v2\/posts\/119111\/revisions\/119113"}],"wp:featuredmedia":[{"embeddable":true,"href":"https:\/\/www.noticiasperfil.com\/index\/wp-json\/wp\/v2\/media\/119112"}],"wp:attachment":[{"href":"https:\/\/www.noticiasperfil.com\/index\/wp-json\/wp\/v2\/media?parent=119111"}],"wp:term":[{"taxonomy":"category","embeddable":true,"href":"https:\/\/www.noticiasperfil.com\/index\/wp-json\/wp\/v2\/categories?post=119111"},{"taxonomy":"post_tag","embeddable":true,"href":"https:\/\/www.noticiasperfil.com\/index\/wp-json\/wp\/v2\/tags?post=119111"}],"curies":[{"name":"wp","href":"https:\/\/api.w.org\/{rel}","templated":true}]}}