{"id":119114,"date":"2026-02-03T20:00:00","date_gmt":"2026-02-04T02:00:00","guid":{"rendered":"https:\/\/www.noticiasperfil.com\/index\/?p=119114"},"modified":"2026-02-03T20:00:07","modified_gmt":"2026-02-04T02:00:07","slug":"descarta-la-gobernadora-casos-de-rabia-en-veracruz","status":"publish","type":"post","link":"https:\/\/www.noticiasperfil.com\/index\/2026\/02\/03\/descarta-la-gobernadora-casos-de-rabia-en-veracruz\/","title":{"rendered":"Descarta la gobernadora casos de rabia en Veracruz"},"content":{"rendered":"\n<figure class=\"wp-block-image alignwide size-large\"><img loading=\"lazy\" decoding=\"async\" width=\"640\" height=\"366\" data-attachment-id=\"119115\" data-permalink=\"https:\/\/www.noticiasperfil.com\/index\/2026\/02\/03\/descarta-la-gobernadora-casos-de-rabia-en-veracruz\/casos-rabia-veracruz\/\" data-orig-file=\"https:\/\/i2.wp.com\/www.noticiasperfil.com\/index\/wp-content\/uploads\/2026\/02\/casos-rabia-veracruz.jpeg?fit=1280%2C960&amp;ssl=1\" data-orig-size=\"1280,960\" data-comments-opened=\"1\" data-image-meta=\"{&quot;aperture&quot;:&quot;0&quot;,&quot;credit&quot;:&quot;&quot;,&quot;camera&quot;:&quot;&quot;,&quot;caption&quot;:&quot;&quot;,&quot;created_timestamp&quot;:&quot;0&quot;,&quot;copyright&quot;:&quot;&quot;,&quot;focal_length&quot;:&quot;0&quot;,&quot;iso&quot;:&quot;0&quot;,&quot;shutter_speed&quot;:&quot;0&quot;,&quot;title&quot;:&quot;&quot;,&quot;orientation&quot;:&quot;0&quot;}\" data-image-title=\"casos-rabia-veracruz\" data-image-description=\"\" data-medium-file=\"https:\/\/i2.wp.com\/www.noticiasperfil.com\/index\/wp-content\/uploads\/2026\/02\/casos-rabia-veracruz.jpeg?fit=660%2C365&amp;ssl=1\" data-large-file=\"https:\/\/i2.wp.com\/www.noticiasperfil.com\/index\/wp-content\/uploads\/2026\/02\/casos-rabia-veracruz.jpeg?fit=640%2C366&amp;ssl=1\" src=\"https:\/\/i2.wp.com\/www.noticiasperfil.com\/index\/wp-content\/uploads\/2026\/02\/casos-rabia-veracruz.jpeg?resize=640%2C366&#038;ssl=1\" alt=\"\" class=\"wp-image-119115\" data-recalc-dims=\"1\"\/><\/figure>\n\n\n\n<p>*Descarta la gobernadora<br>*Casos de rabia en Veracruz<br>*El \u00fanico caso reportado fue en el 2025<\/p>\n\n\n\n<p>XALAPA, VER.- La gobernadora Norma Roc\u00edo Nahle Garc\u00eda, asegur\u00f3 que en Veracruz no se han reportado casos de rabia humana, como circul\u00f3 en d\u00edas pasados en el municipio de Jes\u00fas Carranza.<br>Fue el delegado del IMSS-BIENESTAR, Roberto Ramos Alor, qui\u00e9n aclar\u00f3 que la supuesta defunci\u00f3n por rabia humana en la entidad &#8216;y tras la verificaci\u00f3n de la plataforma estatal de Salud P\u00fablica no existe defunci\u00f3n por rabia en el 2026&#8243;.<br>La informaci\u00f3n, dijo, corresponde a una situaci\u00f3n extempor\u00e1nea del a\u00f1o pasado.<br>\u00abSe detalla un caso de rabia correspondiente al 2025\u00bb.<br>Cabe mencionar que en d\u00edas pasados, el alcalde de Jes\u00fas Carranza, Ranferi Platas Rodr\u00edguez, lanz\u00f3 una alerta sobre el riesgo de rabia humana en la regi\u00f3n sur de Veracruz, luego de confirmarse el fallecimiento de una persona en el municipio de Isla, presuntamente asociado a la mordedura de un murci\u00e9lago.<\/p>\n","protected":false},"excerpt":{"rendered":"<p>*Descarta la gobernadora*Casos de rabia en Veracruz*El \u00fanico caso reportado fue en el 2025 XALAPA, VER.- La gobernadora Norma Roc\u00edo Nahle Garc\u00eda, asegur\u00f3 que en Veracruz no se han reportado casos de rabia humana, como circul\u00f3 en d\u00edas pasados en el municipio de Jes\u00fas Carranza.Fue el delegado del IMSS-BIENESTAR, Roberto Ramos Alor, qui\u00e9n aclar\u00f3 que la supuesta defunci\u00f3n por rabia humana en la entidad &#8216;y tras la verificaci\u00f3n de la plataforma estatal de Salud P\u00fablica no existe defunci\u00f3n por rabia en el 2026&#8243;.La informaci\u00f3n, dijo, corresponde a una situaci\u00f3n extempor\u00e1nea&hellip;<\/p>\n","protected":false},"author":1,"featured_media":119115,"comment_status":"open","ping_status":"closed","sticky":false,"template":"","format":"standard","meta":{"footnotes":""},"categories":[3,10619],"tags":[],"class_list":["post-119114","post","type-post","status-publish","format-standard","has-post-thumbnail","hentry","category-destacadas","category-salud"],"jetpack-related-posts":[],"_links":{"self":[{"href":"https:\/\/www.noticiasperfil.com\/index\/wp-json\/wp\/v2\/posts\/119114","targetHints":{"allow":["GET"]}}],"collection":[{"href":"https:\/\/www.noticiasperfil.com\/index\/wp-json\/wp\/v2\/posts"}],"about":[{"href":"https:\/\/www.noticiasperfil.com\/index\/wp-json\/wp\/v2\/types\/post"}],"author":[{"embeddable":true,"href":"https:\/\/www.noticiasperfil.com\/index\/wp-json\/wp\/v2\/users\/1"}],"replies":[{"embeddable":true,"href":"https:\/\/www.noticiasperfil.com\/index\/wp-json\/wp\/v2\/comments?post=119114"}],"version-history":[{"count":1,"href":"https:\/\/www.noticiasperfil.com\/index\/wp-json\/wp\/v2\/posts\/119114\/revisions"}],"predecessor-version":[{"id":119116,"href":"https:\/\/www.noticiasperfil.com\/index\/wp-json\/wp\/v2\/posts\/119114\/revisions\/119116"}],"wp:featuredmedia":[{"embeddable":true,"href":"https:\/\/www.noticiasperfil.com\/index\/wp-json\/wp\/v2\/media\/119115"}],"wp:attachment":[{"href":"https:\/\/www.noticiasperfil.com\/index\/wp-json\/wp\/v2\/media?parent=119114"}],"wp:term":[{"taxonomy":"category","embeddable":true,"href":"https:\/\/www.noticiasperfil.com\/index\/wp-json\/wp\/v2\/categories?post=119114"},{"taxonomy":"post_tag","embeddable":true,"href":"https:\/\/www.noticiasperfil.com\/index\/wp-json\/wp\/v2\/tags?post=119114"}],"curies":[{"name":"wp","href":"https:\/\/api.w.org\/{rel}","templated":true}]}}