{"id":119196,"date":"2026-02-05T21:17:34","date_gmt":"2026-02-06T03:17:34","guid":{"rendered":"https:\/\/www.noticiasperfil.com\/index\/?p=119196"},"modified":"2026-02-05T21:17:38","modified_gmt":"2026-02-06T03:17:38","slug":"veracruz-conforma-seleccion-de-68-judocas-para-el-nacional-tomoyoshi-yamaguchi","status":"publish","type":"post","link":"https:\/\/www.noticiasperfil.com\/index\/2026\/02\/05\/veracruz-conforma-seleccion-de-68-judocas-para-el-nacional-tomoyoshi-yamaguchi\/","title":{"rendered":"Veracruz conforma selecci\u00f3n de 68 judocas para el Nacional Tomoyoshi Yamaguchi"},"content":{"rendered":"\n<figure class=\"wp-block-gallery has-nested-images columns-default is-cropped wp-block-gallery-1 is-layout-flex wp-block-gallery-is-layout-flex\">\n<figure class=\"wp-block-image size-large\"><img loading=\"lazy\" decoding=\"async\" width=\"1600\" height=\"1417\" data-attachment-id=\"119201\" data-permalink=\"https:\/\/www.noticiasperfil.com\/index\/2026\/02\/05\/veracruz-conforma-seleccion-de-68-judocas-para-el-nacional-tomoyoshi-yamaguchi\/judocas-nacional-tomoyoshi-02\/\" data-orig-file=\"https:\/\/i1.wp.com\/www.noticiasperfil.com\/index\/wp-content\/uploads\/2026\/02\/judocas-nacional-tomoyoshi-02.jpg?fit=1600%2C1417&amp;ssl=1\" data-orig-size=\"1600,1417\" data-comments-opened=\"1\" data-image-meta=\"{&quot;aperture&quot;:&quot;0&quot;,&quot;credit&quot;:&quot;&quot;,&quot;camera&quot;:&quot;&quot;,&quot;caption&quot;:&quot;&quot;,&quot;created_timestamp&quot;:&quot;0&quot;,&quot;copyright&quot;:&quot;&quot;,&quot;focal_length&quot;:&quot;0&quot;,&quot;iso&quot;:&quot;0&quot;,&quot;shutter_speed&quot;:&quot;0&quot;,&quot;title&quot;:&quot;&quot;,&quot;orientation&quot;:&quot;0&quot;}\" data-image-title=\"judocas-nacional-tomoyoshi-02\" data-image-description=\"\" data-medium-file=\"https:\/\/i1.wp.com\/www.noticiasperfil.com\/index\/wp-content\/uploads\/2026\/02\/judocas-nacional-tomoyoshi-02.jpg?fit=660%2C365&amp;ssl=1\" data-large-file=\"https:\/\/i1.wp.com\/www.noticiasperfil.com\/index\/wp-content\/uploads\/2026\/02\/judocas-nacional-tomoyoshi-02.jpg?fit=640%2C366&amp;ssl=1\" data-id=\"119201\" src=\"https:\/\/i1.wp.com\/www.noticiasperfil.com\/index\/wp-content\/uploads\/2026\/02\/judocas-nacional-tomoyoshi-02.jpg?fit=640%2C366&amp;ssl=1\" alt=\"\" class=\"wp-image-119201\" srcset=\"https:\/\/i1.wp.com\/www.noticiasperfil.com\/index\/wp-content\/uploads\/2026\/02\/judocas-nacional-tomoyoshi-02.jpg?w=1600&amp;ssl=1 1600w, https:\/\/i1.wp.com\/www.noticiasperfil.com\/index\/wp-content\/uploads\/2026\/02\/judocas-nacional-tomoyoshi-02.jpg?resize=1536%2C1360&amp;ssl=1 1536w, https:\/\/i1.wp.com\/www.noticiasperfil.com\/index\/wp-content\/uploads\/2026\/02\/judocas-nacional-tomoyoshi-02.jpg?w=1280&amp;ssl=1 1280w\" sizes=\"auto, (max-width: 640px) 100vw, 640px\" \/><\/figure>\n\n\n\n<figure class=\"wp-block-image size-large\"><img loading=\"lazy\" decoding=\"async\" width=\"1543\" height=\"1600\" data-attachment-id=\"119200\" data-permalink=\"https:\/\/www.noticiasperfil.com\/index\/2026\/02\/05\/veracruz-conforma-seleccion-de-68-judocas-para-el-nacional-tomoyoshi-yamaguchi\/judocas-nacional-tomoyoshi-01\/\" data-orig-file=\"https:\/\/i2.wp.com\/www.noticiasperfil.com\/index\/wp-content\/uploads\/2026\/02\/judocas-nacional-tomoyoshi-01.jpg?fit=1543%2C1600&amp;ssl=1\" data-orig-size=\"1543,1600\" data-comments-opened=\"1\" data-image-meta=\"{&quot;aperture&quot;:&quot;0&quot;,&quot;credit&quot;:&quot;&quot;,&quot;camera&quot;:&quot;&quot;,&quot;caption&quot;:&quot;&quot;,&quot;created_timestamp&quot;:&quot;0&quot;,&quot;copyright&quot;:&quot;&quot;,&quot;focal_length&quot;:&quot;0&quot;,&quot;iso&quot;:&quot;0&quot;,&quot;shutter_speed&quot;:&quot;0&quot;,&quot;title&quot;:&quot;&quot;,&quot;orientation&quot;:&quot;0&quot;}\" data-image-title=\"judocas-nacional-tomoyoshi-01\" data-image-description=\"\" data-medium-file=\"https:\/\/i2.wp.com\/www.noticiasperfil.com\/index\/wp-content\/uploads\/2026\/02\/judocas-nacional-tomoyoshi-01.jpg?fit=660%2C365&amp;ssl=1\" data-large-file=\"https:\/\/i2.wp.com\/www.noticiasperfil.com\/index\/wp-content\/uploads\/2026\/02\/judocas-nacional-tomoyoshi-01.jpg?fit=640%2C366&amp;ssl=1\" data-id=\"119200\" src=\"https:\/\/i2.wp.com\/www.noticiasperfil.com\/index\/wp-content\/uploads\/2026\/02\/judocas-nacional-tomoyoshi-01.jpg?fit=640%2C366&amp;ssl=1\" alt=\"\" class=\"wp-image-119200\" srcset=\"https:\/\/i2.wp.com\/www.noticiasperfil.com\/index\/wp-content\/uploads\/2026\/02\/judocas-nacional-tomoyoshi-01.jpg?w=1543&amp;ssl=1 1543w, https:\/\/i2.wp.com\/www.noticiasperfil.com\/index\/wp-content\/uploads\/2026\/02\/judocas-nacional-tomoyoshi-01.jpg?resize=1481%2C1536&amp;ssl=1 1481w, https:\/\/i2.wp.com\/www.noticiasperfil.com\/index\/wp-content\/uploads\/2026\/02\/judocas-nacional-tomoyoshi-01.jpg?w=1280&amp;ssl=1 1280w\" sizes=\"auto, (max-width: 640px) 100vw, 640px\" \/><\/figure>\n\n\n\n<figure class=\"wp-block-image size-large\"><img loading=\"lazy\" decoding=\"async\" width=\"1600\" height=\"1066\" data-attachment-id=\"119199\" data-permalink=\"https:\/\/www.noticiasperfil.com\/index\/2026\/02\/05\/veracruz-conforma-seleccion-de-68-judocas-para-el-nacional-tomoyoshi-yamaguchi\/judocas-nacional-tomoyoshi-05\/\" data-orig-file=\"https:\/\/i1.wp.com\/www.noticiasperfil.com\/index\/wp-content\/uploads\/2026\/02\/judocas-nacional-tomoyoshi-05.jpg?fit=1600%2C1066&amp;ssl=1\" data-orig-size=\"1600,1066\" data-comments-opened=\"1\" data-image-meta=\"{&quot;aperture&quot;:&quot;0&quot;,&quot;credit&quot;:&quot;&quot;,&quot;camera&quot;:&quot;&quot;,&quot;caption&quot;:&quot;&quot;,&quot;created_timestamp&quot;:&quot;0&quot;,&quot;copyright&quot;:&quot;&quot;,&quot;focal_length&quot;:&quot;0&quot;,&quot;iso&quot;:&quot;0&quot;,&quot;shutter_speed&quot;:&quot;0&quot;,&quot;title&quot;:&quot;&quot;,&quot;orientation&quot;:&quot;0&quot;}\" data-image-title=\"judocas-nacional-tomoyoshi-05\" data-image-description=\"\" data-medium-file=\"https:\/\/i1.wp.com\/www.noticiasperfil.com\/index\/wp-content\/uploads\/2026\/02\/judocas-nacional-tomoyoshi-05.jpg?fit=660%2C365&amp;ssl=1\" data-large-file=\"https:\/\/i1.wp.com\/www.noticiasperfil.com\/index\/wp-content\/uploads\/2026\/02\/judocas-nacional-tomoyoshi-05.jpg?fit=640%2C366&amp;ssl=1\" data-id=\"119199\" src=\"https:\/\/i1.wp.com\/www.noticiasperfil.com\/index\/wp-content\/uploads\/2026\/02\/judocas-nacional-tomoyoshi-05.jpg?fit=640%2C366&amp;ssl=1\" alt=\"\" class=\"wp-image-119199\" srcset=\"https:\/\/i1.wp.com\/www.noticiasperfil.com\/index\/wp-content\/uploads\/2026\/02\/judocas-nacional-tomoyoshi-05.jpg?w=1600&amp;ssl=1 1600w, https:\/\/i1.wp.com\/www.noticiasperfil.com\/index\/wp-content\/uploads\/2026\/02\/judocas-nacional-tomoyoshi-05.jpg?resize=1536%2C1023&amp;ssl=1 1536w, https:\/\/i1.wp.com\/www.noticiasperfil.com\/index\/wp-content\/uploads\/2026\/02\/judocas-nacional-tomoyoshi-05.jpg?w=1280&amp;ssl=1 1280w\" sizes=\"auto, (max-width: 640px) 100vw, 640px\" \/><\/figure>\n\n\n\n<figure class=\"wp-block-image size-large\"><img loading=\"lazy\" decoding=\"async\" width=\"1600\" height=\"1229\" data-attachment-id=\"119198\" data-permalink=\"https:\/\/www.noticiasperfil.com\/index\/2026\/02\/05\/veracruz-conforma-seleccion-de-68-judocas-para-el-nacional-tomoyoshi-yamaguchi\/judocas-nacional-tomoyoshi-04\/\" data-orig-file=\"https:\/\/i2.wp.com\/www.noticiasperfil.com\/index\/wp-content\/uploads\/2026\/02\/judocas-nacional-tomoyoshi-04.jpg?fit=1600%2C1229&amp;ssl=1\" data-orig-size=\"1600,1229\" data-comments-opened=\"1\" data-image-meta=\"{&quot;aperture&quot;:&quot;0&quot;,&quot;credit&quot;:&quot;&quot;,&quot;camera&quot;:&quot;&quot;,&quot;caption&quot;:&quot;&quot;,&quot;created_timestamp&quot;:&quot;0&quot;,&quot;copyright&quot;:&quot;&quot;,&quot;focal_length&quot;:&quot;0&quot;,&quot;iso&quot;:&quot;0&quot;,&quot;shutter_speed&quot;:&quot;0&quot;,&quot;title&quot;:&quot;&quot;,&quot;orientation&quot;:&quot;0&quot;}\" data-image-title=\"judocas-nacional-tomoyoshi-04\" data-image-description=\"\" data-medium-file=\"https:\/\/i2.wp.com\/www.noticiasperfil.com\/index\/wp-content\/uploads\/2026\/02\/judocas-nacional-tomoyoshi-04.jpg?fit=660%2C365&amp;ssl=1\" data-large-file=\"https:\/\/i2.wp.com\/www.noticiasperfil.com\/index\/wp-content\/uploads\/2026\/02\/judocas-nacional-tomoyoshi-04.jpg?fit=640%2C366&amp;ssl=1\" data-id=\"119198\" src=\"https:\/\/i2.wp.com\/www.noticiasperfil.com\/index\/wp-content\/uploads\/2026\/02\/judocas-nacional-tomoyoshi-04.jpg?fit=640%2C366&amp;ssl=1\" alt=\"\" class=\"wp-image-119198\" srcset=\"https:\/\/i2.wp.com\/www.noticiasperfil.com\/index\/wp-content\/uploads\/2026\/02\/judocas-nacional-tomoyoshi-04.jpg?w=1600&amp;ssl=1 1600w, https:\/\/i2.wp.com\/www.noticiasperfil.com\/index\/wp-content\/uploads\/2026\/02\/judocas-nacional-tomoyoshi-04.jpg?resize=1536%2C1180&amp;ssl=1 1536w, https:\/\/i2.wp.com\/www.noticiasperfil.com\/index\/wp-content\/uploads\/2026\/02\/judocas-nacional-tomoyoshi-04.jpg?w=1280&amp;ssl=1 1280w\" sizes=\"auto, (max-width: 640px) 100vw, 640px\" \/><\/figure>\n\n\n\n<figure class=\"wp-block-image size-large\"><img loading=\"lazy\" decoding=\"async\" width=\"1600\" height=\"1381\" data-attachment-id=\"119197\" data-permalink=\"https:\/\/www.noticiasperfil.com\/index\/2026\/02\/05\/veracruz-conforma-seleccion-de-68-judocas-para-el-nacional-tomoyoshi-yamaguchi\/judocas-nacional-tomoyoshi-03\/\" data-orig-file=\"https:\/\/i0.wp.com\/www.noticiasperfil.com\/index\/wp-content\/uploads\/2026\/02\/judocas-nacional-tomoyoshi-03.jpg?fit=1600%2C1381&amp;ssl=1\" data-orig-size=\"1600,1381\" data-comments-opened=\"1\" data-image-meta=\"{&quot;aperture&quot;:&quot;0&quot;,&quot;credit&quot;:&quot;&quot;,&quot;camera&quot;:&quot;&quot;,&quot;caption&quot;:&quot;&quot;,&quot;created_timestamp&quot;:&quot;0&quot;,&quot;copyright&quot;:&quot;&quot;,&quot;focal_length&quot;:&quot;0&quot;,&quot;iso&quot;:&quot;0&quot;,&quot;shutter_speed&quot;:&quot;0&quot;,&quot;title&quot;:&quot;&quot;,&quot;orientation&quot;:&quot;0&quot;}\" data-image-title=\"judocas-nacional-tomoyoshi-03\" data-image-description=\"\" data-medium-file=\"https:\/\/i0.wp.com\/www.noticiasperfil.com\/index\/wp-content\/uploads\/2026\/02\/judocas-nacional-tomoyoshi-03.jpg?fit=660%2C365&amp;ssl=1\" data-large-file=\"https:\/\/i0.wp.com\/www.noticiasperfil.com\/index\/wp-content\/uploads\/2026\/02\/judocas-nacional-tomoyoshi-03.jpg?fit=640%2C366&amp;ssl=1\" data-id=\"119197\" src=\"https:\/\/i0.wp.com\/www.noticiasperfil.com\/index\/wp-content\/uploads\/2026\/02\/judocas-nacional-tomoyoshi-03.jpg?fit=640%2C366&amp;ssl=1\" alt=\"\" class=\"wp-image-119197\" srcset=\"https:\/\/i0.wp.com\/www.noticiasperfil.com\/index\/wp-content\/uploads\/2026\/02\/judocas-nacional-tomoyoshi-03.jpg?w=1600&amp;ssl=1 1600w, https:\/\/i0.wp.com\/www.noticiasperfil.com\/index\/wp-content\/uploads\/2026\/02\/judocas-nacional-tomoyoshi-03.jpg?resize=1536%2C1326&amp;ssl=1 1536w, https:\/\/i0.wp.com\/www.noticiasperfil.com\/index\/wp-content\/uploads\/2026\/02\/judocas-nacional-tomoyoshi-03.jpg?w=1280&amp;ssl=1 1280w\" sizes=\"auto, (max-width: 640px) 100vw, 640px\" \/><\/figure>\n<\/figure>\n\n\n\n<p><strong>Boca del R\u00edo, Ver., jueves 05 de febrero de 2026.- <\/strong>Un total de 68 atletas integran la selecci\u00f3n veracruzana de judo que competir\u00e1 en el Torneo Nacional Tomoyoshi Yamaguchi, evento clasificatorio a la Olimpiada Nacional CONADE 2026, tras concluir la fase Estatal celebrada en Xalapa.<\/p>\n\n\n\n<p>La delegaci\u00f3n est\u00e1 conformada por judocas de las categor\u00edas Sub 15, Sub 18, Sub 21 y Sub 24, en las ramas varonil y femenil, quienes obtuvieron el primer y segundo lugar en el Estatal realizado el pasado fin de semana.<\/p>\n\n\n\n<p>Del total de seleccionados, 38 son hombres y 30 mujeres. Xalapa encabeza la aportaci\u00f3n de atletas con 34 competidores, seguida de Coatzacoalcos con 21, C\u00f3rdoba con seis, Puente Nacional con tres, y con un representante cada uno Boca del R\u00edo, Nogales, Veracruz y Ciudad Mendoza.<\/p>\n\n\n\n<p>En el equipo destacan medallistas de la Olimpiada Nacional 2025, encabezados por el campe\u00f3n nacional Samuel Valdivieso Gardu\u00f1o, adem\u00e1s de Iemi Aguilar Pantoja, Jarett Humberto Rodr\u00edguez Cruz, Valeria Giselle Pe\u00f1a Mendoza, Alan Eduardo Rodr\u00edguez Guti\u00e9rrez, Mar\u00eda Fernanda Montero Ram\u00edrez y Siunely Idaly Rodr\u00edguez M\u00e9ndez.<\/p>\n","protected":false},"excerpt":{"rendered":"<p>Boca del R\u00edo, Ver., jueves 05 de febrero de 2026.- Un total de 68 atletas integran la selecci\u00f3n veracruzana de judo que competir\u00e1 en el Torneo Nacional Tomoyoshi Yamaguchi, evento clasificatorio a la Olimpiada Nacional CONADE 2026, tras concluir la fase Estatal celebrada en Xalapa. La delegaci\u00f3n est\u00e1 conformada por judocas de las categor\u00edas Sub 15, Sub 18, Sub 21 y Sub 24, en las ramas varonil y femenil, quienes obtuvieron el primer y segundo lugar en el Estatal realizado el pasado fin de semana. Del total de seleccionados, 38&hellip;<\/p>\n","protected":false},"author":1,"featured_media":119201,"comment_status":"open","ping_status":"closed","sticky":false,"template":"","format":"standard","meta":{"footnotes":""},"categories":[10607,3],"tags":[],"class_list":["post-119196","post","type-post","status-publish","format-standard","has-post-thumbnail","hentry","category-deportes","category-destacadas"],"jetpack-related-posts":[],"_links":{"self":[{"href":"https:\/\/www.noticiasperfil.com\/index\/wp-json\/wp\/v2\/posts\/119196","targetHints":{"allow":["GET"]}}],"collection":[{"href":"https:\/\/www.noticiasperfil.com\/index\/wp-json\/wp\/v2\/posts"}],"about":[{"href":"https:\/\/www.noticiasperfil.com\/index\/wp-json\/wp\/v2\/types\/post"}],"author":[{"embeddable":true,"href":"https:\/\/www.noticiasperfil.com\/index\/wp-json\/wp\/v2\/users\/1"}],"replies":[{"embeddable":true,"href":"https:\/\/www.noticiasperfil.com\/index\/wp-json\/wp\/v2\/comments?post=119196"}],"version-history":[{"count":1,"href":"https:\/\/www.noticiasperfil.com\/index\/wp-json\/wp\/v2\/posts\/119196\/revisions"}],"predecessor-version":[{"id":119202,"href":"https:\/\/www.noticiasperfil.com\/index\/wp-json\/wp\/v2\/posts\/119196\/revisions\/119202"}],"wp:featuredmedia":[{"embeddable":true,"href":"https:\/\/www.noticiasperfil.com\/index\/wp-json\/wp\/v2\/media\/119201"}],"wp:attachment":[{"href":"https:\/\/www.noticiasperfil.com\/index\/wp-json\/wp\/v2\/media?parent=119196"}],"wp:term":[{"taxonomy":"category","embeddable":true,"href":"https:\/\/www.noticiasperfil.com\/index\/wp-json\/wp\/v2\/categories?post=119196"},{"taxonomy":"post_tag","embeddable":true,"href":"https:\/\/www.noticiasperfil.com\/index\/wp-json\/wp\/v2\/tags?post=119196"}],"curies":[{"name":"wp","href":"https:\/\/api.w.org\/{rel}","templated":true}]}}