{"id":119223,"date":"2026-02-05T21:41:52","date_gmt":"2026-02-06T03:41:52","guid":{"rendered":"https:\/\/www.noticiasperfil.com\/index\/?p=119223"},"modified":"2026-02-05T21:41:56","modified_gmt":"2026-02-06T03:41:56","slug":"ajedrecistas-avanzan-al-regional-de-la-olimpiada-nacional-conade","status":"publish","type":"post","link":"https:\/\/www.noticiasperfil.com\/index\/2026\/02\/05\/ajedrecistas-avanzan-al-regional-de-la-olimpiada-nacional-conade\/","title":{"rendered":"Ajedrecistas avanzan al Regional de la Olimpiada Nacional CONADE"},"content":{"rendered":"\n<figure class=\"wp-block-image alignwide size-large\"><img loading=\"lazy\" decoding=\"async\" width=\"640\" height=\"366\" data-attachment-id=\"119219\" data-permalink=\"https:\/\/www.noticiasperfil.com\/index\/2026\/02\/05\/alegoria-carnestolenda-dialogo-entre-artes-visuales-y-cultura-popular\/alegoria-carnestolenda2\/\" data-orig-file=\"https:\/\/i0.wp.com\/www.noticiasperfil.com\/index\/wp-content\/uploads\/2026\/02\/alegoria-carnestolenda2.jpeg?fit=1600%2C1066&amp;ssl=1\" data-orig-size=\"1600,1066\" data-comments-opened=\"1\" data-image-meta=\"{&quot;aperture&quot;:&quot;0&quot;,&quot;credit&quot;:&quot;&quot;,&quot;camera&quot;:&quot;&quot;,&quot;caption&quot;:&quot;&quot;,&quot;created_timestamp&quot;:&quot;0&quot;,&quot;copyright&quot;:&quot;&quot;,&quot;focal_length&quot;:&quot;0&quot;,&quot;iso&quot;:&quot;0&quot;,&quot;shutter_speed&quot;:&quot;0&quot;,&quot;title&quot;:&quot;&quot;,&quot;orientation&quot;:&quot;0&quot;}\" data-image-title=\"alegoria-carnestolenda2\" data-image-description=\"\" data-medium-file=\"https:\/\/i0.wp.com\/www.noticiasperfil.com\/index\/wp-content\/uploads\/2026\/02\/alegoria-carnestolenda2.jpeg?fit=660%2C365&amp;ssl=1\" data-large-file=\"https:\/\/i0.wp.com\/www.noticiasperfil.com\/index\/wp-content\/uploads\/2026\/02\/alegoria-carnestolenda2.jpeg?fit=640%2C366&amp;ssl=1\" src=\"https:\/\/i0.wp.com\/www.noticiasperfil.com\/index\/wp-content\/uploads\/2026\/02\/alegoria-carnestolenda2.jpeg?resize=640%2C366&#038;ssl=1\" alt=\"\" class=\"wp-image-119219\" data-recalc-dims=\"1\"\/><\/figure>\n\n\n\n<p><strong>Xalapa, Ver., jueves 05 de febrero de 2026.-<\/strong> Una vez concluido el Estatal de Ajedrez, ha quedado conformada la representaci\u00f3n veracruzana que ir\u00e1 a la etapa Regional de la especialidad, uno de los tres deportes en los que el estado ser\u00e1 sede rumbo a la Olimpiada Nacional CONADE 2026, a celebrarse en esta capital del 12 al 15 de marzo.<\/p>\n\n\n\n<p>La medallista de la Olimpiada Nacional 2025, Miriam Pamela Pulido encabeza esta selecci\u00f3n buscando mejorar lo realizado en la edici\u00f3n pasada.<\/p>\n\n\n\n<p>De acuerdo con el Anexo T\u00e9cnico de Ajedrez, califican el primero y segundo lugar de cada categor\u00eda y rama para la etapa Regional. Los veracruzanos calificados son:<\/p>\n\n\n\n<p>Categor\u00eda 12 y Menores Femenil: Vanessa Santos Ramos y Regina Castillo Ch\u00e1vez; 12 y Menores Varonil: Mat\u00edas Almeyda L\u00f3pez y Mateo Guti\u00e9rrez Z\u00fa\u00f1iga; 13-16 Femenil: Estrella Alessandra Ram\u00edrez y Liah Nicole Calder\u00f3n Gordillo.<\/p>\n\n\n\n<p>En la Categor\u00eda 13-16 Varonil: Jos\u00e9 Leonel Morales y Bryan Abimael Salas Carvajal; 17-20 Femenil: Miriam Pamela Pulido y Vania Gines Serrado, y en la 17-20 Varonil: Amisadai Lagunes y Diego Agust\u00edn Garc\u00eda Flores.<\/p>\n","protected":false},"excerpt":{"rendered":"<p>Xalapa, Ver., jueves 05 de febrero de 2026.- Una vez concluido el Estatal de Ajedrez, ha quedado conformada la representaci\u00f3n veracruzana que ir\u00e1 a la etapa Regional de la especialidad, uno de los tres deportes en los que el estado ser\u00e1 sede rumbo a la Olimpiada Nacional CONADE 2026, a celebrarse en esta capital del 12 al 15 de marzo. La medallista de la Olimpiada Nacional 2025, Miriam Pamela Pulido encabeza esta selecci\u00f3n buscando mejorar lo realizado en la edici\u00f3n pasada. De acuerdo con el Anexo T\u00e9cnico de Ajedrez, califican&hellip;<\/p>\n","protected":false},"author":1,"featured_media":119219,"comment_status":"open","ping_status":"closed","sticky":false,"template":"","format":"standard","meta":{"footnotes":""},"categories":[10607,3],"tags":[],"class_list":["post-119223","post","type-post","status-publish","format-standard","has-post-thumbnail","hentry","category-deportes","category-destacadas"],"jetpack-related-posts":[],"_links":{"self":[{"href":"https:\/\/www.noticiasperfil.com\/index\/wp-json\/wp\/v2\/posts\/119223","targetHints":{"allow":["GET"]}}],"collection":[{"href":"https:\/\/www.noticiasperfil.com\/index\/wp-json\/wp\/v2\/posts"}],"about":[{"href":"https:\/\/www.noticiasperfil.com\/index\/wp-json\/wp\/v2\/types\/post"}],"author":[{"embeddable":true,"href":"https:\/\/www.noticiasperfil.com\/index\/wp-json\/wp\/v2\/users\/1"}],"replies":[{"embeddable":true,"href":"https:\/\/www.noticiasperfil.com\/index\/wp-json\/wp\/v2\/comments?post=119223"}],"version-history":[{"count":1,"href":"https:\/\/www.noticiasperfil.com\/index\/wp-json\/wp\/v2\/posts\/119223\/revisions"}],"predecessor-version":[{"id":119224,"href":"https:\/\/www.noticiasperfil.com\/index\/wp-json\/wp\/v2\/posts\/119223\/revisions\/119224"}],"wp:featuredmedia":[{"embeddable":true,"href":"https:\/\/www.noticiasperfil.com\/index\/wp-json\/wp\/v2\/media\/119219"}],"wp:attachment":[{"href":"https:\/\/www.noticiasperfil.com\/index\/wp-json\/wp\/v2\/media?parent=119223"}],"wp:term":[{"taxonomy":"category","embeddable":true,"href":"https:\/\/www.noticiasperfil.com\/index\/wp-json\/wp\/v2\/categories?post=119223"},{"taxonomy":"post_tag","embeddable":true,"href":"https:\/\/www.noticiasperfil.com\/index\/wp-json\/wp\/v2\/tags?post=119223"}],"curies":[{"name":"wp","href":"https:\/\/api.w.org\/{rel}","templated":true}]}}