{"id":119225,"date":"2026-02-05T21:44:00","date_gmt":"2026-02-06T03:44:00","guid":{"rendered":"https:\/\/www.noticiasperfil.com\/index\/?p=119225"},"modified":"2026-02-05T21:52:41","modified_gmt":"2026-02-06T03:52:41","slug":"gobierno-de-veracruz-realizara-la-2a-jornada-de-tramite-de-pasaporte-estadounidense","status":"publish","type":"post","link":"https:\/\/www.noticiasperfil.com\/index\/2026\/02\/05\/gobierno-de-veracruz-realizara-la-2a-jornada-de-tramite-de-pasaporte-estadounidense\/","title":{"rendered":"Gobierno de Veracruz realizar\u00e1 la 2\u00aa Jornada de Tr\u00e1mite de Pasaporte Estadounidense"},"content":{"rendered":"\n<figure class=\"wp-block-image size-full\"><img loading=\"lazy\" decoding=\"async\" width=\"1024\" height=\"1280\" data-attachment-id=\"119226\" data-permalink=\"https:\/\/www.noticiasperfil.com\/index\/2026\/02\/05\/gobierno-de-veracruz-realizara-la-2a-jornada-de-tramite-de-pasaporte-estadounidense\/tramite-pasaporte-estadounidense\/\" data-orig-file=\"https:\/\/i2.wp.com\/www.noticiasperfil.com\/index\/wp-content\/uploads\/2026\/02\/tramite-pasaporte-estadounidense.jpeg?fit=1024%2C1280&amp;ssl=1\" data-orig-size=\"1024,1280\" data-comments-opened=\"1\" data-image-meta=\"{&quot;aperture&quot;:&quot;0&quot;,&quot;credit&quot;:&quot;&quot;,&quot;camera&quot;:&quot;&quot;,&quot;caption&quot;:&quot;&quot;,&quot;created_timestamp&quot;:&quot;0&quot;,&quot;copyright&quot;:&quot;&quot;,&quot;focal_length&quot;:&quot;0&quot;,&quot;iso&quot;:&quot;0&quot;,&quot;shutter_speed&quot;:&quot;0&quot;,&quot;title&quot;:&quot;&quot;,&quot;orientation&quot;:&quot;0&quot;}\" data-image-title=\"tramite-pasaporte-estadounidense\" data-image-description=\"\" data-medium-file=\"https:\/\/i2.wp.com\/www.noticiasperfil.com\/index\/wp-content\/uploads\/2026\/02\/tramite-pasaporte-estadounidense.jpeg?fit=660%2C365&amp;ssl=1\" data-large-file=\"https:\/\/i2.wp.com\/www.noticiasperfil.com\/index\/wp-content\/uploads\/2026\/02\/tramite-pasaporte-estadounidense.jpeg?fit=640%2C366&amp;ssl=1\" src=\"https:\/\/i2.wp.com\/www.noticiasperfil.com\/index\/wp-content\/uploads\/2026\/02\/tramite-pasaporte-estadounidense.jpeg?fit=1024%2C1280&amp;ssl=1\" alt=\"\" class=\"wp-image-119226\"\/><\/figure>\n\n\n\n<blockquote class=\"wp-block-quote is-layout-flow wp-block-quote-is-layout-flow\">\n<p>Garantiza identidad y certeza jur\u00eddica a la poblaci\u00f3n binacional, especialmente a menores de edad.<\/p>\n<\/blockquote>\n\n\n\n<p><strong>Xalapa, Ver., jueves 05 de febrero de 2026.-<\/strong> La Secretar\u00eda de Gobierno, a trav\u00e9s de la Direcci\u00f3n General de Atenci\u00f3n a Migrantes, inici\u00f3 la 2\u00aa Jornada de Tr\u00e1mite de Pasaporte Estadounidense Tu Identidad sin Fronteras, dirigida a personas nacidas en Estados Unidos, hijas e hijos de padres mexicanos que residen en Veracruz, del 04 de febrero al 10 de abril del a\u00f1o en curso.<\/p>\n\n\n\n<p>La jornada brinda orientaci\u00f3n, asesor\u00eda y acompa\u00f1amiento administrativo gratuito para la gesti\u00f3n del pasaporte estadounidense, con especial \u00e9nfasis en ni\u00f1as, ni\u00f1os y adolescentes binacionales, a fin de garantizar su identidad y certeza jur\u00eddica.<\/p>\n\n\n\n<p>Esta acci\u00f3n forma parte del Plan de Atenci\u00f3n Integral a Migrantes Veracruzanos Retornados Veracruz, Te Abraza, orientado a fortalecer los derechos de la poblaci\u00f3n binacional y facilitar su acceso a servicios educativos, de salud y desarrollo en ambos pa\u00edses.<\/p>\n\n\n\n<p>El tr\u00e1mite est\u00e1 dirigido a personas mayores y menores de edad nacidas en Estados Unidos. En el caso de menores, deber\u00e1 realizarse a trav\u00e9s de madre, padre o tutor legal.<\/p>\n\n\n\n<p>Documentaci\u00f3n requerida:<\/p>\n\n\n\n<ul class=\"wp-block-list\">\n<li>Acta de nacimiento estadounidense (formato largo).<\/li>\n\n\n\n<li>Identificaci\u00f3n oficial vigente o credencial escolar (menores).<\/li>\n\n\n\n<li>Identificaci\u00f3n del padre, madre o tutor legal (menores).<\/li>\n\n\n\n<li>N\u00famero de Seguro Social estadounidense.<\/li>\n\n\n\n<li>Pasaporte estadounidense vencido (en caso de renovaci\u00f3n).<\/li>\n\n\n\n<li>Fotograf\u00edas tama\u00f1o pasaporte americano.<\/li>\n\n\n\n<li>Comprobante de domicilio.<\/li>\n\n\n\n<li>Formato oficial de solicitud (proporcionado por la DGAM).<\/li>\n<\/ul>\n\n\n\n<p>Los servicios son gratuitos; sin embargo, los costos consulares y vi\u00e1ticos deber\u00e1n ser cubiertos por la persona solicitante.<\/p>\n\n\n\n<p>Las personas interesadas pueden acudir a las oficinas de la Direcci\u00f3n General de Atenci\u00f3n a Migrantes, ubicadas en Palacio Federal, segundo nivel, calle Guti\u00e9rrez Zamora s\/n, esquina Diego Le\u00f1o, colonia Centro, Xalapa, de lunes a viernes, de 08:30 a 16:00 horas, o comunicarse a los tel\u00e9fonos 228 820 3313, 228 812 2643 y 228 820 3319.<\/p>\n\n\n\n<p>Asimismo, se puede solicitar orientaci\u00f3n e iniciar el registro a trav\u00e9s de los enlaces municipales de migrantes en cada ayuntamiento.<\/p>\n","protected":false},"excerpt":{"rendered":"<p>Garantiza identidad y certeza jur\u00eddica a la poblaci\u00f3n binacional, especialmente a menores de edad. Xalapa, Ver., jueves 05 de febrero de 2026.- La Secretar\u00eda de Gobierno, a trav\u00e9s de la Direcci\u00f3n General de Atenci\u00f3n a Migrantes, inici\u00f3 la 2\u00aa Jornada de Tr\u00e1mite de Pasaporte Estadounidense Tu Identidad sin Fronteras, dirigida a personas nacidas en Estados Unidos, hijas e hijos de padres mexicanos que residen en Veracruz, del 04 de febrero al 10 de abril del a\u00f1o en curso. La jornada brinda orientaci\u00f3n, asesor\u00eda y acompa\u00f1amiento administrativo gratuito para la gesti\u00f3n&hellip;<\/p>\n","protected":false},"author":1,"featured_media":119226,"comment_status":"open","ping_status":"closed","sticky":false,"template":"","format":"standard","meta":{"footnotes":""},"categories":[3,1],"tags":[],"class_list":["post-119225","post","type-post","status-publish","format-standard","has-post-thumbnail","hentry","category-destacadas","category-uncategorized"],"jetpack-related-posts":[],"_links":{"self":[{"href":"https:\/\/www.noticiasperfil.com\/index\/wp-json\/wp\/v2\/posts\/119225","targetHints":{"allow":["GET"]}}],"collection":[{"href":"https:\/\/www.noticiasperfil.com\/index\/wp-json\/wp\/v2\/posts"}],"about":[{"href":"https:\/\/www.noticiasperfil.com\/index\/wp-json\/wp\/v2\/types\/post"}],"author":[{"embeddable":true,"href":"https:\/\/www.noticiasperfil.com\/index\/wp-json\/wp\/v2\/users\/1"}],"replies":[{"embeddable":true,"href":"https:\/\/www.noticiasperfil.com\/index\/wp-json\/wp\/v2\/comments?post=119225"}],"version-history":[{"count":1,"href":"https:\/\/www.noticiasperfil.com\/index\/wp-json\/wp\/v2\/posts\/119225\/revisions"}],"predecessor-version":[{"id":119227,"href":"https:\/\/www.noticiasperfil.com\/index\/wp-json\/wp\/v2\/posts\/119225\/revisions\/119227"}],"wp:featuredmedia":[{"embeddable":true,"href":"https:\/\/www.noticiasperfil.com\/index\/wp-json\/wp\/v2\/media\/119226"}],"wp:attachment":[{"href":"https:\/\/www.noticiasperfil.com\/index\/wp-json\/wp\/v2\/media?parent=119225"}],"wp:term":[{"taxonomy":"category","embeddable":true,"href":"https:\/\/www.noticiasperfil.com\/index\/wp-json\/wp\/v2\/categories?post=119225"},{"taxonomy":"post_tag","embeddable":true,"href":"https:\/\/www.noticiasperfil.com\/index\/wp-json\/wp\/v2\/tags?post=119225"}],"curies":[{"name":"wp","href":"https:\/\/api.w.org\/{rel}","templated":true}]}}