{"id":119228,"date":"2026-02-05T21:51:49","date_gmt":"2026-02-06T03:51:49","guid":{"rendered":"https:\/\/www.noticiasperfil.com\/index\/?p=119228"},"modified":"2026-02-05T21:51:51","modified_gmt":"2026-02-06T03:51:51","slug":"impulsa-ivd-preparacion-de-paratletas-rumbo-a-la-paralimpiada-nacional","status":"publish","type":"post","link":"https:\/\/www.noticiasperfil.com\/index\/2026\/02\/05\/impulsa-ivd-preparacion-de-paratletas-rumbo-a-la-paralimpiada-nacional\/","title":{"rendered":"Impulsa IVD preparaci\u00f3n de paratletas rumbo a la Paralimpiada Nacional"},"content":{"rendered":"\n<figure class=\"wp-block-image alignwide size-large\"><img loading=\"lazy\" decoding=\"async\" width=\"640\" height=\"366\" data-attachment-id=\"119229\" data-permalink=\"https:\/\/www.noticiasperfil.com\/index\/2026\/02\/05\/impulsa-ivd-preparacion-de-paratletas-rumbo-a-la-paralimpiada-nacional\/impulsa-ivd-preparacion-paratletas\/\" data-orig-file=\"https:\/\/i0.wp.com\/www.noticiasperfil.com\/index\/wp-content\/uploads\/2026\/02\/impulsa-ivd-preparacion-paratletas.jpeg?fit=1600%2C1066&amp;ssl=1\" data-orig-size=\"1600,1066\" data-comments-opened=\"1\" data-image-meta=\"{&quot;aperture&quot;:&quot;0&quot;,&quot;credit&quot;:&quot;&quot;,&quot;camera&quot;:&quot;&quot;,&quot;caption&quot;:&quot;&quot;,&quot;created_timestamp&quot;:&quot;0&quot;,&quot;copyright&quot;:&quot;&quot;,&quot;focal_length&quot;:&quot;0&quot;,&quot;iso&quot;:&quot;0&quot;,&quot;shutter_speed&quot;:&quot;0&quot;,&quot;title&quot;:&quot;&quot;,&quot;orientation&quot;:&quot;0&quot;}\" data-image-title=\"impulsa-ivd-preparacion-paratletas\" data-image-description=\"\" data-medium-file=\"https:\/\/i0.wp.com\/www.noticiasperfil.com\/index\/wp-content\/uploads\/2026\/02\/impulsa-ivd-preparacion-paratletas.jpeg?fit=660%2C365&amp;ssl=1\" data-large-file=\"https:\/\/i0.wp.com\/www.noticiasperfil.com\/index\/wp-content\/uploads\/2026\/02\/impulsa-ivd-preparacion-paratletas.jpeg?fit=640%2C366&amp;ssl=1\" src=\"https:\/\/i0.wp.com\/www.noticiasperfil.com\/index\/wp-content\/uploads\/2026\/02\/impulsa-ivd-preparacion-paratletas.jpeg?resize=640%2C366&#038;ssl=1\" alt=\"\" class=\"wp-image-119229\" data-recalc-dims=\"1\"\/><\/figure>\n\n\n\n<blockquote class=\"wp-block-quote is-layout-flow wp-block-quote-is-layout-flow\">\n<p>El crecimiento del deporte adaptado en Veracruz permite proyectar mejores resultados en la pr\u00f3xima competencia.<\/p>\n<\/blockquote>\n\n\n\n<p><a><\/a> <strong>Boca del R\u00edo, Ver., jueves 05 de febrero de 2026.\u2013<\/strong> Como parte del respaldo que el Gobierno de Veracruz brinda al deporte adaptado, el Instituto Veracruzano del Deporte impulsa la preparaci\u00f3n de paratletas de parapowerlifting mediante campamentos de entrenamiento orientados a elevar su rendimiento rumbo a la Paralimpiada Nacional y a eventos de car\u00e1cter internacional.<\/p>\n\n\n\n<p>Los campamentos se desarrollan de manera trimestral en el Gimnasio Romary Rifka, instalaci\u00f3n que pertenece al Instituto, bajo la direcci\u00f3n del entrenador Luis Enrique del Valle Cordero, y est\u00e1n organizados en bloques para ofrecer atenci\u00f3n especializada y un seguimiento puntual a cada atleta.<\/p>\n\n\n\n<p>En las \u00faltimas semanas se han incorporado \u00c1ngel de Jes\u00fas Morales Pacheco, Alexander Hern\u00e1ndez y Luis Armando L\u00f3pez Morales, integrantes de la selecci\u00f3n que particip\u00f3 en la Paralimpiada Nacional celebrada en Aguascalientes, quienes se suman a un grupo que trabaja de forma constante en la mejora de marcas y el desarrollo t\u00e9cnico.<\/p>\n\n\n\n<p>El entrenador destac\u00f3 que 2026 ser\u00e1 un a\u00f1o clave de preparaci\u00f3n, con miras a futuras competencias, y subray\u00f3 el crecimiento que ha tenido el parapowerlifting en Veracruz, con la expectativa de mejorar los resultados obtenidos en la edici\u00f3n anterior de la Paralimpiada Nacional.<\/p>\n\n\n\n<p>Entre las atletas que integran el grupo se encuentra Evelin Lechuga Ju\u00e1rez, medallista de oro en la Paralimpiada Nacional y en competencias internacionales como el Abierto Mexicano de Parapowerlifting, el Campeonato Mundial de la especialidad, en Egipto, y los Juegos Parapanamericanos Juveniles 2025, consolid\u00e1ndose como una atleta en desarrollo de alto rendimiento.<\/p>\n","protected":false},"excerpt":{"rendered":"<p>El crecimiento del deporte adaptado en Veracruz permite proyectar mejores resultados en la pr\u00f3xima competencia. Boca del R\u00edo, Ver., jueves 05 de febrero de 2026.\u2013 Como parte del respaldo que el Gobierno de Veracruz brinda al deporte adaptado, el Instituto Veracruzano del Deporte impulsa la preparaci\u00f3n de paratletas de parapowerlifting mediante campamentos de entrenamiento orientados a elevar su rendimiento rumbo a la Paralimpiada Nacional y a eventos de car\u00e1cter internacional. Los campamentos se desarrollan de manera trimestral en el Gimnasio Romary Rifka, instalaci\u00f3n que pertenece al Instituto, bajo la direcci\u00f3n&hellip;<\/p>\n","protected":false},"author":1,"featured_media":119229,"comment_status":"open","ping_status":"closed","sticky":false,"template":"","format":"standard","meta":{"footnotes":""},"categories":[10607,3],"tags":[],"class_list":["post-119228","post","type-post","status-publish","format-standard","has-post-thumbnail","hentry","category-deportes","category-destacadas"],"jetpack-related-posts":[],"_links":{"self":[{"href":"https:\/\/www.noticiasperfil.com\/index\/wp-json\/wp\/v2\/posts\/119228","targetHints":{"allow":["GET"]}}],"collection":[{"href":"https:\/\/www.noticiasperfil.com\/index\/wp-json\/wp\/v2\/posts"}],"about":[{"href":"https:\/\/www.noticiasperfil.com\/index\/wp-json\/wp\/v2\/types\/post"}],"author":[{"embeddable":true,"href":"https:\/\/www.noticiasperfil.com\/index\/wp-json\/wp\/v2\/users\/1"}],"replies":[{"embeddable":true,"href":"https:\/\/www.noticiasperfil.com\/index\/wp-json\/wp\/v2\/comments?post=119228"}],"version-history":[{"count":1,"href":"https:\/\/www.noticiasperfil.com\/index\/wp-json\/wp\/v2\/posts\/119228\/revisions"}],"predecessor-version":[{"id":119230,"href":"https:\/\/www.noticiasperfil.com\/index\/wp-json\/wp\/v2\/posts\/119228\/revisions\/119230"}],"wp:featuredmedia":[{"embeddable":true,"href":"https:\/\/www.noticiasperfil.com\/index\/wp-json\/wp\/v2\/media\/119229"}],"wp:attachment":[{"href":"https:\/\/www.noticiasperfil.com\/index\/wp-json\/wp\/v2\/media?parent=119228"}],"wp:term":[{"taxonomy":"category","embeddable":true,"href":"https:\/\/www.noticiasperfil.com\/index\/wp-json\/wp\/v2\/categories?post=119228"},{"taxonomy":"post_tag","embeddable":true,"href":"https:\/\/www.noticiasperfil.com\/index\/wp-json\/wp\/v2\/tags?post=119228"}],"curies":[{"name":"wp","href":"https:\/\/api.w.org\/{rel}","templated":true}]}}