{"id":119231,"date":"2026-02-05T21:57:02","date_gmt":"2026-02-06T03:57:02","guid":{"rendered":"https:\/\/www.noticiasperfil.com\/index\/?p=119231"},"modified":"2026-02-05T21:57:04","modified_gmt":"2026-02-06T03:57:04","slug":"reconocen-a-docente-veracruzana-por-proyecto-nacional-sobre-educacion-multigrado","status":"publish","type":"post","link":"https:\/\/www.noticiasperfil.com\/index\/2026\/02\/05\/reconocen-a-docente-veracruzana-por-proyecto-nacional-sobre-educacion-multigrado\/","title":{"rendered":"Reconocen a docente veracruzana por proyecto nacional sobre educaci\u00f3n multigrado"},"content":{"rendered":"\n<figure class=\"wp-block-gallery has-nested-images columns-default is-cropped wp-block-gallery-1 is-layout-flex wp-block-gallery-is-layout-flex\">\n<figure class=\"wp-block-image size-large\"><img loading=\"lazy\" decoding=\"async\" width=\"1600\" height=\"1066\" data-attachment-id=\"119235\" data-permalink=\"https:\/\/www.noticiasperfil.com\/index\/2026\/02\/05\/reconocen-a-docente-veracruzana-por-proyecto-nacional-sobre-educacion-multigrado\/whatsapp-image-2026-02-05-at-20-30-02-1\/\" data-orig-file=\"https:\/\/i2.wp.com\/www.noticiasperfil.com\/index\/wp-content\/uploads\/2026\/02\/WhatsApp-Image-2026-02-05-at-20.30.02-1.jpeg?fit=1600%2C1066&amp;ssl=1\" data-orig-size=\"1600,1066\" data-comments-opened=\"1\" data-image-meta=\"{&quot;aperture&quot;:&quot;0&quot;,&quot;credit&quot;:&quot;&quot;,&quot;camera&quot;:&quot;&quot;,&quot;caption&quot;:&quot;&quot;,&quot;created_timestamp&quot;:&quot;0&quot;,&quot;copyright&quot;:&quot;&quot;,&quot;focal_length&quot;:&quot;0&quot;,&quot;iso&quot;:&quot;0&quot;,&quot;shutter_speed&quot;:&quot;0&quot;,&quot;title&quot;:&quot;&quot;,&quot;orientation&quot;:&quot;0&quot;}\" data-image-title=\"WhatsApp Image 2026-02-05 at 20.30.02 (1)\" data-image-description=\"\" data-medium-file=\"https:\/\/i2.wp.com\/www.noticiasperfil.com\/index\/wp-content\/uploads\/2026\/02\/WhatsApp-Image-2026-02-05-at-20.30.02-1.jpeg?fit=660%2C365&amp;ssl=1\" data-large-file=\"https:\/\/i2.wp.com\/www.noticiasperfil.com\/index\/wp-content\/uploads\/2026\/02\/WhatsApp-Image-2026-02-05-at-20.30.02-1.jpeg?fit=640%2C366&amp;ssl=1\" data-id=\"119235\" src=\"https:\/\/i2.wp.com\/www.noticiasperfil.com\/index\/wp-content\/uploads\/2026\/02\/WhatsApp-Image-2026-02-05-at-20.30.02-1.jpeg?fit=640%2C366&amp;ssl=1\" alt=\"\" class=\"wp-image-119235\" srcset=\"https:\/\/i2.wp.com\/www.noticiasperfil.com\/index\/wp-content\/uploads\/2026\/02\/WhatsApp-Image-2026-02-05-at-20.30.02-1.jpeg?w=1600&amp;ssl=1 1600w, https:\/\/i2.wp.com\/www.noticiasperfil.com\/index\/wp-content\/uploads\/2026\/02\/WhatsApp-Image-2026-02-05-at-20.30.02-1.jpeg?resize=1536%2C1023&amp;ssl=1 1536w, https:\/\/i2.wp.com\/www.noticiasperfil.com\/index\/wp-content\/uploads\/2026\/02\/WhatsApp-Image-2026-02-05-at-20.30.02-1.jpeg?w=1280&amp;ssl=1 1280w\" sizes=\"auto, (max-width: 640px) 100vw, 640px\" \/><\/figure>\n\n\n\n<figure class=\"wp-block-image size-large\"><img loading=\"lazy\" decoding=\"async\" width=\"1600\" height=\"1066\" data-attachment-id=\"119234\" data-permalink=\"https:\/\/www.noticiasperfil.com\/index\/2026\/02\/05\/reconocen-a-docente-veracruzana-por-proyecto-nacional-sobre-educacion-multigrado\/proyecto-nacional-educacion-multigrado4\/\" data-orig-file=\"https:\/\/i0.wp.com\/www.noticiasperfil.com\/index\/wp-content\/uploads\/2026\/02\/proyecto-nacional-educacion-multigrado4.jpeg?fit=1600%2C1066&amp;ssl=1\" data-orig-size=\"1600,1066\" data-comments-opened=\"1\" data-image-meta=\"{&quot;aperture&quot;:&quot;0&quot;,&quot;credit&quot;:&quot;&quot;,&quot;camera&quot;:&quot;&quot;,&quot;caption&quot;:&quot;&quot;,&quot;created_timestamp&quot;:&quot;0&quot;,&quot;copyright&quot;:&quot;&quot;,&quot;focal_length&quot;:&quot;0&quot;,&quot;iso&quot;:&quot;0&quot;,&quot;shutter_speed&quot;:&quot;0&quot;,&quot;title&quot;:&quot;&quot;,&quot;orientation&quot;:&quot;0&quot;}\" data-image-title=\"proyecto-nacional-educacion-multigrado4\" data-image-description=\"\" data-medium-file=\"https:\/\/i0.wp.com\/www.noticiasperfil.com\/index\/wp-content\/uploads\/2026\/02\/proyecto-nacional-educacion-multigrado4.jpeg?fit=660%2C365&amp;ssl=1\" data-large-file=\"https:\/\/i0.wp.com\/www.noticiasperfil.com\/index\/wp-content\/uploads\/2026\/02\/proyecto-nacional-educacion-multigrado4.jpeg?fit=640%2C366&amp;ssl=1\" data-id=\"119234\" src=\"https:\/\/i0.wp.com\/www.noticiasperfil.com\/index\/wp-content\/uploads\/2026\/02\/proyecto-nacional-educacion-multigrado4.jpeg?fit=640%2C366&amp;ssl=1\" alt=\"\" class=\"wp-image-119234\" srcset=\"https:\/\/i0.wp.com\/www.noticiasperfil.com\/index\/wp-content\/uploads\/2026\/02\/proyecto-nacional-educacion-multigrado4.jpeg?w=1600&amp;ssl=1 1600w, https:\/\/i0.wp.com\/www.noticiasperfil.com\/index\/wp-content\/uploads\/2026\/02\/proyecto-nacional-educacion-multigrado4.jpeg?resize=1536%2C1023&amp;ssl=1 1536w, https:\/\/i0.wp.com\/www.noticiasperfil.com\/index\/wp-content\/uploads\/2026\/02\/proyecto-nacional-educacion-multigrado4.jpeg?w=1280&amp;ssl=1 1280w\" sizes=\"auto, (max-width: 640px) 100vw, 640px\" \/><\/figure>\n\n\n\n<figure class=\"wp-block-image size-large\"><img loading=\"lazy\" decoding=\"async\" width=\"1600\" height=\"1066\" data-attachment-id=\"119233\" data-permalink=\"https:\/\/www.noticiasperfil.com\/index\/2026\/02\/05\/reconocen-a-docente-veracruzana-por-proyecto-nacional-sobre-educacion-multigrado\/proyecto-nacional-educacion-multigrado3\/\" data-orig-file=\"https:\/\/i2.wp.com\/www.noticiasperfil.com\/index\/wp-content\/uploads\/2026\/02\/proyecto-nacional-educacion-multigrado3.jpeg?fit=1600%2C1066&amp;ssl=1\" data-orig-size=\"1600,1066\" data-comments-opened=\"1\" data-image-meta=\"{&quot;aperture&quot;:&quot;0&quot;,&quot;credit&quot;:&quot;&quot;,&quot;camera&quot;:&quot;&quot;,&quot;caption&quot;:&quot;&quot;,&quot;created_timestamp&quot;:&quot;0&quot;,&quot;copyright&quot;:&quot;&quot;,&quot;focal_length&quot;:&quot;0&quot;,&quot;iso&quot;:&quot;0&quot;,&quot;shutter_speed&quot;:&quot;0&quot;,&quot;title&quot;:&quot;&quot;,&quot;orientation&quot;:&quot;0&quot;}\" data-image-title=\"proyecto-nacional-educacion-multigrado3\" data-image-description=\"\" data-medium-file=\"https:\/\/i2.wp.com\/www.noticiasperfil.com\/index\/wp-content\/uploads\/2026\/02\/proyecto-nacional-educacion-multigrado3.jpeg?fit=660%2C365&amp;ssl=1\" data-large-file=\"https:\/\/i2.wp.com\/www.noticiasperfil.com\/index\/wp-content\/uploads\/2026\/02\/proyecto-nacional-educacion-multigrado3.jpeg?fit=640%2C366&amp;ssl=1\" data-id=\"119233\" src=\"https:\/\/i2.wp.com\/www.noticiasperfil.com\/index\/wp-content\/uploads\/2026\/02\/proyecto-nacional-educacion-multigrado3.jpeg?fit=640%2C366&amp;ssl=1\" alt=\"\" class=\"wp-image-119233\" srcset=\"https:\/\/i2.wp.com\/www.noticiasperfil.com\/index\/wp-content\/uploads\/2026\/02\/proyecto-nacional-educacion-multigrado3.jpeg?w=1600&amp;ssl=1 1600w, https:\/\/i2.wp.com\/www.noticiasperfil.com\/index\/wp-content\/uploads\/2026\/02\/proyecto-nacional-educacion-multigrado3.jpeg?resize=1536%2C1023&amp;ssl=1 1536w, https:\/\/i2.wp.com\/www.noticiasperfil.com\/index\/wp-content\/uploads\/2026\/02\/proyecto-nacional-educacion-multigrado3.jpeg?w=1280&amp;ssl=1 1280w\" sizes=\"auto, (max-width: 640px) 100vw, 640px\" \/><\/figure>\n\n\n\n<figure class=\"wp-block-image size-large\"><img loading=\"lazy\" decoding=\"async\" width=\"1066\" height=\"1600\" data-attachment-id=\"119232\" data-permalink=\"https:\/\/www.noticiasperfil.com\/index\/2026\/02\/05\/reconocen-a-docente-veracruzana-por-proyecto-nacional-sobre-educacion-multigrado\/proyecto-nacional-educacion-multigrado2\/\" data-orig-file=\"https:\/\/i1.wp.com\/www.noticiasperfil.com\/index\/wp-content\/uploads\/2026\/02\/proyecto-nacional-educacion-multigrado2.jpeg?fit=1066%2C1600&amp;ssl=1\" data-orig-size=\"1066,1600\" data-comments-opened=\"1\" data-image-meta=\"{&quot;aperture&quot;:&quot;0&quot;,&quot;credit&quot;:&quot;&quot;,&quot;camera&quot;:&quot;&quot;,&quot;caption&quot;:&quot;&quot;,&quot;created_timestamp&quot;:&quot;0&quot;,&quot;copyright&quot;:&quot;&quot;,&quot;focal_length&quot;:&quot;0&quot;,&quot;iso&quot;:&quot;0&quot;,&quot;shutter_speed&quot;:&quot;0&quot;,&quot;title&quot;:&quot;&quot;,&quot;orientation&quot;:&quot;0&quot;}\" data-image-title=\"proyecto-nacional-educacion-multigrado2\" data-image-description=\"\" data-medium-file=\"https:\/\/i1.wp.com\/www.noticiasperfil.com\/index\/wp-content\/uploads\/2026\/02\/proyecto-nacional-educacion-multigrado2.jpeg?fit=660%2C365&amp;ssl=1\" data-large-file=\"https:\/\/i1.wp.com\/www.noticiasperfil.com\/index\/wp-content\/uploads\/2026\/02\/proyecto-nacional-educacion-multigrado2.jpeg?fit=640%2C366&amp;ssl=1\" data-id=\"119232\" src=\"https:\/\/i1.wp.com\/www.noticiasperfil.com\/index\/wp-content\/uploads\/2026\/02\/proyecto-nacional-educacion-multigrado2.jpeg?fit=640%2C366&amp;ssl=1\" alt=\"\" class=\"wp-image-119232\" srcset=\"https:\/\/i1.wp.com\/www.noticiasperfil.com\/index\/wp-content\/uploads\/2026\/02\/proyecto-nacional-educacion-multigrado2.jpeg?w=1066&amp;ssl=1 1066w, https:\/\/i1.wp.com\/www.noticiasperfil.com\/index\/wp-content\/uploads\/2026\/02\/proyecto-nacional-educacion-multigrado2.jpeg?resize=1023%2C1536&amp;ssl=1 1023w\" sizes=\"auto, (max-width: 640px) 100vw, 640px\" \/><\/figure>\n<\/figure>\n\n\n\n<blockquote class=\"wp-block-quote is-layout-flow wp-block-quote-is-layout-flow\">\n<p>Tambi\u00e9n a la Zona Escolar por Saberes Docentes que Transforman Territorios.<\/p>\n<\/blockquote>\n\n\n\n<p><strong>Soledad de Doblado, Ver., jueves 05 de febrero de 2026.- <\/strong>La Secretar\u00eda de Educaci\u00f3n de Veracruz (SEV), a trav\u00e9s de la Direcci\u00f3n General de Educaci\u00f3n Primaria Estatal, otorg\u00f3 un reconocimiento a la maestra Itzel Berenice Hern\u00e1ndez Romero, adscrita a la Escuela Primaria Guillermo Prieto, ubicada en la localidad de Los Teteles, por su destacada participaci\u00f3n en el podcast Voces del Territorio.<\/p>\n\n\n\n<p>Dicho proyecto fue convocado por la Direcci\u00f3n de Gesti\u00f3n Escolar y Enfoque Territorial de la Secretar\u00eda de Educaci\u00f3n P\u00fablica (SEP), con el objetivo de visibilizar y promover, mediante el di\u00e1logo de saberes, las experiencias y pr\u00e1cticas pedag\u00f3gicas significativas que se desarrollan en las escuelas multigrado del pa\u00eds.<\/p>\n\n\n\n<p>En esta edici\u00f3n, la docente particip\u00f3 con el tema Ense\u00f1ar con lo que hay, con lo que somos, en el que resalt\u00f3 la identidad, el contexto y los recursos locales como elementos clave del proceso educativo.<\/p>\n\n\n\n<p>Asimismo, la Zona Escolar No. 056 de Soledad de Doblado recibi\u00f3 un reconocimiento por parte de la SEP, derivado de su participaci\u00f3n en la convocatoria Saberes Docentes que Transforman Territorios, iniciativa orientada a la construcci\u00f3n de la cartograf\u00eda pedag\u00f3gica de las escuelas multigrado en M\u00e9xico.<\/p>\n","protected":false},"excerpt":{"rendered":"<p>Tambi\u00e9n a la Zona Escolar por Saberes Docentes que Transforman Territorios. Soledad de Doblado, Ver., jueves 05 de febrero de 2026.- La Secretar\u00eda de Educaci\u00f3n de Veracruz (SEV), a trav\u00e9s de la Direcci\u00f3n General de Educaci\u00f3n Primaria Estatal, otorg\u00f3 un reconocimiento a la maestra Itzel Berenice Hern\u00e1ndez Romero, adscrita a la Escuela Primaria Guillermo Prieto, ubicada en la localidad de Los Teteles, por su destacada participaci\u00f3n en el podcast Voces del Territorio. Dicho proyecto fue convocado por la Direcci\u00f3n de Gesti\u00f3n Escolar y Enfoque Territorial de la Secretar\u00eda de Educaci\u00f3n&hellip;<\/p>\n","protected":false},"author":1,"featured_media":119232,"comment_status":"open","ping_status":"closed","sticky":false,"template":"","format":"standard","meta":{"footnotes":""},"categories":[3,10616],"tags":[],"class_list":["post-119231","post","type-post","status-publish","format-standard","has-post-thumbnail","hentry","category-destacadas","category-educacion"],"jetpack-related-posts":[],"_links":{"self":[{"href":"https:\/\/www.noticiasperfil.com\/index\/wp-json\/wp\/v2\/posts\/119231","targetHints":{"allow":["GET"]}}],"collection":[{"href":"https:\/\/www.noticiasperfil.com\/index\/wp-json\/wp\/v2\/posts"}],"about":[{"href":"https:\/\/www.noticiasperfil.com\/index\/wp-json\/wp\/v2\/types\/post"}],"author":[{"embeddable":true,"href":"https:\/\/www.noticiasperfil.com\/index\/wp-json\/wp\/v2\/users\/1"}],"replies":[{"embeddable":true,"href":"https:\/\/www.noticiasperfil.com\/index\/wp-json\/wp\/v2\/comments?post=119231"}],"version-history":[{"count":1,"href":"https:\/\/www.noticiasperfil.com\/index\/wp-json\/wp\/v2\/posts\/119231\/revisions"}],"predecessor-version":[{"id":119236,"href":"https:\/\/www.noticiasperfil.com\/index\/wp-json\/wp\/v2\/posts\/119231\/revisions\/119236"}],"wp:featuredmedia":[{"embeddable":true,"href":"https:\/\/www.noticiasperfil.com\/index\/wp-json\/wp\/v2\/media\/119232"}],"wp:attachment":[{"href":"https:\/\/www.noticiasperfil.com\/index\/wp-json\/wp\/v2\/media?parent=119231"}],"wp:term":[{"taxonomy":"category","embeddable":true,"href":"https:\/\/www.noticiasperfil.com\/index\/wp-json\/wp\/v2\/categories?post=119231"},{"taxonomy":"post_tag","embeddable":true,"href":"https:\/\/www.noticiasperfil.com\/index\/wp-json\/wp\/v2\/tags?post=119231"}],"curies":[{"name":"wp","href":"https:\/\/api.w.org\/{rel}","templated":true}]}}