{"id":119270,"date":"2026-02-06T16:10:21","date_gmt":"2026-02-06T22:10:21","guid":{"rendered":"https:\/\/www.noticiasperfil.com\/index\/?p=119270"},"modified":"2026-02-06T21:18:10","modified_gmt":"2026-02-07T03:18:10","slug":"analizan-regularizacion-laboral-de-meritorios-del-registro-publico-de-la-propiedad","status":"publish","type":"post","link":"https:\/\/www.noticiasperfil.com\/index\/2026\/02\/06\/analizan-regularizacion-laboral-de-meritorios-del-registro-publico-de-la-propiedad\/","title":{"rendered":"Analizan regularizaci\u00f3n laboral de meritorios del Registro P\u00fablico de la Propiedad"},"content":{"rendered":"\n<figure class=\"wp-block-image size-large\"><img loading=\"lazy\" decoding=\"async\" width=\"2048\" height=\"1404\" data-attachment-id=\"119271\" data-permalink=\"https:\/\/www.noticiasperfil.com\/index\/2026\/02\/06\/analizan-regularizacion-laboral-de-meritorios-del-registro-publico-de-la-propiedad\/ahued-ricardo\/\" data-orig-file=\"https:\/\/i2.wp.com\/www.noticiasperfil.com\/index\/wp-content\/uploads\/2026\/02\/ahued-ricardo.jpg?fit=2048%2C1404&amp;ssl=1\" data-orig-size=\"2048,1404\" data-comments-opened=\"1\" data-image-meta=\"{&quot;aperture&quot;:&quot;0&quot;,&quot;credit&quot;:&quot;&quot;,&quot;camera&quot;:&quot;&quot;,&quot;caption&quot;:&quot;&quot;,&quot;created_timestamp&quot;:&quot;0&quot;,&quot;copyright&quot;:&quot;&quot;,&quot;focal_length&quot;:&quot;0&quot;,&quot;iso&quot;:&quot;0&quot;,&quot;shutter_speed&quot;:&quot;0&quot;,&quot;title&quot;:&quot;&quot;,&quot;orientation&quot;:&quot;0&quot;}\" data-image-title=\"ahued-ricardo\" data-image-description=\"\" data-medium-file=\"https:\/\/i2.wp.com\/www.noticiasperfil.com\/index\/wp-content\/uploads\/2026\/02\/ahued-ricardo.jpg?fit=660%2C365&amp;ssl=1\" data-large-file=\"https:\/\/i2.wp.com\/www.noticiasperfil.com\/index\/wp-content\/uploads\/2026\/02\/ahued-ricardo.jpg?fit=640%2C366&amp;ssl=1\" src=\"https:\/\/i2.wp.com\/www.noticiasperfil.com\/index\/wp-content\/uploads\/2026\/02\/ahued-ricardo.jpg?fit=640%2C366&amp;ssl=1\" alt=\"\" class=\"wp-image-119271\" srcset=\"https:\/\/i2.wp.com\/www.noticiasperfil.com\/index\/wp-content\/uploads\/2026\/02\/ahued-ricardo.jpg?w=2048&amp;ssl=1 2048w, https:\/\/i2.wp.com\/www.noticiasperfil.com\/index\/wp-content\/uploads\/2026\/02\/ahued-ricardo.jpg?resize=1536%2C1053&amp;ssl=1 1536w, https:\/\/i2.wp.com\/www.noticiasperfil.com\/index\/wp-content\/uploads\/2026\/02\/ahued-ricardo.jpg?w=1280&amp;ssl=1 1280w, https:\/\/i2.wp.com\/www.noticiasperfil.com\/index\/wp-content\/uploads\/2026\/02\/ahued-ricardo.jpg?w=1920&amp;ssl=1 1920w\" sizes=\"auto, (max-width: 640px) 100vw, 640px\" \/><\/figure>\n\n\n\n<p>Xalapa, Ver., viernes 06 de febrero de 2026.- El secretario de Gobierno, Ricardo Ahued Bardahuil, inform\u00f3 que en atenci\u00f3n al compromiso de justicia social instruido por la gobernadora Roc\u00edo Nahle Garc\u00eda, se realiza un an\u00e1lisis exhaustivo de la situaci\u00f3n de los meritorios que prestan servicio en las oficinas del Registro P\u00fablico de la Propiedad y notar\u00edas.<\/p>\n\n\n\n<p>Se tiene el registro de 186 colaboradores en esta condici\u00f3n, quienes, distribuidos en diversas oficinas de la entidad, han apoyado durante a\u00f1os en la agilizaci\u00f3n de tr\u00e1mites administrativos sin contar con una relaci\u00f3n laboral formal.<\/p>\n\n\n\n<p>\u201cLa intenci\u00f3n de la Mandataria es incorporarlos a la n\u00f3mina de manera gradual, brind\u00e1ndoles la certeza laboral y jur\u00eddica que merecen por su desempe\u00f1o, y que no est\u00e9n esperando la d\u00e1diva de la notar\u00eda o la d\u00e1diva de alguien que agilice un tr\u00e1mite. Y que esto sirva tambi\u00e9n para que tengamos nosotros mayor control\u201d, explic\u00f3.<\/p>\n\n\n\n<p>Actualmente, la dependencia lleva a cabo un estudio de viabilidad financiera para determinar los recursos necesarios para su contrataci\u00f3n, de resultar presupuestalmente viable, se proceder\u00e1 a su incorporaci\u00f3n formal, previo proceso de entrevista individual, garantizando un esquema de legalidad, transparencia y estabilidad para las familias de estos trabajadores.<\/p>\n","protected":false},"excerpt":{"rendered":"<p>Xalapa, Ver., viernes 06 de febrero de 2026.- El secretario de Gobierno, Ricardo Ahued Bardahuil, inform\u00f3 que en atenci\u00f3n al compromiso de justicia social instruido por la gobernadora Roc\u00edo Nahle Garc\u00eda, se realiza un an\u00e1lisis exhaustivo de la situaci\u00f3n de los meritorios que prestan servicio en las oficinas del Registro P\u00fablico de la Propiedad y notar\u00edas. Se tiene el registro de 186 colaboradores en esta condici\u00f3n, quienes, distribuidos en diversas oficinas de la entidad, han apoyado durante a\u00f1os en la agilizaci\u00f3n de tr\u00e1mites administrativos sin contar con una relaci\u00f3n laboral&hellip;<\/p>\n","protected":false},"author":1,"featured_media":119271,"comment_status":"open","ping_status":"closed","sticky":false,"template":"","format":"standard","meta":{"footnotes":""},"categories":[3,10647],"tags":[],"class_list":["post-119270","post","type-post","status-publish","format-standard","has-post-thumbnail","hentry","category-destacadas","category-zona-centro"],"jetpack-related-posts":[],"_links":{"self":[{"href":"https:\/\/www.noticiasperfil.com\/index\/wp-json\/wp\/v2\/posts\/119270","targetHints":{"allow":["GET"]}}],"collection":[{"href":"https:\/\/www.noticiasperfil.com\/index\/wp-json\/wp\/v2\/posts"}],"about":[{"href":"https:\/\/www.noticiasperfil.com\/index\/wp-json\/wp\/v2\/types\/post"}],"author":[{"embeddable":true,"href":"https:\/\/www.noticiasperfil.com\/index\/wp-json\/wp\/v2\/users\/1"}],"replies":[{"embeddable":true,"href":"https:\/\/www.noticiasperfil.com\/index\/wp-json\/wp\/v2\/comments?post=119270"}],"version-history":[{"count":1,"href":"https:\/\/www.noticiasperfil.com\/index\/wp-json\/wp\/v2\/posts\/119270\/revisions"}],"predecessor-version":[{"id":119272,"href":"https:\/\/www.noticiasperfil.com\/index\/wp-json\/wp\/v2\/posts\/119270\/revisions\/119272"}],"wp:featuredmedia":[{"embeddable":true,"href":"https:\/\/www.noticiasperfil.com\/index\/wp-json\/wp\/v2\/media\/119271"}],"wp:attachment":[{"href":"https:\/\/www.noticiasperfil.com\/index\/wp-json\/wp\/v2\/media?parent=119270"}],"wp:term":[{"taxonomy":"category","embeddable":true,"href":"https:\/\/www.noticiasperfil.com\/index\/wp-json\/wp\/v2\/categories?post=119270"},{"taxonomy":"post_tag","embeddable":true,"href":"https:\/\/www.noticiasperfil.com\/index\/wp-json\/wp\/v2\/tags?post=119270"}],"curies":[{"name":"wp","href":"https:\/\/api.w.org\/{rel}","templated":true}]}}