{"id":119325,"date":"2026-02-07T13:58:01","date_gmt":"2026-02-07T19:58:01","guid":{"rendered":"https:\/\/www.noticiasperfil.com\/index\/?p=119325"},"modified":"2026-02-07T13:58:09","modified_gmt":"2026-02-07T19:58:09","slug":"trabajo-acerca-376-vacantes-y-programas-de-movilidad-laboral-en-xico","status":"publish","type":"post","link":"https:\/\/www.noticiasperfil.com\/index\/2026\/02\/07\/trabajo-acerca-376-vacantes-y-programas-de-movilidad-laboral-en-xico\/","title":{"rendered":"Trabajo acerca 376 vacantes y programas de movilidad laboral en Xico"},"content":{"rendered":"\n<figure class=\"wp-block-gallery has-nested-images columns-default is-cropped wp-block-gallery-1 is-layout-flex wp-block-gallery-is-layout-flex\">\n<figure class=\"wp-block-image size-large\"><img loading=\"lazy\" decoding=\"async\" width=\"1280\" height=\"854\" data-attachment-id=\"119336\" data-permalink=\"https:\/\/www.noticiasperfil.com\/index\/2026\/02\/07\/trabajo-acerca-376-vacantes-y-programas-de-movilidad-laboral-en-xico\/vacantes-programas-movilidad-laboral-xico1\/\" data-orig-file=\"https:\/\/i2.wp.com\/www.noticiasperfil.com\/index\/wp-content\/uploads\/2026\/02\/vacantes-programas-movilidad-laboral-xico1.jpeg?fit=1280%2C854&amp;ssl=1\" data-orig-size=\"1280,854\" data-comments-opened=\"1\" data-image-meta=\"{&quot;aperture&quot;:&quot;0&quot;,&quot;credit&quot;:&quot;&quot;,&quot;camera&quot;:&quot;&quot;,&quot;caption&quot;:&quot;&quot;,&quot;created_timestamp&quot;:&quot;0&quot;,&quot;copyright&quot;:&quot;&quot;,&quot;focal_length&quot;:&quot;0&quot;,&quot;iso&quot;:&quot;0&quot;,&quot;shutter_speed&quot;:&quot;0&quot;,&quot;title&quot;:&quot;&quot;,&quot;orientation&quot;:&quot;0&quot;}\" data-image-title=\"vacantes-programas-movilidad-laboral-xico1\" data-image-description=\"\" data-medium-file=\"https:\/\/i2.wp.com\/www.noticiasperfil.com\/index\/wp-content\/uploads\/2026\/02\/vacantes-programas-movilidad-laboral-xico1.jpeg?fit=660%2C365&amp;ssl=1\" data-large-file=\"https:\/\/i2.wp.com\/www.noticiasperfil.com\/index\/wp-content\/uploads\/2026\/02\/vacantes-programas-movilidad-laboral-xico1.jpeg?fit=640%2C366&amp;ssl=1\" data-id=\"119336\" src=\"https:\/\/i2.wp.com\/www.noticiasperfil.com\/index\/wp-content\/uploads\/2026\/02\/vacantes-programas-movilidad-laboral-xico1.jpeg?fit=640%2C366&amp;ssl=1\" alt=\"\" class=\"wp-image-119336\"\/><\/figure>\n\n\n\n<figure class=\"wp-block-image size-large\"><img loading=\"lazy\" decoding=\"async\" width=\"1280\" height=\"854\" data-attachment-id=\"119335\" data-permalink=\"https:\/\/www.noticiasperfil.com\/index\/2026\/02\/07\/trabajo-acerca-376-vacantes-y-programas-de-movilidad-laboral-en-xico\/vacantes-programas-movilidad-laboral-xico2\/\" data-orig-file=\"https:\/\/i1.wp.com\/www.noticiasperfil.com\/index\/wp-content\/uploads\/2026\/02\/vacantes-programas-movilidad-laboral-xico2.jpeg?fit=1280%2C854&amp;ssl=1\" data-orig-size=\"1280,854\" data-comments-opened=\"1\" data-image-meta=\"{&quot;aperture&quot;:&quot;0&quot;,&quot;credit&quot;:&quot;&quot;,&quot;camera&quot;:&quot;&quot;,&quot;caption&quot;:&quot;&quot;,&quot;created_timestamp&quot;:&quot;0&quot;,&quot;copyright&quot;:&quot;&quot;,&quot;focal_length&quot;:&quot;0&quot;,&quot;iso&quot;:&quot;0&quot;,&quot;shutter_speed&quot;:&quot;0&quot;,&quot;title&quot;:&quot;&quot;,&quot;orientation&quot;:&quot;0&quot;}\" data-image-title=\"vacantes-programas-movilidad-laboral-xico2\" data-image-description=\"\" data-medium-file=\"https:\/\/i1.wp.com\/www.noticiasperfil.com\/index\/wp-content\/uploads\/2026\/02\/vacantes-programas-movilidad-laboral-xico2.jpeg?fit=660%2C365&amp;ssl=1\" data-large-file=\"https:\/\/i1.wp.com\/www.noticiasperfil.com\/index\/wp-content\/uploads\/2026\/02\/vacantes-programas-movilidad-laboral-xico2.jpeg?fit=640%2C366&amp;ssl=1\" data-id=\"119335\" src=\"https:\/\/i1.wp.com\/www.noticiasperfil.com\/index\/wp-content\/uploads\/2026\/02\/vacantes-programas-movilidad-laboral-xico2.jpeg?fit=640%2C366&amp;ssl=1\" alt=\"\" class=\"wp-image-119335\"\/><\/figure>\n\n\n\n<figure class=\"wp-block-image size-large\"><img loading=\"lazy\" decoding=\"async\" width=\"1280\" height=\"854\" data-attachment-id=\"119334\" data-permalink=\"https:\/\/www.noticiasperfil.com\/index\/2026\/02\/07\/trabajo-acerca-376-vacantes-y-programas-de-movilidad-laboral-en-xico\/vacantes-programas-movilidad-laboral-xico5\/\" data-orig-file=\"https:\/\/i0.wp.com\/www.noticiasperfil.com\/index\/wp-content\/uploads\/2026\/02\/vacantes-programas-movilidad-laboral-xico5.jpeg?fit=1280%2C854&amp;ssl=1\" data-orig-size=\"1280,854\" data-comments-opened=\"1\" data-image-meta=\"{&quot;aperture&quot;:&quot;0&quot;,&quot;credit&quot;:&quot;&quot;,&quot;camera&quot;:&quot;&quot;,&quot;caption&quot;:&quot;&quot;,&quot;created_timestamp&quot;:&quot;0&quot;,&quot;copyright&quot;:&quot;&quot;,&quot;focal_length&quot;:&quot;0&quot;,&quot;iso&quot;:&quot;0&quot;,&quot;shutter_speed&quot;:&quot;0&quot;,&quot;title&quot;:&quot;&quot;,&quot;orientation&quot;:&quot;0&quot;}\" data-image-title=\"vacantes-programas-movilidad-laboral-xico5\" data-image-description=\"\" data-medium-file=\"https:\/\/i0.wp.com\/www.noticiasperfil.com\/index\/wp-content\/uploads\/2026\/02\/vacantes-programas-movilidad-laboral-xico5.jpeg?fit=660%2C365&amp;ssl=1\" data-large-file=\"https:\/\/i0.wp.com\/www.noticiasperfil.com\/index\/wp-content\/uploads\/2026\/02\/vacantes-programas-movilidad-laboral-xico5.jpeg?fit=640%2C366&amp;ssl=1\" data-id=\"119334\" src=\"https:\/\/i0.wp.com\/www.noticiasperfil.com\/index\/wp-content\/uploads\/2026\/02\/vacantes-programas-movilidad-laboral-xico5.jpeg?fit=640%2C366&amp;ssl=1\" alt=\"\" class=\"wp-image-119334\"\/><\/figure>\n\n\n\n<figure class=\"wp-block-image size-large\"><img loading=\"lazy\" decoding=\"async\" width=\"1280\" height=\"854\" data-attachment-id=\"119333\" data-permalink=\"https:\/\/www.noticiasperfil.com\/index\/2026\/02\/07\/trabajo-acerca-376-vacantes-y-programas-de-movilidad-laboral-en-xico\/vacantes-programas-movilidad-laboral-xico4\/\" data-orig-file=\"https:\/\/i2.wp.com\/www.noticiasperfil.com\/index\/wp-content\/uploads\/2026\/02\/vacantes-programas-movilidad-laboral-xico4.jpeg?fit=1280%2C854&amp;ssl=1\" data-orig-size=\"1280,854\" data-comments-opened=\"1\" data-image-meta=\"{&quot;aperture&quot;:&quot;0&quot;,&quot;credit&quot;:&quot;&quot;,&quot;camera&quot;:&quot;&quot;,&quot;caption&quot;:&quot;&quot;,&quot;created_timestamp&quot;:&quot;0&quot;,&quot;copyright&quot;:&quot;&quot;,&quot;focal_length&quot;:&quot;0&quot;,&quot;iso&quot;:&quot;0&quot;,&quot;shutter_speed&quot;:&quot;0&quot;,&quot;title&quot;:&quot;&quot;,&quot;orientation&quot;:&quot;0&quot;}\" data-image-title=\"vacantes-programas-movilidad-laboral-xico4\" data-image-description=\"\" data-medium-file=\"https:\/\/i2.wp.com\/www.noticiasperfil.com\/index\/wp-content\/uploads\/2026\/02\/vacantes-programas-movilidad-laboral-xico4.jpeg?fit=660%2C365&amp;ssl=1\" data-large-file=\"https:\/\/i2.wp.com\/www.noticiasperfil.com\/index\/wp-content\/uploads\/2026\/02\/vacantes-programas-movilidad-laboral-xico4.jpeg?fit=640%2C366&amp;ssl=1\" data-id=\"119333\" src=\"https:\/\/i2.wp.com\/www.noticiasperfil.com\/index\/wp-content\/uploads\/2026\/02\/vacantes-programas-movilidad-laboral-xico4.jpeg?fit=640%2C366&amp;ssl=1\" alt=\"\" class=\"wp-image-119333\"\/><\/figure>\n\n\n\n<figure class=\"wp-block-image size-large\"><img loading=\"lazy\" decoding=\"async\" width=\"1280\" height=\"960\" data-attachment-id=\"119332\" data-permalink=\"https:\/\/www.noticiasperfil.com\/index\/2026\/02\/07\/trabajo-acerca-376-vacantes-y-programas-de-movilidad-laboral-en-xico\/vacantes-programas-movilidad-laboral-xico3\/\" data-orig-file=\"https:\/\/i2.wp.com\/www.noticiasperfil.com\/index\/wp-content\/uploads\/2026\/02\/vacantes-programas-movilidad-laboral-xico3.jpeg?fit=1280%2C960&amp;ssl=1\" data-orig-size=\"1280,960\" data-comments-opened=\"1\" data-image-meta=\"{&quot;aperture&quot;:&quot;0&quot;,&quot;credit&quot;:&quot;&quot;,&quot;camera&quot;:&quot;&quot;,&quot;caption&quot;:&quot;&quot;,&quot;created_timestamp&quot;:&quot;0&quot;,&quot;copyright&quot;:&quot;&quot;,&quot;focal_length&quot;:&quot;0&quot;,&quot;iso&quot;:&quot;0&quot;,&quot;shutter_speed&quot;:&quot;0&quot;,&quot;title&quot;:&quot;&quot;,&quot;orientation&quot;:&quot;0&quot;}\" data-image-title=\"vacantes-programas-movilidad-laboral-xico3\" data-image-description=\"\" data-medium-file=\"https:\/\/i2.wp.com\/www.noticiasperfil.com\/index\/wp-content\/uploads\/2026\/02\/vacantes-programas-movilidad-laboral-xico3.jpeg?fit=660%2C365&amp;ssl=1\" data-large-file=\"https:\/\/i2.wp.com\/www.noticiasperfil.com\/index\/wp-content\/uploads\/2026\/02\/vacantes-programas-movilidad-laboral-xico3.jpeg?fit=640%2C366&amp;ssl=1\" data-id=\"119332\" src=\"https:\/\/i2.wp.com\/www.noticiasperfil.com\/index\/wp-content\/uploads\/2026\/02\/vacantes-programas-movilidad-laboral-xico3.jpeg?fit=640%2C366&amp;ssl=1\" alt=\"\" class=\"wp-image-119332\"\/><\/figure>\n<\/figure>\n\n\n\n<blockquote class=\"wp-block-quote is-layout-flow wp-block-quote-is-layout-flow\">\n<p>La jornada incluy\u00f3 Caravana de Servicios, vinculaci\u00f3n y capacitaci\u00f3n al personal municipal.<\/p>\n<\/blockquote>\n\n\n\n<p><strong>Xico, Ver., s\u00e1bado 07 de febrero de 2026.- <\/strong>La Secretar\u00eda de Trabajo, Previsi\u00f3n Social y Productividad (STPSP) llev\u00f3 a cabo en el municipio de Xico una jornada integral de atenci\u00f3n, en la que se ofertaron 376 vacantes laborales y se presentaron programas de movilidad laboral nacional e internacional, con el objetivo de ampliar las oportunidades de empleo y fortalecer la capacitaci\u00f3n en la regi\u00f3n.<\/p>\n\n\n\n<p>A trav\u00e9s del Servicio Nacional de Empleo (SNE), se pusieron a disposici\u00f3n 116 vacantes registradas en la Bolsa de Trabajo y 160 plazas para jornaleros agr\u00edcolas en Sinaloa, Jalisco y Guanajuato.<\/p>\n\n\n\n<p>Adem\u00e1s, empresas de reclutamiento ofrecieron 20 plazas de ayudante de invernadero para la empresa Agrizar; 50 de custodio penitenciario para el CEFERESO 5, en Villa Aldama; 20 para la Secretar\u00eda de Seguridad P\u00fablica, y 10 de reclutador y capacitador para la empresa PABS.<\/p>\n\n\n\n<p>Durante la jornada se desarroll\u00f3 la tercera Caravana de Servicios, en la que participaron todas las \u00e1reas de la Secretar\u00eda, as\u00ed como el Instituto de Capacitaci\u00f3n para el Trabajo del Estado de Veracruz y el Centro de Conciliaci\u00f3n Laboral del Estado, brindando orientaci\u00f3n, asesor\u00eda y atenci\u00f3n directa a la poblaci\u00f3n.<\/p>\n\n\n\n<p>Como parte de la agenda de trabajo, la dependencia se reuni\u00f3n con agentes municipales para presentarles el programa de Movilidad Laboral Interna, con 80 plazas para jornaleros agr\u00edcolas; el Programa de Trabajadores Agr\u00edcolas Temporales M\u00e9xico\u2013Canad\u00e1.<\/p>\n\n\n\n<p>As\u00ed como los mecanismos de movilidad laboral externa para trabajadores agr\u00edcolas y no agr\u00edcolas; as\u00ed como las estrategias complementarias M\u00e9xico Te Abraza y M\u00e9xico Te Emplea. Tambi\u00e9n se inform\u00f3 sobre la convocatoria de vinculaci\u00f3n laboral a Alemania, que contempla 20 plazas para profesionales de enfermer\u00eda.<\/p>\n\n\n\n<p>De manera adicional, la Direcci\u00f3n de Planeaci\u00f3n de la STPSP imparti\u00f3 la capacitaci\u00f3n Calidad en el Servicio al personal del Ayuntamiento de Xico, con el prop\u00f3sito de fortalecer sus competencias y mejorar la atenci\u00f3n que se brinda a la ciudadan\u00eda.<\/p>\n","protected":false},"excerpt":{"rendered":"<p>La jornada incluy\u00f3 Caravana de Servicios, vinculaci\u00f3n y capacitaci\u00f3n al personal municipal. Xico, Ver., s\u00e1bado 07 de febrero de 2026.- La Secretar\u00eda de Trabajo, Previsi\u00f3n Social y Productividad (STPSP) llev\u00f3 a cabo en el municipio de Xico una jornada integral de atenci\u00f3n, en la que se ofertaron 376 vacantes laborales y se presentaron programas de movilidad laboral nacional e internacional, con el objetivo de ampliar las oportunidades de empleo y fortalecer la capacitaci\u00f3n en la regi\u00f3n. A trav\u00e9s del Servicio Nacional de Empleo (SNE), se pusieron a disposici\u00f3n 116 vacantes&hellip;<\/p>\n","protected":false},"author":1,"featured_media":119335,"comment_status":"open","ping_status":"closed","sticky":false,"template":"","format":"standard","meta":{"footnotes":""},"categories":[3,10647],"tags":[],"class_list":["post-119325","post","type-post","status-publish","format-standard","has-post-thumbnail","hentry","category-destacadas","category-zona-centro"],"jetpack-related-posts":[],"_links":{"self":[{"href":"https:\/\/www.noticiasperfil.com\/index\/wp-json\/wp\/v2\/posts\/119325","targetHints":{"allow":["GET"]}}],"collection":[{"href":"https:\/\/www.noticiasperfil.com\/index\/wp-json\/wp\/v2\/posts"}],"about":[{"href":"https:\/\/www.noticiasperfil.com\/index\/wp-json\/wp\/v2\/types\/post"}],"author":[{"embeddable":true,"href":"https:\/\/www.noticiasperfil.com\/index\/wp-json\/wp\/v2\/users\/1"}],"replies":[{"embeddable":true,"href":"https:\/\/www.noticiasperfil.com\/index\/wp-json\/wp\/v2\/comments?post=119325"}],"version-history":[{"count":1,"href":"https:\/\/www.noticiasperfil.com\/index\/wp-json\/wp\/v2\/posts\/119325\/revisions"}],"predecessor-version":[{"id":119337,"href":"https:\/\/www.noticiasperfil.com\/index\/wp-json\/wp\/v2\/posts\/119325\/revisions\/119337"}],"wp:featuredmedia":[{"embeddable":true,"href":"https:\/\/www.noticiasperfil.com\/index\/wp-json\/wp\/v2\/media\/119335"}],"wp:attachment":[{"href":"https:\/\/www.noticiasperfil.com\/index\/wp-json\/wp\/v2\/media?parent=119325"}],"wp:term":[{"taxonomy":"category","embeddable":true,"href":"https:\/\/www.noticiasperfil.com\/index\/wp-json\/wp\/v2\/categories?post=119325"},{"taxonomy":"post_tag","embeddable":true,"href":"https:\/\/www.noticiasperfil.com\/index\/wp-json\/wp\/v2\/tags?post=119325"}],"curies":[{"name":"wp","href":"https:\/\/api.w.org\/{rel}","templated":true}]}}