{"id":119458,"date":"2026-02-08T14:36:21","date_gmt":"2026-02-08T20:36:21","guid":{"rendered":"https:\/\/www.noticiasperfil.com\/index\/?p=119458"},"modified":"2026-02-08T14:36:23","modified_gmt":"2026-02-08T20:36:23","slug":"gobierno-de-poza-rica-y-pemex-trabajan-en-el-ambito-social-y-productivo-para-el-bienestar-de-poza-rica","status":"publish","type":"post","link":"https:\/\/www.noticiasperfil.com\/index\/2026\/02\/08\/gobierno-de-poza-rica-y-pemex-trabajan-en-el-ambito-social-y-productivo-para-el-bienestar-de-poza-rica\/","title":{"rendered":"GOBIERNO DE POZA RICA Y PEMEX TRABAJAN EN EL \u00c1MBITO SOCIAL Y PRODUCTIVO PARA EL BIENESTAR DE POZA RICA."},"content":{"rendered":"\n<figure class=\"wp-block-image size-large\"><img loading=\"lazy\" decoding=\"async\" width=\"1440\" height=\"961\" data-attachment-id=\"119459\" data-permalink=\"https:\/\/www.noticiasperfil.com\/index\/2026\/02\/08\/gobierno-de-poza-rica-y-pemex-trabajan-en-el-ambito-social-y-productivo-para-el-bienestar-de-poza-rica\/poza-rica-pemex\/\" data-orig-file=\"https:\/\/i2.wp.com\/www.noticiasperfil.com\/index\/wp-content\/uploads\/2026\/02\/poza-rica-pemex.jpg?fit=1440%2C961&amp;ssl=1\" data-orig-size=\"1440,961\" data-comments-opened=\"1\" data-image-meta=\"{&quot;aperture&quot;:&quot;0&quot;,&quot;credit&quot;:&quot;&quot;,&quot;camera&quot;:&quot;&quot;,&quot;caption&quot;:&quot;&quot;,&quot;created_timestamp&quot;:&quot;0&quot;,&quot;copyright&quot;:&quot;&quot;,&quot;focal_length&quot;:&quot;0&quot;,&quot;iso&quot;:&quot;0&quot;,&quot;shutter_speed&quot;:&quot;0&quot;,&quot;title&quot;:&quot;&quot;,&quot;orientation&quot;:&quot;0&quot;}\" data-image-title=\"poza-rica-pemex\" data-image-description=\"\" data-medium-file=\"https:\/\/i2.wp.com\/www.noticiasperfil.com\/index\/wp-content\/uploads\/2026\/02\/poza-rica-pemex.jpg?fit=660%2C365&amp;ssl=1\" data-large-file=\"https:\/\/i2.wp.com\/www.noticiasperfil.com\/index\/wp-content\/uploads\/2026\/02\/poza-rica-pemex.jpg?fit=640%2C366&amp;ssl=1\" src=\"https:\/\/i2.wp.com\/www.noticiasperfil.com\/index\/wp-content\/uploads\/2026\/02\/poza-rica-pemex.jpg?fit=640%2C366&amp;ssl=1\" alt=\"\" class=\"wp-image-119459\" srcset=\"https:\/\/i2.wp.com\/www.noticiasperfil.com\/index\/wp-content\/uploads\/2026\/02\/poza-rica-pemex.jpg?w=1440&amp;ssl=1 1440w, https:\/\/i2.wp.com\/www.noticiasperfil.com\/index\/wp-content\/uploads\/2026\/02\/poza-rica-pemex.jpg?w=1280&amp;ssl=1 1280w\" sizes=\"auto, (max-width: 640px) 100vw, 640px\" \/><\/figure>\n\n\n\n<p>Coordinaci\u00f3n en unidad por el bienestar de la ni\u00f1ez.<\/p>\n\n\n\n<p>Poza Rica, Ver.\u2013 Petr\u00f3leos Mexicanos (Pemex), en coordinaci\u00f3n con el Gobierno de Poza Rica, realiz\u00f3 la entrega de juguetes como parte del programa Voluntariado Pemex 2026, una iniciativa que beneficia a municipios con vocaci\u00f3n petrolera y refrenda el compromiso social de la empresa con las ciudades donde tiene presencia.<\/p>\n\n\n\n<p>Durante la visita de la Presidenta del Voluntariado Pemex, la Dra. Mar\u00eda Felicia Jim\u00e9nez Lavie, asegur\u00f3 ser una aliada de Poza Rica y de la mano de la Presidenta Municipal, Adanely Rodr\u00edguez, trabajar\u00e1n en el \u00e1mbito social y productivo para generar condiciones favorables para Poza Rica.<\/p>\n\n\n\n<p>La Presidenta Municipal Adanely Rodr\u00edguez agradeci\u00f3 la generosa contribuci\u00f3n del Voluntariado Pemex y destac\u00f3 la importancia de trabajar en unidad por el bienestar de la ni\u00f1ez. Subray\u00f3 que Poza Rica y Pemex comparten una historia profunda, forjada a lo largo de los a\u00f1os a partir del trabajo, el desarrollo y el compromiso con la regi\u00f3n.<\/p>\n\n\n\n<p>Resalt\u00f3 que estos apoyos representan mucho m\u00e1s que un juguete: son un mensaje de esperanza, acompa\u00f1amiento y cuidado para las ni\u00f1as y los ni\u00f1os de Poza Rica.<\/p>\n\n\n\n<p>Por su parte, la Dra. Mar\u00eda Felicia Jim\u00e9nez Lavie reiter\u00f3 el compromiso del Voluntariado Pemex con las ciudades petroleras, se\u00f1alando que acciones fortalecen los lazos hist\u00f3ricos que unen a la empresa con una ciudad caracterizada por su trabajo, dignidad y capacidad de salir adelante.<\/p>\n","protected":false},"excerpt":{"rendered":"<p>Coordinaci\u00f3n en unidad por el bienestar de la ni\u00f1ez. Poza Rica, Ver.\u2013 Petr\u00f3leos Mexicanos (Pemex), en coordinaci\u00f3n con el Gobierno de Poza Rica, realiz\u00f3 la entrega de juguetes como parte del programa Voluntariado Pemex 2026, una iniciativa que beneficia a municipios con vocaci\u00f3n petrolera y refrenda el compromiso social de la empresa con las ciudades donde tiene presencia. Durante la visita de la Presidenta del Voluntariado Pemex, la Dra. Mar\u00eda Felicia Jim\u00e9nez Lavie, asegur\u00f3 ser una aliada de Poza Rica y de la mano de la Presidenta Municipal, Adanely Rodr\u00edguez,&hellip;<\/p>\n","protected":false},"author":1,"featured_media":119459,"comment_status":"open","ping_status":"closed","sticky":false,"template":"","format":"standard","meta":{"footnotes":""},"categories":[10679],"tags":[],"class_list":["post-119458","post","type-post","status-publish","format-standard","has-post-thumbnail","hentry","category-poza-rica"],"jetpack-related-posts":[],"_links":{"self":[{"href":"https:\/\/www.noticiasperfil.com\/index\/wp-json\/wp\/v2\/posts\/119458","targetHints":{"allow":["GET"]}}],"collection":[{"href":"https:\/\/www.noticiasperfil.com\/index\/wp-json\/wp\/v2\/posts"}],"about":[{"href":"https:\/\/www.noticiasperfil.com\/index\/wp-json\/wp\/v2\/types\/post"}],"author":[{"embeddable":true,"href":"https:\/\/www.noticiasperfil.com\/index\/wp-json\/wp\/v2\/users\/1"}],"replies":[{"embeddable":true,"href":"https:\/\/www.noticiasperfil.com\/index\/wp-json\/wp\/v2\/comments?post=119458"}],"version-history":[{"count":1,"href":"https:\/\/www.noticiasperfil.com\/index\/wp-json\/wp\/v2\/posts\/119458\/revisions"}],"predecessor-version":[{"id":119460,"href":"https:\/\/www.noticiasperfil.com\/index\/wp-json\/wp\/v2\/posts\/119458\/revisions\/119460"}],"wp:featuredmedia":[{"embeddable":true,"href":"https:\/\/www.noticiasperfil.com\/index\/wp-json\/wp\/v2\/media\/119459"}],"wp:attachment":[{"href":"https:\/\/www.noticiasperfil.com\/index\/wp-json\/wp\/v2\/media?parent=119458"}],"wp:term":[{"taxonomy":"category","embeddable":true,"href":"https:\/\/www.noticiasperfil.com\/index\/wp-json\/wp\/v2\/categories?post=119458"},{"taxonomy":"post_tag","embeddable":true,"href":"https:\/\/www.noticiasperfil.com\/index\/wp-json\/wp\/v2\/tags?post=119458"}],"curies":[{"name":"wp","href":"https:\/\/api.w.org\/{rel}","templated":true}]}}