{"id":119540,"date":"2026-01-15T22:33:27","date_gmt":"2026-01-16T04:33:27","guid":{"rendered":"https:\/\/www.noticiasperfil.com\/index\/?p=119540"},"modified":"2026-02-08T22:36:36","modified_gmt":"2026-02-09T04:36:36","slug":"cabildo-de-poza-rica-aprueba-acciones-en-beneficio-de-la-poblacion-en-segunda-sesion-extraordinaria","status":"publish","type":"post","link":"https:\/\/www.noticiasperfil.com\/index\/2026\/01\/15\/cabildo-de-poza-rica-aprueba-acciones-en-beneficio-de-la-poblacion-en-segunda-sesion-extraordinaria\/","title":{"rendered":"Cabildo de Poza Rica aprueba acciones en beneficio de la poblaci\u00f3n en Segunda Sesi\u00f3n Extraordinaria"},"content":{"rendered":"\n<figure class=\"wp-block-gallery has-nested-images columns-default is-cropped wp-block-gallery-1 is-layout-flex wp-block-gallery-is-layout-flex\">\n<figure class=\"wp-block-image size-large\"><img loading=\"lazy\" decoding=\"async\" width=\"1440\" height=\"958\" data-attachment-id=\"119544\" data-permalink=\"https:\/\/www.noticiasperfil.com\/index\/2026\/01\/15\/cabildo-de-poza-rica-aprueba-acciones-en-beneficio-de-la-poblacion-en-segunda-sesion-extraordinaria\/cabildo-poza-rica2\/\" data-orig-file=\"https:\/\/i2.wp.com\/www.noticiasperfil.com\/index\/wp-content\/uploads\/2026\/02\/cabildo-poza-rica2.jpeg?fit=1440%2C958&amp;ssl=1\" data-orig-size=\"1440,958\" data-comments-opened=\"1\" data-image-meta=\"{&quot;aperture&quot;:&quot;0&quot;,&quot;credit&quot;:&quot;&quot;,&quot;camera&quot;:&quot;&quot;,&quot;caption&quot;:&quot;&quot;,&quot;created_timestamp&quot;:&quot;0&quot;,&quot;copyright&quot;:&quot;&quot;,&quot;focal_length&quot;:&quot;0&quot;,&quot;iso&quot;:&quot;0&quot;,&quot;shutter_speed&quot;:&quot;0&quot;,&quot;title&quot;:&quot;&quot;,&quot;orientation&quot;:&quot;0&quot;}\" data-image-title=\"cabildo-poza-rica2\" data-image-description=\"\" data-medium-file=\"https:\/\/i2.wp.com\/www.noticiasperfil.com\/index\/wp-content\/uploads\/2026\/02\/cabildo-poza-rica2.jpeg?fit=660%2C365&amp;ssl=1\" data-large-file=\"https:\/\/i2.wp.com\/www.noticiasperfil.com\/index\/wp-content\/uploads\/2026\/02\/cabildo-poza-rica2.jpeg?fit=640%2C366&amp;ssl=1\" data-id=\"119544\" src=\"https:\/\/i2.wp.com\/www.noticiasperfil.com\/index\/wp-content\/uploads\/2026\/02\/cabildo-poza-rica2.jpeg?fit=640%2C366&amp;ssl=1\" alt=\"\" class=\"wp-image-119544\" srcset=\"https:\/\/i2.wp.com\/www.noticiasperfil.com\/index\/wp-content\/uploads\/2026\/02\/cabildo-poza-rica2.jpeg?w=1440&amp;ssl=1 1440w, https:\/\/i2.wp.com\/www.noticiasperfil.com\/index\/wp-content\/uploads\/2026\/02\/cabildo-poza-rica2.jpeg?w=1280&amp;ssl=1 1280w\" sizes=\"auto, (max-width: 640px) 100vw, 640px\" \/><\/figure>\n\n\n\n<figure class=\"wp-block-image size-large\"><img loading=\"lazy\" decoding=\"async\" width=\"1440\" height=\"958\" data-attachment-id=\"119543\" data-permalink=\"https:\/\/www.noticiasperfil.com\/index\/2026\/01\/15\/cabildo-de-poza-rica-aprueba-acciones-en-beneficio-de-la-poblacion-en-segunda-sesion-extraordinaria\/cabildo-poza-rica43\/\" data-orig-file=\"https:\/\/i1.wp.com\/www.noticiasperfil.com\/index\/wp-content\/uploads\/2026\/02\/cabildo-poza-rica43.jpeg?fit=1440%2C958&amp;ssl=1\" data-orig-size=\"1440,958\" data-comments-opened=\"1\" data-image-meta=\"{&quot;aperture&quot;:&quot;0&quot;,&quot;credit&quot;:&quot;&quot;,&quot;camera&quot;:&quot;&quot;,&quot;caption&quot;:&quot;&quot;,&quot;created_timestamp&quot;:&quot;0&quot;,&quot;copyright&quot;:&quot;&quot;,&quot;focal_length&quot;:&quot;0&quot;,&quot;iso&quot;:&quot;0&quot;,&quot;shutter_speed&quot;:&quot;0&quot;,&quot;title&quot;:&quot;&quot;,&quot;orientation&quot;:&quot;0&quot;}\" data-image-title=\"cabildo-poza-rica43\" data-image-description=\"\" data-medium-file=\"https:\/\/i1.wp.com\/www.noticiasperfil.com\/index\/wp-content\/uploads\/2026\/02\/cabildo-poza-rica43.jpeg?fit=660%2C365&amp;ssl=1\" data-large-file=\"https:\/\/i1.wp.com\/www.noticiasperfil.com\/index\/wp-content\/uploads\/2026\/02\/cabildo-poza-rica43.jpeg?fit=640%2C366&amp;ssl=1\" data-id=\"119543\" src=\"https:\/\/i1.wp.com\/www.noticiasperfil.com\/index\/wp-content\/uploads\/2026\/02\/cabildo-poza-rica43.jpeg?fit=640%2C366&amp;ssl=1\" alt=\"\" class=\"wp-image-119543\" srcset=\"https:\/\/i1.wp.com\/www.noticiasperfil.com\/index\/wp-content\/uploads\/2026\/02\/cabildo-poza-rica43.jpeg?w=1440&amp;ssl=1 1440w, https:\/\/i1.wp.com\/www.noticiasperfil.com\/index\/wp-content\/uploads\/2026\/02\/cabildo-poza-rica43.jpeg?w=1280&amp;ssl=1 1280w\" sizes=\"auto, (max-width: 640px) 100vw, 640px\" \/><\/figure>\n\n\n\n<figure class=\"wp-block-image size-large\"><img loading=\"lazy\" decoding=\"async\" width=\"1440\" height=\"957\" data-attachment-id=\"119542\" data-permalink=\"https:\/\/www.noticiasperfil.com\/index\/2026\/01\/15\/cabildo-de-poza-rica-aprueba-acciones-en-beneficio-de-la-poblacion-en-segunda-sesion-extraordinaria\/cabildo-poza-rica3\/\" data-orig-file=\"https:\/\/i2.wp.com\/www.noticiasperfil.com\/index\/wp-content\/uploads\/2026\/02\/cabildo-poza-rica3.jpeg?fit=1440%2C957&amp;ssl=1\" data-orig-size=\"1440,957\" data-comments-opened=\"1\" data-image-meta=\"{&quot;aperture&quot;:&quot;0&quot;,&quot;credit&quot;:&quot;&quot;,&quot;camera&quot;:&quot;&quot;,&quot;caption&quot;:&quot;&quot;,&quot;created_timestamp&quot;:&quot;0&quot;,&quot;copyright&quot;:&quot;&quot;,&quot;focal_length&quot;:&quot;0&quot;,&quot;iso&quot;:&quot;0&quot;,&quot;shutter_speed&quot;:&quot;0&quot;,&quot;title&quot;:&quot;&quot;,&quot;orientation&quot;:&quot;0&quot;}\" data-image-title=\"cabildo-poza-rica3\" data-image-description=\"\" data-medium-file=\"https:\/\/i2.wp.com\/www.noticiasperfil.com\/index\/wp-content\/uploads\/2026\/02\/cabildo-poza-rica3.jpeg?fit=660%2C365&amp;ssl=1\" data-large-file=\"https:\/\/i2.wp.com\/www.noticiasperfil.com\/index\/wp-content\/uploads\/2026\/02\/cabildo-poza-rica3.jpeg?fit=640%2C366&amp;ssl=1\" data-id=\"119542\" src=\"https:\/\/i2.wp.com\/www.noticiasperfil.com\/index\/wp-content\/uploads\/2026\/02\/cabildo-poza-rica3.jpeg?fit=640%2C366&amp;ssl=1\" alt=\"\" class=\"wp-image-119542\" srcset=\"https:\/\/i2.wp.com\/www.noticiasperfil.com\/index\/wp-content\/uploads\/2026\/02\/cabildo-poza-rica3.jpeg?w=1440&amp;ssl=1 1440w, https:\/\/i2.wp.com\/www.noticiasperfil.com\/index\/wp-content\/uploads\/2026\/02\/cabildo-poza-rica3.jpeg?w=1280&amp;ssl=1 1280w\" sizes=\"auto, (max-width: 640px) 100vw, 640px\" \/><\/figure>\n\n\n\n<figure class=\"wp-block-image size-large\"><img loading=\"lazy\" decoding=\"async\" width=\"1440\" height=\"960\" data-attachment-id=\"119541\" data-permalink=\"https:\/\/www.noticiasperfil.com\/index\/2026\/01\/15\/cabildo-de-poza-rica-aprueba-acciones-en-beneficio-de-la-poblacion-en-segunda-sesion-extraordinaria\/cabildo-poza-rica1\/\" data-orig-file=\"https:\/\/i1.wp.com\/www.noticiasperfil.com\/index\/wp-content\/uploads\/2026\/02\/cabildo-poza-rica1.jpeg?fit=1440%2C960&amp;ssl=1\" data-orig-size=\"1440,960\" data-comments-opened=\"1\" data-image-meta=\"{&quot;aperture&quot;:&quot;0&quot;,&quot;credit&quot;:&quot;&quot;,&quot;camera&quot;:&quot;&quot;,&quot;caption&quot;:&quot;&quot;,&quot;created_timestamp&quot;:&quot;0&quot;,&quot;copyright&quot;:&quot;&quot;,&quot;focal_length&quot;:&quot;0&quot;,&quot;iso&quot;:&quot;0&quot;,&quot;shutter_speed&quot;:&quot;0&quot;,&quot;title&quot;:&quot;&quot;,&quot;orientation&quot;:&quot;0&quot;}\" data-image-title=\"cabildo-poza-rica1\" data-image-description=\"\" data-medium-file=\"https:\/\/i1.wp.com\/www.noticiasperfil.com\/index\/wp-content\/uploads\/2026\/02\/cabildo-poza-rica1.jpeg?fit=660%2C365&amp;ssl=1\" data-large-file=\"https:\/\/i1.wp.com\/www.noticiasperfil.com\/index\/wp-content\/uploads\/2026\/02\/cabildo-poza-rica1.jpeg?fit=640%2C366&amp;ssl=1\" data-id=\"119541\" src=\"https:\/\/i1.wp.com\/www.noticiasperfil.com\/index\/wp-content\/uploads\/2026\/02\/cabildo-poza-rica1.jpeg?fit=640%2C366&amp;ssl=1\" alt=\"\" class=\"wp-image-119541\" srcset=\"https:\/\/i1.wp.com\/www.noticiasperfil.com\/index\/wp-content\/uploads\/2026\/02\/cabildo-poza-rica1.jpeg?w=1440&amp;ssl=1 1440w, https:\/\/i1.wp.com\/www.noticiasperfil.com\/index\/wp-content\/uploads\/2026\/02\/cabildo-poza-rica1.jpeg?w=1280&amp;ssl=1 1280w\" sizes=\"auto, (max-width: 640px) 100vw, 640px\" \/><\/figure>\n<\/figure>\n\n\n\n<p>Poza Rica, Ver.\u2013 En el marco de la Segunda Sesi\u00f3n Extraordinaria de Cabildo, el Gobierno de Poza Rica aprob\u00f3 diversos acuerdos y acciones orientadas al desarrollo municipal y al bienestar de la poblaci\u00f3n.<\/p>\n\n\n\n<p>A propuesta de la S\u00edndica \u00danica, Reina Ju\u00e1rez Avil\u00e9s, fue aprobado por mayor\u00eda el Presupuesto de Egresos para el Ejercicio Fiscal 2026 y su plantilla de personal, as\u00ed como la emisi\u00f3n de los puntos de vista respecto a la Ley de Ingresos 2026, los cuales ser\u00e1n remitidos al Congreso del Estado de Veracruz, en cumplimiento del art\u00edculo 107, p\u00e1rrafo segundo, de la Ley Org\u00e1nica del Municipio Libre.<\/p>\n\n\n\n<p>Asimismo, se aprob\u00f3 por unanimidad el procedimiento de elecci\u00f3n y la convocatoria para que las y los residentes del Cerro del Mes\u00f3n elijan a su Agente Municipal para el periodo 2026\u20132030, fortaleciendo la participaci\u00f3n ciudadana.<\/p>\n\n\n\n<p><br>De igual forma, el Cabildo aprob\u00f3 por unanimidad las convocatorias para la elecci\u00f3n de Consejeros Comunitarios del Consejo de Desarrollo Municipal y para la integraci\u00f3n del Consejo de Planeaci\u00f3n para el Desarrollo Municipal (COPLADEMUN) abriendo espacios para que la ciudadan\u00eda participe activamente en la planeaci\u00f3n de obras y acciones que beneficien a las colonias.<\/p>\n\n\n\n<p>Finalmente, fue autorizada por unanimidad la donaci\u00f3n de asfalto por parte del Gobierno del Estado, lo que permitir\u00e1 mejorar vialidades en zonas con mayor necesidad, contribuyendo a una ciudad m\u00e1s segura y con mejores condiciones de movilidad para las familias de Poza Rica.<\/p>\n","protected":false},"excerpt":{"rendered":"<p>Poza Rica, Ver.\u2013 En el marco de la Segunda Sesi\u00f3n Extraordinaria de Cabildo, el Gobierno de Poza Rica aprob\u00f3 diversos acuerdos y acciones orientadas al desarrollo municipal y al bienestar de la poblaci\u00f3n. A propuesta de la S\u00edndica \u00danica, Reina Ju\u00e1rez Avil\u00e9s, fue aprobado por mayor\u00eda el Presupuesto de Egresos para el Ejercicio Fiscal 2026 y su plantilla de personal, as\u00ed como la emisi\u00f3n de los puntos de vista respecto a la Ley de Ingresos 2026, los cuales ser\u00e1n remitidos al Congreso del Estado de Veracruz, en cumplimiento del art\u00edculo&hellip;<\/p>\n","protected":false},"author":1,"featured_media":119541,"comment_status":"open","ping_status":"closed","sticky":false,"template":"","format":"standard","meta":{"footnotes":""},"categories":[10679,10603],"tags":[],"class_list":["post-119540","post","type-post","status-publish","format-standard","has-post-thumbnail","hentry","category-poza-rica","category-zona-norte"],"jetpack-related-posts":[],"_links":{"self":[{"href":"https:\/\/www.noticiasperfil.com\/index\/wp-json\/wp\/v2\/posts\/119540","targetHints":{"allow":["GET"]}}],"collection":[{"href":"https:\/\/www.noticiasperfil.com\/index\/wp-json\/wp\/v2\/posts"}],"about":[{"href":"https:\/\/www.noticiasperfil.com\/index\/wp-json\/wp\/v2\/types\/post"}],"author":[{"embeddable":true,"href":"https:\/\/www.noticiasperfil.com\/index\/wp-json\/wp\/v2\/users\/1"}],"replies":[{"embeddable":true,"href":"https:\/\/www.noticiasperfil.com\/index\/wp-json\/wp\/v2\/comments?post=119540"}],"version-history":[{"count":1,"href":"https:\/\/www.noticiasperfil.com\/index\/wp-json\/wp\/v2\/posts\/119540\/revisions"}],"predecessor-version":[{"id":119545,"href":"https:\/\/www.noticiasperfil.com\/index\/wp-json\/wp\/v2\/posts\/119540\/revisions\/119545"}],"wp:featuredmedia":[{"embeddable":true,"href":"https:\/\/www.noticiasperfil.com\/index\/wp-json\/wp\/v2\/media\/119541"}],"wp:attachment":[{"href":"https:\/\/www.noticiasperfil.com\/index\/wp-json\/wp\/v2\/media?parent=119540"}],"wp:term":[{"taxonomy":"category","embeddable":true,"href":"https:\/\/www.noticiasperfil.com\/index\/wp-json\/wp\/v2\/categories?post=119540"},{"taxonomy":"post_tag","embeddable":true,"href":"https:\/\/www.noticiasperfil.com\/index\/wp-json\/wp\/v2\/tags?post=119540"}],"curies":[{"name":"wp","href":"https:\/\/api.w.org\/{rel}","templated":true}]}}