{"id":119546,"date":"2026-01-15T22:42:40","date_gmt":"2026-01-16T04:42:40","guid":{"rendered":"https:\/\/www.noticiasperfil.com\/index\/?p=119546"},"modified":"2026-02-08T22:48:08","modified_gmt":"2026-02-09T04:48:08","slug":"gobierno-de-poza-rica-llevara-la-cultura-a-las-colonias","status":"publish","type":"post","link":"https:\/\/www.noticiasperfil.com\/index\/2026\/01\/15\/gobierno-de-poza-rica-llevara-la-cultura-a-las-colonias\/","title":{"rendered":"Gobierno de Poza Rica llevar\u00e1 la cultura a las colonias"},"content":{"rendered":"\n<figure class=\"wp-block-gallery has-nested-images columns-default is-cropped wp-block-gallery-1 is-layout-flex wp-block-gallery-is-layout-flex\">\n<figure class=\"wp-block-image size-large\"><img loading=\"lazy\" decoding=\"async\" width=\"1280\" height=\"854\" data-attachment-id=\"119547\" data-permalink=\"https:\/\/www.noticiasperfil.com\/index\/2026\/01\/15\/gobierno-de-poza-rica-llevara-la-cultura-a-las-colonias\/poza-rica-llevara-cultura-colonias1\/\" data-orig-file=\"https:\/\/i0.wp.com\/www.noticiasperfil.com\/index\/wp-content\/uploads\/2026\/02\/poza-rica-llevara-cultura-colonias1.jpeg?fit=1280%2C854&amp;ssl=1\" data-orig-size=\"1280,854\" data-comments-opened=\"1\" data-image-meta=\"{&quot;aperture&quot;:&quot;0&quot;,&quot;credit&quot;:&quot;&quot;,&quot;camera&quot;:&quot;&quot;,&quot;caption&quot;:&quot;&quot;,&quot;created_timestamp&quot;:&quot;0&quot;,&quot;copyright&quot;:&quot;&quot;,&quot;focal_length&quot;:&quot;0&quot;,&quot;iso&quot;:&quot;0&quot;,&quot;shutter_speed&quot;:&quot;0&quot;,&quot;title&quot;:&quot;&quot;,&quot;orientation&quot;:&quot;0&quot;}\" data-image-title=\"poza-rica-llevara-cultura-colonias1\" data-image-description=\"\" data-medium-file=\"https:\/\/i0.wp.com\/www.noticiasperfil.com\/index\/wp-content\/uploads\/2026\/02\/poza-rica-llevara-cultura-colonias1.jpeg?fit=660%2C365&amp;ssl=1\" data-large-file=\"https:\/\/i0.wp.com\/www.noticiasperfil.com\/index\/wp-content\/uploads\/2026\/02\/poza-rica-llevara-cultura-colonias1.jpeg?fit=640%2C366&amp;ssl=1\" data-id=\"119547\" src=\"https:\/\/i0.wp.com\/www.noticiasperfil.com\/index\/wp-content\/uploads\/2026\/02\/poza-rica-llevara-cultura-colonias1.jpeg?fit=640%2C366&amp;ssl=1\" alt=\"\" class=\"wp-image-119547\"\/><\/figure>\n\n\n\n<figure class=\"wp-block-image size-large\"><img loading=\"lazy\" decoding=\"async\" width=\"1280\" height=\"854\" data-attachment-id=\"119548\" data-permalink=\"https:\/\/www.noticiasperfil.com\/index\/2026\/01\/15\/gobierno-de-poza-rica-llevara-la-cultura-a-las-colonias\/poza-rica-llevara-cultura-colonias12\/\" data-orig-file=\"https:\/\/i1.wp.com\/www.noticiasperfil.com\/index\/wp-content\/uploads\/2026\/02\/poza-rica-llevara-cultura-colonias12.jpeg?fit=1280%2C854&amp;ssl=1\" data-orig-size=\"1280,854\" data-comments-opened=\"1\" data-image-meta=\"{&quot;aperture&quot;:&quot;0&quot;,&quot;credit&quot;:&quot;&quot;,&quot;camera&quot;:&quot;&quot;,&quot;caption&quot;:&quot;&quot;,&quot;created_timestamp&quot;:&quot;0&quot;,&quot;copyright&quot;:&quot;&quot;,&quot;focal_length&quot;:&quot;0&quot;,&quot;iso&quot;:&quot;0&quot;,&quot;shutter_speed&quot;:&quot;0&quot;,&quot;title&quot;:&quot;&quot;,&quot;orientation&quot;:&quot;0&quot;}\" data-image-title=\"poza-rica-llevara-cultura-colonias12\" data-image-description=\"\" data-medium-file=\"https:\/\/i1.wp.com\/www.noticiasperfil.com\/index\/wp-content\/uploads\/2026\/02\/poza-rica-llevara-cultura-colonias12.jpeg?fit=660%2C365&amp;ssl=1\" data-large-file=\"https:\/\/i1.wp.com\/www.noticiasperfil.com\/index\/wp-content\/uploads\/2026\/02\/poza-rica-llevara-cultura-colonias12.jpeg?fit=640%2C366&amp;ssl=1\" data-id=\"119548\" src=\"https:\/\/i1.wp.com\/www.noticiasperfil.com\/index\/wp-content\/uploads\/2026\/02\/poza-rica-llevara-cultura-colonias12.jpeg?fit=640%2C366&amp;ssl=1\" alt=\"\" class=\"wp-image-119548\"\/><\/figure>\n\n\n\n<figure class=\"wp-block-image size-large\"><img loading=\"lazy\" decoding=\"async\" width=\"1280\" height=\"854\" data-attachment-id=\"119549\" data-permalink=\"https:\/\/www.noticiasperfil.com\/index\/2026\/01\/15\/gobierno-de-poza-rica-llevara-la-cultura-a-las-colonias\/poza-rica-llevara-cultura-colonias11\/\" data-orig-file=\"https:\/\/i1.wp.com\/www.noticiasperfil.com\/index\/wp-content\/uploads\/2026\/02\/poza-rica-llevara-cultura-colonias11.jpeg?fit=1280%2C854&amp;ssl=1\" data-orig-size=\"1280,854\" data-comments-opened=\"1\" data-image-meta=\"{&quot;aperture&quot;:&quot;0&quot;,&quot;credit&quot;:&quot;&quot;,&quot;camera&quot;:&quot;&quot;,&quot;caption&quot;:&quot;&quot;,&quot;created_timestamp&quot;:&quot;0&quot;,&quot;copyright&quot;:&quot;&quot;,&quot;focal_length&quot;:&quot;0&quot;,&quot;iso&quot;:&quot;0&quot;,&quot;shutter_speed&quot;:&quot;0&quot;,&quot;title&quot;:&quot;&quot;,&quot;orientation&quot;:&quot;0&quot;}\" data-image-title=\"poza-rica-llevara-cultura-colonias11\" data-image-description=\"\" data-medium-file=\"https:\/\/i1.wp.com\/www.noticiasperfil.com\/index\/wp-content\/uploads\/2026\/02\/poza-rica-llevara-cultura-colonias11.jpeg?fit=660%2C365&amp;ssl=1\" data-large-file=\"https:\/\/i1.wp.com\/www.noticiasperfil.com\/index\/wp-content\/uploads\/2026\/02\/poza-rica-llevara-cultura-colonias11.jpeg?fit=640%2C366&amp;ssl=1\" data-id=\"119549\" src=\"https:\/\/i1.wp.com\/www.noticiasperfil.com\/index\/wp-content\/uploads\/2026\/02\/poza-rica-llevara-cultura-colonias11.jpeg?fit=640%2C366&amp;ssl=1\" alt=\"\" class=\"wp-image-119549\"\/><\/figure>\n\n\n\n<figure class=\"wp-block-image size-large\"><img loading=\"lazy\" decoding=\"async\" width=\"1280\" height=\"854\" data-attachment-id=\"119550\" data-permalink=\"https:\/\/www.noticiasperfil.com\/index\/2026\/01\/15\/gobierno-de-poza-rica-llevara-la-cultura-a-las-colonias\/poza-rica-llevara-cultura-colonias10\/\" data-orig-file=\"https:\/\/i1.wp.com\/www.noticiasperfil.com\/index\/wp-content\/uploads\/2026\/02\/poza-rica-llevara-cultura-colonias10.jpeg?fit=1280%2C854&amp;ssl=1\" data-orig-size=\"1280,854\" data-comments-opened=\"1\" data-image-meta=\"{&quot;aperture&quot;:&quot;0&quot;,&quot;credit&quot;:&quot;&quot;,&quot;camera&quot;:&quot;&quot;,&quot;caption&quot;:&quot;&quot;,&quot;created_timestamp&quot;:&quot;0&quot;,&quot;copyright&quot;:&quot;&quot;,&quot;focal_length&quot;:&quot;0&quot;,&quot;iso&quot;:&quot;0&quot;,&quot;shutter_speed&quot;:&quot;0&quot;,&quot;title&quot;:&quot;&quot;,&quot;orientation&quot;:&quot;0&quot;}\" data-image-title=\"poza-rica-llevara-cultura-colonias10\" data-image-description=\"\" data-medium-file=\"https:\/\/i1.wp.com\/www.noticiasperfil.com\/index\/wp-content\/uploads\/2026\/02\/poza-rica-llevara-cultura-colonias10.jpeg?fit=660%2C365&amp;ssl=1\" data-large-file=\"https:\/\/i1.wp.com\/www.noticiasperfil.com\/index\/wp-content\/uploads\/2026\/02\/poza-rica-llevara-cultura-colonias10.jpeg?fit=640%2C366&amp;ssl=1\" data-id=\"119550\" src=\"https:\/\/i1.wp.com\/www.noticiasperfil.com\/index\/wp-content\/uploads\/2026\/02\/poza-rica-llevara-cultura-colonias10.jpeg?fit=640%2C366&amp;ssl=1\" alt=\"\" class=\"wp-image-119550\"\/><\/figure>\n\n\n\n<figure class=\"wp-block-image size-large\"><img loading=\"lazy\" decoding=\"async\" width=\"1280\" height=\"854\" data-attachment-id=\"119551\" data-permalink=\"https:\/\/www.noticiasperfil.com\/index\/2026\/01\/15\/gobierno-de-poza-rica-llevara-la-cultura-a-las-colonias\/poza-rica-llevara-cultura-colonias9\/\" data-orig-file=\"https:\/\/i0.wp.com\/www.noticiasperfil.com\/index\/wp-content\/uploads\/2026\/02\/poza-rica-llevara-cultura-colonias9.jpeg?fit=1280%2C854&amp;ssl=1\" data-orig-size=\"1280,854\" data-comments-opened=\"1\" data-image-meta=\"{&quot;aperture&quot;:&quot;0&quot;,&quot;credit&quot;:&quot;&quot;,&quot;camera&quot;:&quot;&quot;,&quot;caption&quot;:&quot;&quot;,&quot;created_timestamp&quot;:&quot;0&quot;,&quot;copyright&quot;:&quot;&quot;,&quot;focal_length&quot;:&quot;0&quot;,&quot;iso&quot;:&quot;0&quot;,&quot;shutter_speed&quot;:&quot;0&quot;,&quot;title&quot;:&quot;&quot;,&quot;orientation&quot;:&quot;0&quot;}\" data-image-title=\"poza-rica-llevara-cultura-colonias9\" data-image-description=\"\" data-medium-file=\"https:\/\/i0.wp.com\/www.noticiasperfil.com\/index\/wp-content\/uploads\/2026\/02\/poza-rica-llevara-cultura-colonias9.jpeg?fit=660%2C365&amp;ssl=1\" data-large-file=\"https:\/\/i0.wp.com\/www.noticiasperfil.com\/index\/wp-content\/uploads\/2026\/02\/poza-rica-llevara-cultura-colonias9.jpeg?fit=640%2C366&amp;ssl=1\" data-id=\"119551\" src=\"https:\/\/i0.wp.com\/www.noticiasperfil.com\/index\/wp-content\/uploads\/2026\/02\/poza-rica-llevara-cultura-colonias9.jpeg?fit=640%2C366&amp;ssl=1\" alt=\"\" class=\"wp-image-119551\"\/><\/figure>\n<\/figure>\n\n\n\n<p><strong>*Se realiza la primera edici\u00f3n de \u201cDanz\u00f3n y Son\u201d<\/strong><\/p>\n\n\n\n<p>Poza Rica, Ver.\u2014 El Gobierno de Poza Rica reforzar\u00e1 la difusi\u00f3n cultural en todo el municipio y acercar\u00e1 actividades art\u00edsticas a las colonias, anunci\u00f3 la Presidenta Municipal Adanely Rodr\u00edguez durante la primera edici\u00f3n de \u201cDanz\u00f3n y Son\u201d, donde destac\u00f3 al danz\u00f3n como una expresi\u00f3n viva de identidad, convivencia y orgullo veracruzano.<\/p>\n\n\n\n<p>La Presidenta Municipal subray\u00f3 que el danz\u00f3n es un puente intergeneracional que fortalece el tejido social. \u201cNo es solo m\u00fasica y pasos; es una forma de convivir con dignidad, de escucharnos y caminar juntos\u201d, expres\u00f3 ante las y los danzoneros reunidos en la P\u00e9rgola del Parque Benito Ju\u00e1rez.<\/p>\n\n\n\n<figure class=\"wp-block-image size-large\"><img loading=\"lazy\" decoding=\"async\" width=\"640\" height=\"366\" data-attachment-id=\"119553\" data-permalink=\"https:\/\/www.noticiasperfil.com\/index\/2026\/01\/15\/gobierno-de-poza-rica-llevara-la-cultura-a-las-colonias\/poza-rica-llevara-cultura-colonias7\/\" data-orig-file=\"https:\/\/i0.wp.com\/www.noticiasperfil.com\/index\/wp-content\/uploads\/2026\/02\/poza-rica-llevara-cultura-colonias7.jpeg?fit=1280%2C854&amp;ssl=1\" data-orig-size=\"1280,854\" data-comments-opened=\"1\" data-image-meta=\"{&quot;aperture&quot;:&quot;0&quot;,&quot;credit&quot;:&quot;&quot;,&quot;camera&quot;:&quot;&quot;,&quot;caption&quot;:&quot;&quot;,&quot;created_timestamp&quot;:&quot;0&quot;,&quot;copyright&quot;:&quot;&quot;,&quot;focal_length&quot;:&quot;0&quot;,&quot;iso&quot;:&quot;0&quot;,&quot;shutter_speed&quot;:&quot;0&quot;,&quot;title&quot;:&quot;&quot;,&quot;orientation&quot;:&quot;0&quot;}\" data-image-title=\"poza-rica-llevara-cultura-colonias7\" data-image-description=\"\" data-medium-file=\"https:\/\/i0.wp.com\/www.noticiasperfil.com\/index\/wp-content\/uploads\/2026\/02\/poza-rica-llevara-cultura-colonias7.jpeg?fit=660%2C365&amp;ssl=1\" data-large-file=\"https:\/\/i0.wp.com\/www.noticiasperfil.com\/index\/wp-content\/uploads\/2026\/02\/poza-rica-llevara-cultura-colonias7.jpeg?fit=640%2C366&amp;ssl=1\" src=\"https:\/\/i0.wp.com\/www.noticiasperfil.com\/index\/wp-content\/uploads\/2026\/02\/poza-rica-llevara-cultura-colonias7.jpeg?resize=640%2C366&#038;ssl=1\" alt=\"\" class=\"wp-image-119553\" data-recalc-dims=\"1\"\/><\/figure>\n\n\n\n<p>Asimismo, afirm\u00f3 que la cultura es bienestar y futuro, no un adorno, y que su gobierno seguir\u00e1 impulsando expresiones que preserven las ra\u00edces locales y promuevan la convivencia familiar. \u201cGobernar tambi\u00e9n es cuidar lo que somos\u201d, se\u00f1al\u00f3.<\/p>\n\n\n\n<p>Finalmente, la Presidenta Municipal anunci\u00f3 que las actividades culturales se llevar\u00e1n a cada rinc\u00f3n de la ciudad, para que el arte y el orgullo de ser pozarricense se vivan en las colonias, reiterando su compromiso de mantener vivas las tradiciones y los espacios de encuentro ciudadano.<\/p>\n\n\n\n<figure class=\"wp-block-gallery has-nested-images columns-default is-cropped wp-block-gallery-2 is-layout-flex wp-block-gallery-is-layout-flex\">\n<figure class=\"wp-block-image size-large\"><img loading=\"lazy\" decoding=\"async\" width=\"1280\" height=\"854\" data-attachment-id=\"119558\" data-permalink=\"https:\/\/www.noticiasperfil.com\/index\/2026\/01\/15\/gobierno-de-poza-rica-llevara-la-cultura-a-las-colonias\/poza-rica-llevara-cultura-colonias2\/\" data-orig-file=\"https:\/\/i1.wp.com\/www.noticiasperfil.com\/index\/wp-content\/uploads\/2026\/02\/poza-rica-llevara-cultura-colonias2.jpeg?fit=1280%2C854&amp;ssl=1\" data-orig-size=\"1280,854\" data-comments-opened=\"1\" data-image-meta=\"{&quot;aperture&quot;:&quot;0&quot;,&quot;credit&quot;:&quot;&quot;,&quot;camera&quot;:&quot;&quot;,&quot;caption&quot;:&quot;&quot;,&quot;created_timestamp&quot;:&quot;0&quot;,&quot;copyright&quot;:&quot;&quot;,&quot;focal_length&quot;:&quot;0&quot;,&quot;iso&quot;:&quot;0&quot;,&quot;shutter_speed&quot;:&quot;0&quot;,&quot;title&quot;:&quot;&quot;,&quot;orientation&quot;:&quot;0&quot;}\" data-image-title=\"poza-rica-llevara-cultura-colonias2\" data-image-description=\"\" data-medium-file=\"https:\/\/i1.wp.com\/www.noticiasperfil.com\/index\/wp-content\/uploads\/2026\/02\/poza-rica-llevara-cultura-colonias2.jpeg?fit=660%2C365&amp;ssl=1\" data-large-file=\"https:\/\/i1.wp.com\/www.noticiasperfil.com\/index\/wp-content\/uploads\/2026\/02\/poza-rica-llevara-cultura-colonias2.jpeg?fit=640%2C366&amp;ssl=1\" data-id=\"119558\" src=\"https:\/\/i1.wp.com\/www.noticiasperfil.com\/index\/wp-content\/uploads\/2026\/02\/poza-rica-llevara-cultura-colonias2.jpeg?fit=640%2C366&amp;ssl=1\" alt=\"\" class=\"wp-image-119558\"\/><\/figure>\n\n\n\n<figure class=\"wp-block-image size-large\"><img loading=\"lazy\" decoding=\"async\" width=\"1280\" height=\"854\" data-attachment-id=\"119557\" data-permalink=\"https:\/\/www.noticiasperfil.com\/index\/2026\/01\/15\/gobierno-de-poza-rica-llevara-la-cultura-a-las-colonias\/poza-rica-llevara-cultura-colonias3\/\" data-orig-file=\"https:\/\/i0.wp.com\/www.noticiasperfil.com\/index\/wp-content\/uploads\/2026\/02\/poza-rica-llevara-cultura-colonias3.jpeg?fit=1280%2C854&amp;ssl=1\" data-orig-size=\"1280,854\" data-comments-opened=\"1\" data-image-meta=\"{&quot;aperture&quot;:&quot;0&quot;,&quot;credit&quot;:&quot;&quot;,&quot;camera&quot;:&quot;&quot;,&quot;caption&quot;:&quot;&quot;,&quot;created_timestamp&quot;:&quot;0&quot;,&quot;copyright&quot;:&quot;&quot;,&quot;focal_length&quot;:&quot;0&quot;,&quot;iso&quot;:&quot;0&quot;,&quot;shutter_speed&quot;:&quot;0&quot;,&quot;title&quot;:&quot;&quot;,&quot;orientation&quot;:&quot;0&quot;}\" data-image-title=\"poza-rica-llevara-cultura-colonias3\" data-image-description=\"\" data-medium-file=\"https:\/\/i0.wp.com\/www.noticiasperfil.com\/index\/wp-content\/uploads\/2026\/02\/poza-rica-llevara-cultura-colonias3.jpeg?fit=660%2C365&amp;ssl=1\" data-large-file=\"https:\/\/i0.wp.com\/www.noticiasperfil.com\/index\/wp-content\/uploads\/2026\/02\/poza-rica-llevara-cultura-colonias3.jpeg?fit=640%2C366&amp;ssl=1\" data-id=\"119557\" src=\"https:\/\/i0.wp.com\/www.noticiasperfil.com\/index\/wp-content\/uploads\/2026\/02\/poza-rica-llevara-cultura-colonias3.jpeg?fit=640%2C366&amp;ssl=1\" alt=\"\" class=\"wp-image-119557\"\/><\/figure>\n\n\n\n<figure class=\"wp-block-image size-large\"><img loading=\"lazy\" decoding=\"async\" width=\"1280\" height=\"854\" data-attachment-id=\"119556\" data-permalink=\"https:\/\/www.noticiasperfil.com\/index\/2026\/01\/15\/gobierno-de-poza-rica-llevara-la-cultura-a-las-colonias\/poza-rica-llevara-cultura-colonias4\/\" data-orig-file=\"https:\/\/i0.wp.com\/www.noticiasperfil.com\/index\/wp-content\/uploads\/2026\/02\/poza-rica-llevara-cultura-colonias4.jpeg?fit=1280%2C854&amp;ssl=1\" data-orig-size=\"1280,854\" data-comments-opened=\"1\" data-image-meta=\"{&quot;aperture&quot;:&quot;0&quot;,&quot;credit&quot;:&quot;&quot;,&quot;camera&quot;:&quot;&quot;,&quot;caption&quot;:&quot;&quot;,&quot;created_timestamp&quot;:&quot;0&quot;,&quot;copyright&quot;:&quot;&quot;,&quot;focal_length&quot;:&quot;0&quot;,&quot;iso&quot;:&quot;0&quot;,&quot;shutter_speed&quot;:&quot;0&quot;,&quot;title&quot;:&quot;&quot;,&quot;orientation&quot;:&quot;0&quot;}\" data-image-title=\"poza-rica-llevara-cultura-colonias4\" data-image-description=\"\" data-medium-file=\"https:\/\/i0.wp.com\/www.noticiasperfil.com\/index\/wp-content\/uploads\/2026\/02\/poza-rica-llevara-cultura-colonias4.jpeg?fit=660%2C365&amp;ssl=1\" data-large-file=\"https:\/\/i0.wp.com\/www.noticiasperfil.com\/index\/wp-content\/uploads\/2026\/02\/poza-rica-llevara-cultura-colonias4.jpeg?fit=640%2C366&amp;ssl=1\" data-id=\"119556\" src=\"https:\/\/i0.wp.com\/www.noticiasperfil.com\/index\/wp-content\/uploads\/2026\/02\/poza-rica-llevara-cultura-colonias4.jpeg?fit=640%2C366&amp;ssl=1\" alt=\"\" class=\"wp-image-119556\"\/><\/figure>\n\n\n\n<figure class=\"wp-block-image size-large\"><img loading=\"lazy\" decoding=\"async\" width=\"1280\" height=\"854\" data-attachment-id=\"119555\" data-permalink=\"https:\/\/www.noticiasperfil.com\/index\/2026\/01\/15\/gobierno-de-poza-rica-llevara-la-cultura-a-las-colonias\/poza-rica-llevara-cultura-colonias5\/\" data-orig-file=\"https:\/\/i0.wp.com\/www.noticiasperfil.com\/index\/wp-content\/uploads\/2026\/02\/poza-rica-llevara-cultura-colonias5.jpeg?fit=1280%2C854&amp;ssl=1\" data-orig-size=\"1280,854\" data-comments-opened=\"1\" data-image-meta=\"{&quot;aperture&quot;:&quot;0&quot;,&quot;credit&quot;:&quot;&quot;,&quot;camera&quot;:&quot;&quot;,&quot;caption&quot;:&quot;&quot;,&quot;created_timestamp&quot;:&quot;0&quot;,&quot;copyright&quot;:&quot;&quot;,&quot;focal_length&quot;:&quot;0&quot;,&quot;iso&quot;:&quot;0&quot;,&quot;shutter_speed&quot;:&quot;0&quot;,&quot;title&quot;:&quot;&quot;,&quot;orientation&quot;:&quot;0&quot;}\" data-image-title=\"poza-rica-llevara-cultura-colonias5\" data-image-description=\"\" data-medium-file=\"https:\/\/i0.wp.com\/www.noticiasperfil.com\/index\/wp-content\/uploads\/2026\/02\/poza-rica-llevara-cultura-colonias5.jpeg?fit=660%2C365&amp;ssl=1\" data-large-file=\"https:\/\/i0.wp.com\/www.noticiasperfil.com\/index\/wp-content\/uploads\/2026\/02\/poza-rica-llevara-cultura-colonias5.jpeg?fit=640%2C366&amp;ssl=1\" data-id=\"119555\" src=\"https:\/\/i0.wp.com\/www.noticiasperfil.com\/index\/wp-content\/uploads\/2026\/02\/poza-rica-llevara-cultura-colonias5.jpeg?fit=640%2C366&amp;ssl=1\" alt=\"\" class=\"wp-image-119555\"\/><\/figure>\n\n\n\n<figure class=\"wp-block-image size-large\"><img loading=\"lazy\" decoding=\"async\" width=\"1280\" height=\"854\" data-attachment-id=\"119554\" data-permalink=\"https:\/\/www.noticiasperfil.com\/index\/2026\/01\/15\/gobierno-de-poza-rica-llevara-la-cultura-a-las-colonias\/poza-rica-llevara-cultura-colonias6\/\" data-orig-file=\"https:\/\/i2.wp.com\/www.noticiasperfil.com\/index\/wp-content\/uploads\/2026\/02\/poza-rica-llevara-cultura-colonias6.jpeg?fit=1280%2C854&amp;ssl=1\" data-orig-size=\"1280,854\" data-comments-opened=\"1\" data-image-meta=\"{&quot;aperture&quot;:&quot;0&quot;,&quot;credit&quot;:&quot;&quot;,&quot;camera&quot;:&quot;&quot;,&quot;caption&quot;:&quot;&quot;,&quot;created_timestamp&quot;:&quot;0&quot;,&quot;copyright&quot;:&quot;&quot;,&quot;focal_length&quot;:&quot;0&quot;,&quot;iso&quot;:&quot;0&quot;,&quot;shutter_speed&quot;:&quot;0&quot;,&quot;title&quot;:&quot;&quot;,&quot;orientation&quot;:&quot;0&quot;}\" data-image-title=\"poza-rica-llevara-cultura-colonias6\" data-image-description=\"\" data-medium-file=\"https:\/\/i2.wp.com\/www.noticiasperfil.com\/index\/wp-content\/uploads\/2026\/02\/poza-rica-llevara-cultura-colonias6.jpeg?fit=660%2C365&amp;ssl=1\" data-large-file=\"https:\/\/i2.wp.com\/www.noticiasperfil.com\/index\/wp-content\/uploads\/2026\/02\/poza-rica-llevara-cultura-colonias6.jpeg?fit=640%2C366&amp;ssl=1\" data-id=\"119554\" src=\"https:\/\/i2.wp.com\/www.noticiasperfil.com\/index\/wp-content\/uploads\/2026\/02\/poza-rica-llevara-cultura-colonias6.jpeg?fit=640%2C366&amp;ssl=1\" alt=\"\" class=\"wp-image-119554\"\/><\/figure>\n<\/figure>\n","protected":false},"excerpt":{"rendered":"<p>*Se realiza la primera edici\u00f3n de \u201cDanz\u00f3n y Son\u201d Poza Rica, Ver.\u2014 El Gobierno de Poza Rica reforzar\u00e1 la difusi\u00f3n cultural en todo el municipio y acercar\u00e1 actividades art\u00edsticas a las colonias, anunci\u00f3 la Presidenta Municipal Adanely Rodr\u00edguez durante la primera edici\u00f3n de \u201cDanz\u00f3n y Son\u201d, donde destac\u00f3 al danz\u00f3n como una expresi\u00f3n viva de identidad, convivencia y orgullo veracruzano. La Presidenta Municipal subray\u00f3 que el danz\u00f3n es un puente intergeneracional que fortalece el tejido social. \u201cNo es solo m\u00fasica y pasos; es una forma de convivir con dignidad, de&hellip;<\/p>\n","protected":false},"author":1,"featured_media":119552,"comment_status":"open","ping_status":"closed","sticky":false,"template":"","format":"standard","meta":{"footnotes":""},"categories":[10679,10603],"tags":[],"class_list":["post-119546","post","type-post","status-publish","format-standard","has-post-thumbnail","hentry","category-poza-rica","category-zona-norte"],"jetpack-related-posts":[],"_links":{"self":[{"href":"https:\/\/www.noticiasperfil.com\/index\/wp-json\/wp\/v2\/posts\/119546","targetHints":{"allow":["GET"]}}],"collection":[{"href":"https:\/\/www.noticiasperfil.com\/index\/wp-json\/wp\/v2\/posts"}],"about":[{"href":"https:\/\/www.noticiasperfil.com\/index\/wp-json\/wp\/v2\/types\/post"}],"author":[{"embeddable":true,"href":"https:\/\/www.noticiasperfil.com\/index\/wp-json\/wp\/v2\/users\/1"}],"replies":[{"embeddable":true,"href":"https:\/\/www.noticiasperfil.com\/index\/wp-json\/wp\/v2\/comments?post=119546"}],"version-history":[{"count":1,"href":"https:\/\/www.noticiasperfil.com\/index\/wp-json\/wp\/v2\/posts\/119546\/revisions"}],"predecessor-version":[{"id":119559,"href":"https:\/\/www.noticiasperfil.com\/index\/wp-json\/wp\/v2\/posts\/119546\/revisions\/119559"}],"wp:featuredmedia":[{"embeddable":true,"href":"https:\/\/www.noticiasperfil.com\/index\/wp-json\/wp\/v2\/media\/119552"}],"wp:attachment":[{"href":"https:\/\/www.noticiasperfil.com\/index\/wp-json\/wp\/v2\/media?parent=119546"}],"wp:term":[{"taxonomy":"category","embeddable":true,"href":"https:\/\/www.noticiasperfil.com\/index\/wp-json\/wp\/v2\/categories?post=119546"},{"taxonomy":"post_tag","embeddable":true,"href":"https:\/\/www.noticiasperfil.com\/index\/wp-json\/wp\/v2\/tags?post=119546"}],"curies":[{"name":"wp","href":"https:\/\/api.w.org\/{rel}","templated":true}]}}