{"id":119560,"date":"2026-01-17T22:52:26","date_gmt":"2026-01-18T04:52:26","guid":{"rendered":"https:\/\/www.noticiasperfil.com\/index\/?p=119560"},"modified":"2026-02-08T22:56:22","modified_gmt":"2026-02-09T04:56:22","slug":"gobierno-de-poza-rica-fortalece-el-deporte-al-ser-anfitrion-de-etapa-preestatal-de-basquetbol","status":"publish","type":"post","link":"https:\/\/www.noticiasperfil.com\/index\/2026\/01\/17\/gobierno-de-poza-rica-fortalece-el-deporte-al-ser-anfitrion-de-etapa-preestatal-de-basquetbol\/","title":{"rendered":"Gobierno de Poza Rica fortalece el deporte al ser anfitri\u00f3n de etapa preestatal de b\u00e1squetbol"},"content":{"rendered":"\n<figure class=\"wp-block-gallery has-nested-images columns-default is-cropped wp-block-gallery-1 is-layout-flex wp-block-gallery-is-layout-flex\">\n<figure class=\"wp-block-image size-large\"><img loading=\"lazy\" decoding=\"async\" width=\"1280\" height=\"854\" data-attachment-id=\"119566\" data-permalink=\"https:\/\/www.noticiasperfil.com\/index\/2026\/01\/17\/gobierno-de-poza-rica-fortalece-el-deporte-al-ser-anfitrion-de-etapa-preestatal-de-basquetbol\/deporte-anfitrion-etapa-preestatal-basquetbol3\/\" data-orig-file=\"https:\/\/i0.wp.com\/www.noticiasperfil.com\/index\/wp-content\/uploads\/2026\/02\/deporte-anfitrion-etapa-preestatal-basquetbol3.jpeg?fit=1280%2C854&amp;ssl=1\" data-orig-size=\"1280,854\" data-comments-opened=\"1\" data-image-meta=\"{&quot;aperture&quot;:&quot;0&quot;,&quot;credit&quot;:&quot;&quot;,&quot;camera&quot;:&quot;&quot;,&quot;caption&quot;:&quot;&quot;,&quot;created_timestamp&quot;:&quot;0&quot;,&quot;copyright&quot;:&quot;&quot;,&quot;focal_length&quot;:&quot;0&quot;,&quot;iso&quot;:&quot;0&quot;,&quot;shutter_speed&quot;:&quot;0&quot;,&quot;title&quot;:&quot;&quot;,&quot;orientation&quot;:&quot;0&quot;}\" data-image-title=\"deporte-anfitrion-etapa-preestatal-basquetbol3\" data-image-description=\"\" data-medium-file=\"https:\/\/i0.wp.com\/www.noticiasperfil.com\/index\/wp-content\/uploads\/2026\/02\/deporte-anfitrion-etapa-preestatal-basquetbol3.jpeg?fit=660%2C365&amp;ssl=1\" data-large-file=\"https:\/\/i0.wp.com\/www.noticiasperfil.com\/index\/wp-content\/uploads\/2026\/02\/deporte-anfitrion-etapa-preestatal-basquetbol3.jpeg?fit=640%2C366&amp;ssl=1\" data-id=\"119566\" src=\"https:\/\/i0.wp.com\/www.noticiasperfil.com\/index\/wp-content\/uploads\/2026\/02\/deporte-anfitrion-etapa-preestatal-basquetbol3.jpeg?fit=640%2C366&amp;ssl=1\" alt=\"\" class=\"wp-image-119566\"\/><\/figure>\n\n\n\n<figure class=\"wp-block-image size-large\"><img loading=\"lazy\" decoding=\"async\" width=\"1280\" height=\"854\" data-attachment-id=\"119565\" data-permalink=\"https:\/\/www.noticiasperfil.com\/index\/2026\/01\/17\/gobierno-de-poza-rica-fortalece-el-deporte-al-ser-anfitrion-de-etapa-preestatal-de-basquetbol\/deporte-anfitrion-etapa-preestatal-basquetbol1\/\" data-orig-file=\"https:\/\/i0.wp.com\/www.noticiasperfil.com\/index\/wp-content\/uploads\/2026\/02\/deporte-anfitrion-etapa-preestatal-basquetbol1.jpeg?fit=1280%2C854&amp;ssl=1\" data-orig-size=\"1280,854\" data-comments-opened=\"1\" data-image-meta=\"{&quot;aperture&quot;:&quot;0&quot;,&quot;credit&quot;:&quot;&quot;,&quot;camera&quot;:&quot;&quot;,&quot;caption&quot;:&quot;&quot;,&quot;created_timestamp&quot;:&quot;0&quot;,&quot;copyright&quot;:&quot;&quot;,&quot;focal_length&quot;:&quot;0&quot;,&quot;iso&quot;:&quot;0&quot;,&quot;shutter_speed&quot;:&quot;0&quot;,&quot;title&quot;:&quot;&quot;,&quot;orientation&quot;:&quot;0&quot;}\" data-image-title=\"deporte-anfitrion-etapa-preestatal-basquetbol1\" data-image-description=\"\" data-medium-file=\"https:\/\/i0.wp.com\/www.noticiasperfil.com\/index\/wp-content\/uploads\/2026\/02\/deporte-anfitrion-etapa-preestatal-basquetbol1.jpeg?fit=660%2C365&amp;ssl=1\" data-large-file=\"https:\/\/i0.wp.com\/www.noticiasperfil.com\/index\/wp-content\/uploads\/2026\/02\/deporte-anfitrion-etapa-preestatal-basquetbol1.jpeg?fit=640%2C366&amp;ssl=1\" data-id=\"119565\" src=\"https:\/\/i0.wp.com\/www.noticiasperfil.com\/index\/wp-content\/uploads\/2026\/02\/deporte-anfitrion-etapa-preestatal-basquetbol1.jpeg?fit=640%2C366&amp;ssl=1\" alt=\"\" class=\"wp-image-119565\"\/><\/figure>\n\n\n\n<figure class=\"wp-block-image size-large\"><img loading=\"lazy\" decoding=\"async\" width=\"1280\" height=\"720\" data-attachment-id=\"119564\" data-permalink=\"https:\/\/www.noticiasperfil.com\/index\/2026\/01\/17\/gobierno-de-poza-rica-fortalece-el-deporte-al-ser-anfitrion-de-etapa-preestatal-de-basquetbol\/deporte-anfitrion-etapa-preestatal-basquetbol2\/\" data-orig-file=\"https:\/\/i2.wp.com\/www.noticiasperfil.com\/index\/wp-content\/uploads\/2026\/02\/deporte-anfitrion-etapa-preestatal-basquetbol2.jpeg?fit=1280%2C720&amp;ssl=1\" data-orig-size=\"1280,720\" data-comments-opened=\"1\" data-image-meta=\"{&quot;aperture&quot;:&quot;0&quot;,&quot;credit&quot;:&quot;&quot;,&quot;camera&quot;:&quot;&quot;,&quot;caption&quot;:&quot;&quot;,&quot;created_timestamp&quot;:&quot;0&quot;,&quot;copyright&quot;:&quot;&quot;,&quot;focal_length&quot;:&quot;0&quot;,&quot;iso&quot;:&quot;0&quot;,&quot;shutter_speed&quot;:&quot;0&quot;,&quot;title&quot;:&quot;&quot;,&quot;orientation&quot;:&quot;0&quot;}\" data-image-title=\"deporte-anfitrion-etapa-preestatal-basquetbol2\" data-image-description=\"\" data-medium-file=\"https:\/\/i2.wp.com\/www.noticiasperfil.com\/index\/wp-content\/uploads\/2026\/02\/deporte-anfitrion-etapa-preestatal-basquetbol2.jpeg?fit=660%2C365&amp;ssl=1\" data-large-file=\"https:\/\/i2.wp.com\/www.noticiasperfil.com\/index\/wp-content\/uploads\/2026\/02\/deporte-anfitrion-etapa-preestatal-basquetbol2.jpeg?fit=640%2C366&amp;ssl=1\" data-id=\"119564\" src=\"https:\/\/i2.wp.com\/www.noticiasperfil.com\/index\/wp-content\/uploads\/2026\/02\/deporte-anfitrion-etapa-preestatal-basquetbol2.jpeg?fit=640%2C366&amp;ssl=1\" alt=\"\" class=\"wp-image-119564\" srcset=\"https:\/\/i2.wp.com\/www.noticiasperfil.com\/index\/wp-content\/uploads\/2026\/02\/deporte-anfitrion-etapa-preestatal-basquetbol2.jpeg?w=1280&amp;ssl=1 1280w, https:\/\/i2.wp.com\/www.noticiasperfil.com\/index\/wp-content\/uploads\/2026\/02\/deporte-anfitrion-etapa-preestatal-basquetbol2.jpeg?resize=500%2C280&amp;ssl=1 500w\" sizes=\"auto, (max-width: 640px) 100vw, 640px\" \/><\/figure>\n\n\n\n<figure class=\"wp-block-image size-large\"><img loading=\"lazy\" decoding=\"async\" width=\"1280\" height=\"854\" data-attachment-id=\"119563\" data-permalink=\"https:\/\/www.noticiasperfil.com\/index\/2026\/01\/17\/gobierno-de-poza-rica-fortalece-el-deporte-al-ser-anfitrion-de-etapa-preestatal-de-basquetbol\/deporte-anfitrion-etapa-preestatal-basquetbol6\/\" data-orig-file=\"https:\/\/i2.wp.com\/www.noticiasperfil.com\/index\/wp-content\/uploads\/2026\/02\/deporte-anfitrion-etapa-preestatal-basquetbol6.jpeg?fit=1280%2C854&amp;ssl=1\" data-orig-size=\"1280,854\" data-comments-opened=\"1\" data-image-meta=\"{&quot;aperture&quot;:&quot;0&quot;,&quot;credit&quot;:&quot;&quot;,&quot;camera&quot;:&quot;&quot;,&quot;caption&quot;:&quot;&quot;,&quot;created_timestamp&quot;:&quot;0&quot;,&quot;copyright&quot;:&quot;&quot;,&quot;focal_length&quot;:&quot;0&quot;,&quot;iso&quot;:&quot;0&quot;,&quot;shutter_speed&quot;:&quot;0&quot;,&quot;title&quot;:&quot;&quot;,&quot;orientation&quot;:&quot;0&quot;}\" data-image-title=\"deporte-anfitrion-etapa-preestatal-basquetbol6\" data-image-description=\"\" data-medium-file=\"https:\/\/i2.wp.com\/www.noticiasperfil.com\/index\/wp-content\/uploads\/2026\/02\/deporte-anfitrion-etapa-preestatal-basquetbol6.jpeg?fit=660%2C365&amp;ssl=1\" data-large-file=\"https:\/\/i2.wp.com\/www.noticiasperfil.com\/index\/wp-content\/uploads\/2026\/02\/deporte-anfitrion-etapa-preestatal-basquetbol6.jpeg?fit=640%2C366&amp;ssl=1\" data-id=\"119563\" src=\"https:\/\/i2.wp.com\/www.noticiasperfil.com\/index\/wp-content\/uploads\/2026\/02\/deporte-anfitrion-etapa-preestatal-basquetbol6.jpeg?fit=640%2C366&amp;ssl=1\" alt=\"\" class=\"wp-image-119563\"\/><\/figure>\n\n\n\n<figure class=\"wp-block-image size-large\"><img loading=\"lazy\" decoding=\"async\" width=\"1280\" height=\"720\" data-attachment-id=\"119562\" data-permalink=\"https:\/\/www.noticiasperfil.com\/index\/2026\/01\/17\/gobierno-de-poza-rica-fortalece-el-deporte-al-ser-anfitrion-de-etapa-preestatal-de-basquetbol\/deporte-anfitrion-etapa-preestatal-basquetbol5\/\" data-orig-file=\"https:\/\/i1.wp.com\/www.noticiasperfil.com\/index\/wp-content\/uploads\/2026\/02\/deporte-anfitrion-etapa-preestatal-basquetbol5.jpeg?fit=1280%2C720&amp;ssl=1\" data-orig-size=\"1280,720\" data-comments-opened=\"1\" data-image-meta=\"{&quot;aperture&quot;:&quot;0&quot;,&quot;credit&quot;:&quot;&quot;,&quot;camera&quot;:&quot;&quot;,&quot;caption&quot;:&quot;&quot;,&quot;created_timestamp&quot;:&quot;0&quot;,&quot;copyright&quot;:&quot;&quot;,&quot;focal_length&quot;:&quot;0&quot;,&quot;iso&quot;:&quot;0&quot;,&quot;shutter_speed&quot;:&quot;0&quot;,&quot;title&quot;:&quot;&quot;,&quot;orientation&quot;:&quot;0&quot;}\" data-image-title=\"deporte-anfitrion-etapa-preestatal-basquetbol5\" data-image-description=\"\" data-medium-file=\"https:\/\/i1.wp.com\/www.noticiasperfil.com\/index\/wp-content\/uploads\/2026\/02\/deporte-anfitrion-etapa-preestatal-basquetbol5.jpeg?fit=660%2C365&amp;ssl=1\" data-large-file=\"https:\/\/i1.wp.com\/www.noticiasperfil.com\/index\/wp-content\/uploads\/2026\/02\/deporte-anfitrion-etapa-preestatal-basquetbol5.jpeg?fit=640%2C366&amp;ssl=1\" data-id=\"119562\" src=\"https:\/\/i1.wp.com\/www.noticiasperfil.com\/index\/wp-content\/uploads\/2026\/02\/deporte-anfitrion-etapa-preestatal-basquetbol5.jpeg?fit=640%2C366&amp;ssl=1\" alt=\"\" class=\"wp-image-119562\" srcset=\"https:\/\/i1.wp.com\/www.noticiasperfil.com\/index\/wp-content\/uploads\/2026\/02\/deporte-anfitrion-etapa-preestatal-basquetbol5.jpeg?w=1280&amp;ssl=1 1280w, https:\/\/i1.wp.com\/www.noticiasperfil.com\/index\/wp-content\/uploads\/2026\/02\/deporte-anfitrion-etapa-preestatal-basquetbol5.jpeg?resize=500%2C280&amp;ssl=1 500w\" sizes=\"auto, (max-width: 640px) 100vw, 640px\" \/><\/figure>\n\n\n\n<figure class=\"wp-block-image size-large\"><img loading=\"lazy\" decoding=\"async\" width=\"1280\" height=\"854\" data-attachment-id=\"119561\" data-permalink=\"https:\/\/www.noticiasperfil.com\/index\/2026\/01\/17\/gobierno-de-poza-rica-fortalece-el-deporte-al-ser-anfitrion-de-etapa-preestatal-de-basquetbol\/deporte-anfitrion-etapa-preestatal-basquetbol4\/\" data-orig-file=\"https:\/\/i2.wp.com\/www.noticiasperfil.com\/index\/wp-content\/uploads\/2026\/02\/deporte-anfitrion-etapa-preestatal-basquetbol4.jpeg?fit=1280%2C854&amp;ssl=1\" data-orig-size=\"1280,854\" data-comments-opened=\"1\" data-image-meta=\"{&quot;aperture&quot;:&quot;0&quot;,&quot;credit&quot;:&quot;&quot;,&quot;camera&quot;:&quot;&quot;,&quot;caption&quot;:&quot;&quot;,&quot;created_timestamp&quot;:&quot;0&quot;,&quot;copyright&quot;:&quot;&quot;,&quot;focal_length&quot;:&quot;0&quot;,&quot;iso&quot;:&quot;0&quot;,&quot;shutter_speed&quot;:&quot;0&quot;,&quot;title&quot;:&quot;&quot;,&quot;orientation&quot;:&quot;0&quot;}\" data-image-title=\"deporte-anfitrion-etapa-preestatal-basquetbol4\" data-image-description=\"\" data-medium-file=\"https:\/\/i2.wp.com\/www.noticiasperfil.com\/index\/wp-content\/uploads\/2026\/02\/deporte-anfitrion-etapa-preestatal-basquetbol4.jpeg?fit=660%2C365&amp;ssl=1\" data-large-file=\"https:\/\/i2.wp.com\/www.noticiasperfil.com\/index\/wp-content\/uploads\/2026\/02\/deporte-anfitrion-etapa-preestatal-basquetbol4.jpeg?fit=640%2C366&amp;ssl=1\" data-id=\"119561\" src=\"https:\/\/i2.wp.com\/www.noticiasperfil.com\/index\/wp-content\/uploads\/2026\/02\/deporte-anfitrion-etapa-preestatal-basquetbol4.jpeg?fit=640%2C366&amp;ssl=1\" alt=\"\" class=\"wp-image-119561\"\/><\/figure>\n<\/figure>\n\n\n\n<p><strong>*Juventud y deporte llenan de energ\u00eda la ciudad rumbo a la Olimpiada Estatal 2026<\/strong><\/p>\n\n\n\n<p>Poza Rica, Ver.\u2013 Con un ambiente de energ\u00eda, juventud y orgullo deportivo, Poza Rica dio inicio a la etapa preestatal, zona norte, de la eliminatoria rumbo a la Olimpiada Estatal 2026, en la disciplina de b\u00e1squetbol, recibiendo a delegaciones de distintos municipios de la regi\u00f3n.<\/p>\n\n\n\n<p>Durante el acto inaugural, la presidenta municipal de Poza Rica,&nbsp;<strong>Adanely Rodr\u00edguez,&nbsp;<\/strong>dio la bienvenida a las y los deportistas, entrenadores, madres y padres de familia, as\u00ed como al representante del Instituto Veracruzano del Deporte, Jorge Javier Hern\u00e1ndez Da Silveria, coordinador t\u00e9cnico de b\u00e1squetbol y al cuerpo edilicio del Ayuntamiento, agradeciendo su presencia y respaldo al deporte juvenil.<\/p>\n\n\n\n<p>Adanely Rodr\u00edguez destac\u00f3 que Poza Rica se llena de vitalidad al convertirse en anfitriona de este importante torneo, al tiempo que reconoci\u00f3 el esfuerzo, la disciplina y el talento de las juventudes participantes. Subray\u00f3 que el deporte va m\u00e1s all\u00e1 de la competencia, al ser una herramienta de formaci\u00f3n integral que fortalece el cuerpo, la mente y los valores.<\/p>\n\n\n\n<p>\u201cEl b\u00e1squetbol ense\u00f1a a no rendirse, a levantarse despu\u00e9s de una ca\u00edda, a trabajar en equipo y a competir con dignidad hasta el \u00faltimo segundo\u201d, expres\u00f3 la presidenta municipal, al se\u00f1alar que Poza Rica es una ciudad forjada con trabajo, disciplina y solidaridad, principios que se reflejan en este deporte colectivo donde nadie gana solo.<\/p>\n\n\n\n<p>Record\u00f3 que el municipio ha sido tierra de grandes deportistas, cuyas historias iniciaron en canchas como esta, acompa\u00f1adas siempre del respaldo familiar y la ilusi\u00f3n intacta.<\/p>\n\n\n\n<p>En ese sentido, reconoci\u00f3 en las y los j\u00f3venes participantes a las y los medallistas del ma\u00f1ana, quienes representar\u00e1n con orgullo a la zona norte y al estado de Veracruz.<\/p>\n\n\n\n<p>Finalmente, Adanely Rodr\u00edguez reafirm\u00f3 el compromiso del Gobierno de Poza Rica de seguir impulsando el deporte como una pol\u00edtica p\u00fablica prioritaria, al ser sin\u00f3nimo de salud, uni\u00f3n, esperanza y futuro, deseando el mayor de los \u00e9xitos a todas y todos los participantes.<\/p>\n","protected":false},"excerpt":{"rendered":"<p>*Juventud y deporte llenan de energ\u00eda la ciudad rumbo a la Olimpiada Estatal 2026 Poza Rica, Ver.\u2013 Con un ambiente de energ\u00eda, juventud y orgullo deportivo, Poza Rica dio inicio a la etapa preestatal, zona norte, de la eliminatoria rumbo a la Olimpiada Estatal 2026, en la disciplina de b\u00e1squetbol, recibiendo a delegaciones de distintos municipios de la regi\u00f3n. Durante el acto inaugural, la presidenta municipal de Poza Rica,&nbsp;Adanely Rodr\u00edguez,&nbsp;dio la bienvenida a las y los deportistas, entrenadores, madres y padres de familia, as\u00ed como al representante del Instituto Veracruzano&hellip;<\/p>\n","protected":false},"author":1,"featured_media":119565,"comment_status":"open","ping_status":"closed","sticky":false,"template":"","format":"standard","meta":{"footnotes":""},"categories":[10679,10603],"tags":[],"class_list":["post-119560","post","type-post","status-publish","format-standard","has-post-thumbnail","hentry","category-poza-rica","category-zona-norte"],"jetpack-related-posts":[],"_links":{"self":[{"href":"https:\/\/www.noticiasperfil.com\/index\/wp-json\/wp\/v2\/posts\/119560","targetHints":{"allow":["GET"]}}],"collection":[{"href":"https:\/\/www.noticiasperfil.com\/index\/wp-json\/wp\/v2\/posts"}],"about":[{"href":"https:\/\/www.noticiasperfil.com\/index\/wp-json\/wp\/v2\/types\/post"}],"author":[{"embeddable":true,"href":"https:\/\/www.noticiasperfil.com\/index\/wp-json\/wp\/v2\/users\/1"}],"replies":[{"embeddable":true,"href":"https:\/\/www.noticiasperfil.com\/index\/wp-json\/wp\/v2\/comments?post=119560"}],"version-history":[{"count":1,"href":"https:\/\/www.noticiasperfil.com\/index\/wp-json\/wp\/v2\/posts\/119560\/revisions"}],"predecessor-version":[{"id":119567,"href":"https:\/\/www.noticiasperfil.com\/index\/wp-json\/wp\/v2\/posts\/119560\/revisions\/119567"}],"wp:featuredmedia":[{"embeddable":true,"href":"https:\/\/www.noticiasperfil.com\/index\/wp-json\/wp\/v2\/media\/119565"}],"wp:attachment":[{"href":"https:\/\/www.noticiasperfil.com\/index\/wp-json\/wp\/v2\/media?parent=119560"}],"wp:term":[{"taxonomy":"category","embeddable":true,"href":"https:\/\/www.noticiasperfil.com\/index\/wp-json\/wp\/v2\/categories?post=119560"},{"taxonomy":"post_tag","embeddable":true,"href":"https:\/\/www.noticiasperfil.com\/index\/wp-json\/wp\/v2\/tags?post=119560"}],"curies":[{"name":"wp","href":"https:\/\/api.w.org\/{rel}","templated":true}]}}