{"id":119568,"date":"2026-01-18T23:06:11","date_gmt":"2026-01-19T05:06:11","guid":{"rendered":"https:\/\/www.noticiasperfil.com\/index\/?p=119568"},"modified":"2026-02-08T23:09:21","modified_gmt":"2026-02-09T05:09:21","slug":"cuidar-a-quienes-no-tienen-voz-compromiso-del-gobierno-de-poza-rica","status":"publish","type":"post","link":"https:\/\/www.noticiasperfil.com\/index\/2026\/01\/18\/cuidar-a-quienes-no-tienen-voz-compromiso-del-gobierno-de-poza-rica\/","title":{"rendered":"Cuidar a quienes no tienen voz, compromiso del Gobierno de Poza Rica"},"content":{"rendered":"\n<figure class=\"wp-block-gallery has-nested-images columns-default is-cropped wp-block-gallery-1 is-layout-flex wp-block-gallery-is-layout-flex\">\n<figure class=\"wp-block-image size-large\"><img loading=\"lazy\" decoding=\"async\" width=\"1280\" height=\"854\" data-attachment-id=\"119569\" data-permalink=\"https:\/\/www.noticiasperfil.com\/index\/2026\/01\/18\/cuidar-a-quienes-no-tienen-voz-compromiso-del-gobierno-de-poza-rica\/cuidar-quienes-no-tienen-voz3\/\" data-orig-file=\"https:\/\/i0.wp.com\/www.noticiasperfil.com\/index\/wp-content\/uploads\/2026\/02\/cuidar-quienes-no-tienen-voz3.jpeg?fit=1280%2C854&amp;ssl=1\" data-orig-size=\"1280,854\" data-comments-opened=\"1\" data-image-meta=\"{&quot;aperture&quot;:&quot;0&quot;,&quot;credit&quot;:&quot;&quot;,&quot;camera&quot;:&quot;&quot;,&quot;caption&quot;:&quot;&quot;,&quot;created_timestamp&quot;:&quot;0&quot;,&quot;copyright&quot;:&quot;&quot;,&quot;focal_length&quot;:&quot;0&quot;,&quot;iso&quot;:&quot;0&quot;,&quot;shutter_speed&quot;:&quot;0&quot;,&quot;title&quot;:&quot;&quot;,&quot;orientation&quot;:&quot;0&quot;}\" data-image-title=\"cuidar-quienes-no-tienen-voz3\" data-image-description=\"\" data-medium-file=\"https:\/\/i0.wp.com\/www.noticiasperfil.com\/index\/wp-content\/uploads\/2026\/02\/cuidar-quienes-no-tienen-voz3.jpeg?fit=660%2C365&amp;ssl=1\" data-large-file=\"https:\/\/i0.wp.com\/www.noticiasperfil.com\/index\/wp-content\/uploads\/2026\/02\/cuidar-quienes-no-tienen-voz3.jpeg?fit=640%2C366&amp;ssl=1\" data-id=\"119569\" src=\"https:\/\/i0.wp.com\/www.noticiasperfil.com\/index\/wp-content\/uploads\/2026\/02\/cuidar-quienes-no-tienen-voz3.jpeg?fit=640%2C366&amp;ssl=1\" alt=\"\" class=\"wp-image-119569\"\/><\/figure>\n\n\n\n<figure class=\"wp-block-image size-large\"><img loading=\"lazy\" decoding=\"async\" width=\"1280\" height=\"854\" data-attachment-id=\"119570\" data-permalink=\"https:\/\/www.noticiasperfil.com\/index\/2026\/01\/18\/cuidar-a-quienes-no-tienen-voz-compromiso-del-gobierno-de-poza-rica\/cuidar-quienes-no-tienen-voz2\/\" data-orig-file=\"https:\/\/i2.wp.com\/www.noticiasperfil.com\/index\/wp-content\/uploads\/2026\/02\/cuidar-quienes-no-tienen-voz2.jpeg?fit=1280%2C854&amp;ssl=1\" data-orig-size=\"1280,854\" data-comments-opened=\"1\" data-image-meta=\"{&quot;aperture&quot;:&quot;0&quot;,&quot;credit&quot;:&quot;&quot;,&quot;camera&quot;:&quot;&quot;,&quot;caption&quot;:&quot;&quot;,&quot;created_timestamp&quot;:&quot;0&quot;,&quot;copyright&quot;:&quot;&quot;,&quot;focal_length&quot;:&quot;0&quot;,&quot;iso&quot;:&quot;0&quot;,&quot;shutter_speed&quot;:&quot;0&quot;,&quot;title&quot;:&quot;&quot;,&quot;orientation&quot;:&quot;0&quot;}\" data-image-title=\"cuidar-quienes-no-tienen-voz2\" data-image-description=\"\" data-medium-file=\"https:\/\/i2.wp.com\/www.noticiasperfil.com\/index\/wp-content\/uploads\/2026\/02\/cuidar-quienes-no-tienen-voz2.jpeg?fit=660%2C365&amp;ssl=1\" data-large-file=\"https:\/\/i2.wp.com\/www.noticiasperfil.com\/index\/wp-content\/uploads\/2026\/02\/cuidar-quienes-no-tienen-voz2.jpeg?fit=640%2C366&amp;ssl=1\" data-id=\"119570\" src=\"https:\/\/i2.wp.com\/www.noticiasperfil.com\/index\/wp-content\/uploads\/2026\/02\/cuidar-quienes-no-tienen-voz2.jpeg?fit=640%2C366&amp;ssl=1\" alt=\"\" class=\"wp-image-119570\"\/><\/figure>\n\n\n\n<figure class=\"wp-block-image size-large\"><img loading=\"lazy\" decoding=\"async\" width=\"1280\" height=\"854\" data-attachment-id=\"119571\" data-permalink=\"https:\/\/www.noticiasperfil.com\/index\/2026\/01\/18\/cuidar-a-quienes-no-tienen-voz-compromiso-del-gobierno-de-poza-rica\/cuidar-quienes-no-tienen-voz1\/\" data-orig-file=\"https:\/\/i2.wp.com\/www.noticiasperfil.com\/index\/wp-content\/uploads\/2026\/02\/cuidar-quienes-no-tienen-voz1.jpeg?fit=1280%2C854&amp;ssl=1\" data-orig-size=\"1280,854\" data-comments-opened=\"1\" data-image-meta=\"{&quot;aperture&quot;:&quot;0&quot;,&quot;credit&quot;:&quot;&quot;,&quot;camera&quot;:&quot;&quot;,&quot;caption&quot;:&quot;&quot;,&quot;created_timestamp&quot;:&quot;0&quot;,&quot;copyright&quot;:&quot;&quot;,&quot;focal_length&quot;:&quot;0&quot;,&quot;iso&quot;:&quot;0&quot;,&quot;shutter_speed&quot;:&quot;0&quot;,&quot;title&quot;:&quot;&quot;,&quot;orientation&quot;:&quot;0&quot;}\" data-image-title=\"cuidar-quienes-no-tienen-voz1\" data-image-description=\"\" data-medium-file=\"https:\/\/i2.wp.com\/www.noticiasperfil.com\/index\/wp-content\/uploads\/2026\/02\/cuidar-quienes-no-tienen-voz1.jpeg?fit=660%2C365&amp;ssl=1\" data-large-file=\"https:\/\/i2.wp.com\/www.noticiasperfil.com\/index\/wp-content\/uploads\/2026\/02\/cuidar-quienes-no-tienen-voz1.jpeg?fit=640%2C366&amp;ssl=1\" data-id=\"119571\" src=\"https:\/\/i2.wp.com\/www.noticiasperfil.com\/index\/wp-content\/uploads\/2026\/02\/cuidar-quienes-no-tienen-voz1.jpeg?fit=640%2C366&amp;ssl=1\" alt=\"\" class=\"wp-image-119571\"\/><\/figure>\n\n\n\n<figure class=\"wp-block-image size-large\"><img loading=\"lazy\" decoding=\"async\" width=\"1280\" height=\"854\" data-attachment-id=\"119572\" data-permalink=\"https:\/\/www.noticiasperfil.com\/index\/2026\/01\/18\/cuidar-a-quienes-no-tienen-voz-compromiso-del-gobierno-de-poza-rica\/cuidar-quienes-no-tienen-voz4\/\" data-orig-file=\"https:\/\/i1.wp.com\/www.noticiasperfil.com\/index\/wp-content\/uploads\/2026\/02\/cuidar-quienes-no-tienen-voz4.jpeg?fit=1280%2C854&amp;ssl=1\" data-orig-size=\"1280,854\" data-comments-opened=\"1\" data-image-meta=\"{&quot;aperture&quot;:&quot;0&quot;,&quot;credit&quot;:&quot;&quot;,&quot;camera&quot;:&quot;&quot;,&quot;caption&quot;:&quot;&quot;,&quot;created_timestamp&quot;:&quot;0&quot;,&quot;copyright&quot;:&quot;&quot;,&quot;focal_length&quot;:&quot;0&quot;,&quot;iso&quot;:&quot;0&quot;,&quot;shutter_speed&quot;:&quot;0&quot;,&quot;title&quot;:&quot;&quot;,&quot;orientation&quot;:&quot;0&quot;}\" data-image-title=\"cuidar-quienes-no-tienen-voz4\" data-image-description=\"\" data-medium-file=\"https:\/\/i1.wp.com\/www.noticiasperfil.com\/index\/wp-content\/uploads\/2026\/02\/cuidar-quienes-no-tienen-voz4.jpeg?fit=660%2C365&amp;ssl=1\" data-large-file=\"https:\/\/i1.wp.com\/www.noticiasperfil.com\/index\/wp-content\/uploads\/2026\/02\/cuidar-quienes-no-tienen-voz4.jpeg?fit=640%2C366&amp;ssl=1\" data-id=\"119572\" src=\"https:\/\/i1.wp.com\/www.noticiasperfil.com\/index\/wp-content\/uploads\/2026\/02\/cuidar-quienes-no-tienen-voz4.jpeg?fit=640%2C366&amp;ssl=1\" alt=\"\" class=\"wp-image-119572\"\/><\/figure>\n<\/figure>\n\n\n\n<p><strong>*La salud animal tambi\u00e9n es tarea de todas y todos<\/strong><\/p>\n\n\n\n<p>Poza Rica, Ver.\u2013 La Presidenta Municipal de Poza Rica, Adanely Rodr\u00edguez, encabez\u00f3 una jornada de limpieza y recuperaci\u00f3n en el Centro de Salud Animal Municipal, reafirmando el compromiso de su administraci\u00f3n con el bienestar de los animales y la salud p\u00fablica del municipio.<\/p>\n\n\n\n<p>El pasado 10 de octubre, este espacio result\u00f3 afectado por el desbordamiento del r\u00edo Cazones, situaci\u00f3n que impact\u00f3 directamente en sus instalaciones y en la atenci\u00f3n que se brinda a los perritos en condici\u00f3n de abandono.<\/p>\n\n\n\n<p>El Gobierno de Poza Rica sum\u00f3 voluntades para trabajar de manera conjunta en la restauraci\u00f3n, fundamental para ofrecerles una segunda oportunidad a los animales que esperan regresar a un hogar lleno de cuidado y afecto.<\/p>\n\n\n\n<p>Adem\u00e1s de resguardar a los perritos abandonados, el Centro de Salud Animal cumple una funci\u00f3n esencial en la poblaci\u00f3n al ser sede de campa\u00f1as permanentes de esterilizaci\u00f3n y vacunaci\u00f3n canina y felina, acciones que permiten garantizar una vida m\u00e1s sana y digna para las mascotas y contribuyen a la salud p\u00fablica del municipio.<\/p>\n\n\n\n<p>El compromiso del Gobierno de Poza Rica es con todos sus habitantes, incluidos aquellos que no tienen voz y que merecen protecci\u00f3n, respeto y bienestar.<\/p>\n","protected":false},"excerpt":{"rendered":"<p>*La salud animal tambi\u00e9n es tarea de todas y todos Poza Rica, Ver.\u2013 La Presidenta Municipal de Poza Rica, Adanely Rodr\u00edguez, encabez\u00f3 una jornada de limpieza y recuperaci\u00f3n en el Centro de Salud Animal Municipal, reafirmando el compromiso de su administraci\u00f3n con el bienestar de los animales y la salud p\u00fablica del municipio. El pasado 10 de octubre, este espacio result\u00f3 afectado por el desbordamiento del r\u00edo Cazones, situaci\u00f3n que impact\u00f3 directamente en sus instalaciones y en la atenci\u00f3n que se brinda a los perritos en condici\u00f3n de abandono. El&hellip;<\/p>\n","protected":false},"author":1,"featured_media":119569,"comment_status":"open","ping_status":"closed","sticky":false,"template":"","format":"standard","meta":{"footnotes":""},"categories":[10679,10603],"tags":[],"class_list":["post-119568","post","type-post","status-publish","format-standard","has-post-thumbnail","hentry","category-poza-rica","category-zona-norte"],"jetpack-related-posts":[],"_links":{"self":[{"href":"https:\/\/www.noticiasperfil.com\/index\/wp-json\/wp\/v2\/posts\/119568","targetHints":{"allow":["GET"]}}],"collection":[{"href":"https:\/\/www.noticiasperfil.com\/index\/wp-json\/wp\/v2\/posts"}],"about":[{"href":"https:\/\/www.noticiasperfil.com\/index\/wp-json\/wp\/v2\/types\/post"}],"author":[{"embeddable":true,"href":"https:\/\/www.noticiasperfil.com\/index\/wp-json\/wp\/v2\/users\/1"}],"replies":[{"embeddable":true,"href":"https:\/\/www.noticiasperfil.com\/index\/wp-json\/wp\/v2\/comments?post=119568"}],"version-history":[{"count":1,"href":"https:\/\/www.noticiasperfil.com\/index\/wp-json\/wp\/v2\/posts\/119568\/revisions"}],"predecessor-version":[{"id":119573,"href":"https:\/\/www.noticiasperfil.com\/index\/wp-json\/wp\/v2\/posts\/119568\/revisions\/119573"}],"wp:featuredmedia":[{"embeddable":true,"href":"https:\/\/www.noticiasperfil.com\/index\/wp-json\/wp\/v2\/media\/119569"}],"wp:attachment":[{"href":"https:\/\/www.noticiasperfil.com\/index\/wp-json\/wp\/v2\/media?parent=119568"}],"wp:term":[{"taxonomy":"category","embeddable":true,"href":"https:\/\/www.noticiasperfil.com\/index\/wp-json\/wp\/v2\/categories?post=119568"},{"taxonomy":"post_tag","embeddable":true,"href":"https:\/\/www.noticiasperfil.com\/index\/wp-json\/wp\/v2\/tags?post=119568"}],"curies":[{"name":"wp","href":"https:\/\/api.w.org\/{rel}","templated":true}]}}