{"id":119574,"date":"2026-01-20T11:13:00","date_gmt":"2026-01-20T17:13:00","guid":{"rendered":"https:\/\/www.noticiasperfil.com\/index\/?p=119574"},"modified":"2026-02-08T23:16:15","modified_gmt":"2026-02-09T05:16:15","slug":"gobierno-de-poza-rica-impulsa-atencion-ciudadana-con-miercoles-de-puertas-abiertas","status":"publish","type":"post","link":"https:\/\/www.noticiasperfil.com\/index\/2026\/01\/20\/gobierno-de-poza-rica-impulsa-atencion-ciudadana-con-miercoles-de-puertas-abiertas\/","title":{"rendered":"Gobierno de Poza Rica impulsa atenci\u00f3n ciudadana con \u201cMi\u00e9rcoles de Puertas Abiertas\u201d"},"content":{"rendered":"\n<figure class=\"wp-block-image size-full\"><img loading=\"lazy\" decoding=\"async\" width=\"1290\" height=\"1588\" data-attachment-id=\"119575\" data-permalink=\"https:\/\/www.noticiasperfil.com\/index\/2026\/01\/20\/gobierno-de-poza-rica-impulsa-atencion-ciudadana-con-miercoles-de-puertas-abiertas\/miercoles-puertas-abiertas\/\" data-orig-file=\"https:\/\/i0.wp.com\/www.noticiasperfil.com\/index\/wp-content\/uploads\/2026\/02\/miercoles-puertas-abiertas.jpeg?fit=1290%2C1588&amp;ssl=1\" data-orig-size=\"1290,1588\" data-comments-opened=\"1\" data-image-meta=\"{&quot;aperture&quot;:&quot;0&quot;,&quot;credit&quot;:&quot;&quot;,&quot;camera&quot;:&quot;&quot;,&quot;caption&quot;:&quot;&quot;,&quot;created_timestamp&quot;:&quot;0&quot;,&quot;copyright&quot;:&quot;&quot;,&quot;focal_length&quot;:&quot;0&quot;,&quot;iso&quot;:&quot;0&quot;,&quot;shutter_speed&quot;:&quot;0&quot;,&quot;title&quot;:&quot;&quot;,&quot;orientation&quot;:&quot;0&quot;}\" data-image-title=\"miercoles-puertas-abiertas\" data-image-description=\"\" data-medium-file=\"https:\/\/i0.wp.com\/www.noticiasperfil.com\/index\/wp-content\/uploads\/2026\/02\/miercoles-puertas-abiertas.jpeg?fit=660%2C365&amp;ssl=1\" data-large-file=\"https:\/\/i0.wp.com\/www.noticiasperfil.com\/index\/wp-content\/uploads\/2026\/02\/miercoles-puertas-abiertas.jpeg?fit=640%2C366&amp;ssl=1\" src=\"https:\/\/i0.wp.com\/www.noticiasperfil.com\/index\/wp-content\/uploads\/2026\/02\/miercoles-puertas-abiertas.jpeg?fit=1290%2C1588&amp;ssl=1\" alt=\"\" class=\"wp-image-119575\" srcset=\"https:\/\/i0.wp.com\/www.noticiasperfil.com\/index\/wp-content\/uploads\/2026\/02\/miercoles-puertas-abiertas.jpeg?w=1290&amp;ssl=1 1290w, https:\/\/i0.wp.com\/www.noticiasperfil.com\/index\/wp-content\/uploads\/2026\/02\/miercoles-puertas-abiertas.jpeg?resize=1248%2C1536&amp;ssl=1 1248w\" sizes=\"auto, (max-width: 640px) 100vw, 640px\" \/><\/figure>\n\n\n\n<p><strong>Poza Rica,\u00a0Ver. martes 20 de enero de 2026.-\u00a0<\/strong>Con el objetivo de fortalecer la cercan\u00eda entre el gobierno municipal y la ciudadan\u00eda, el Gobierno de Poza Rica llevar\u00e1 a cabo el programa \u201cMi\u00e9rcoles de Puertas Abiertas\u201d, una jornada de atenci\u00f3n directa a la poblaci\u00f3n encabezada por la Presidenta Municipal,\u00a0Adanely\u00a0Rodr\u00edguez, en coordinaci\u00f3n con regidores y funcionarios municipales.<\/p>\n\n\n\n<p>La actividad se realizar\u00e1 en la explanada del Palacio Municipal el pr\u00f3ximo 21 de enero, a partir de las 08:00 horas, donde las y los ciudadanos podr\u00e1n plantear de manera directa sus solicitudes, inquietudes y propuestas ante las autoridades locales.<\/p>\n\n\n\n<p>Este ejercicio de gobierno abierto busca escuchar de primera mano las necesidades de la poblaci\u00f3n y dar seguimiento puntual a cada planteamiento, reafirmando el compromiso de la administraci\u00f3n municipal con un gobierno cercano, accesible y sensible a las demandas sociales.<\/p>\n\n\n\n<p>El Gobierno de Poza Rica reiter\u00f3 la invitaci\u00f3n a la ciudadan\u00eda a participar en esta jornada, que forma parte de las acciones permanentes para fortalecer la atenci\u00f3n ciudadana y construir soluciones conjuntas en beneficio del municipio.<\/p>\n","protected":false},"excerpt":{"rendered":"<p>Poza Rica,\u00a0Ver. martes 20 de enero de 2026.-\u00a0Con el objetivo de fortalecer la cercan\u00eda entre el gobierno municipal y la ciudadan\u00eda, el Gobierno de Poza Rica llevar\u00e1 a cabo el programa \u201cMi\u00e9rcoles de Puertas Abiertas\u201d, una jornada de atenci\u00f3n directa a la poblaci\u00f3n encabezada por la Presidenta Municipal,\u00a0Adanely\u00a0Rodr\u00edguez, en coordinaci\u00f3n con regidores y funcionarios municipales. La actividad se realizar\u00e1 en la explanada del Palacio Municipal el pr\u00f3ximo 21 de enero, a partir de las 08:00 horas, donde las y los ciudadanos podr\u00e1n plantear de manera directa sus solicitudes, inquietudes y&hellip;<\/p>\n","protected":false},"author":1,"featured_media":119575,"comment_status":"open","ping_status":"closed","sticky":false,"template":"","format":"standard","meta":{"footnotes":""},"categories":[10679,10603],"tags":[],"class_list":["post-119574","post","type-post","status-publish","format-standard","has-post-thumbnail","hentry","category-poza-rica","category-zona-norte"],"jetpack-related-posts":[],"_links":{"self":[{"href":"https:\/\/www.noticiasperfil.com\/index\/wp-json\/wp\/v2\/posts\/119574","targetHints":{"allow":["GET"]}}],"collection":[{"href":"https:\/\/www.noticiasperfil.com\/index\/wp-json\/wp\/v2\/posts"}],"about":[{"href":"https:\/\/www.noticiasperfil.com\/index\/wp-json\/wp\/v2\/types\/post"}],"author":[{"embeddable":true,"href":"https:\/\/www.noticiasperfil.com\/index\/wp-json\/wp\/v2\/users\/1"}],"replies":[{"embeddable":true,"href":"https:\/\/www.noticiasperfil.com\/index\/wp-json\/wp\/v2\/comments?post=119574"}],"version-history":[{"count":1,"href":"https:\/\/www.noticiasperfil.com\/index\/wp-json\/wp\/v2\/posts\/119574\/revisions"}],"predecessor-version":[{"id":119576,"href":"https:\/\/www.noticiasperfil.com\/index\/wp-json\/wp\/v2\/posts\/119574\/revisions\/119576"}],"wp:featuredmedia":[{"embeddable":true,"href":"https:\/\/www.noticiasperfil.com\/index\/wp-json\/wp\/v2\/media\/119575"}],"wp:attachment":[{"href":"https:\/\/www.noticiasperfil.com\/index\/wp-json\/wp\/v2\/media?parent=119574"}],"wp:term":[{"taxonomy":"category","embeddable":true,"href":"https:\/\/www.noticiasperfil.com\/index\/wp-json\/wp\/v2\/categories?post=119574"},{"taxonomy":"post_tag","embeddable":true,"href":"https:\/\/www.noticiasperfil.com\/index\/wp-json\/wp\/v2\/tags?post=119574"}],"curies":[{"name":"wp","href":"https:\/\/api.w.org\/{rel}","templated":true}]}}